{"id":121785,"date":"2025-12-17T19:28:00","date_gmt":"2025-12-17T22:28:00","guid":{"rendered":"https:\/\/bluestudio.estadao.com.br\/agencia-de-comunicacao\/prnewswire\/iniciativa-years-of-culture-do-catar-anuncia-paises-parceiros-para-2026-e-2027\/"},"modified":"2025-12-17T19:28:00","modified_gmt":"2025-12-17T22:28:00","slug":"iniciativa-years-of-culture-do-catar-anuncia-paises-parceiros-para-2026-e-2027","status":"publish","type":"post","link":"https:\/\/bluestudio.estadao.com.br\/agencia-de-comunicacao\/prnewswire\/iniciativa-years-of-culture-do-catar-anuncia-paises-parceiros-para-2026-e-2027\/","title":{"rendered":"Iniciativa Years of Culture do Catar anuncia pa\u00edses parceiros para 2026 e 2027"},"content":{"rendered":"\n<div class=\"xn-content\">\n<span class=\"legendSpanClass\">DOHA, Catar<\/span>, <span class=\"legendSpanClass\">17 de dezembro de 2025<\/span> \/PRNewswire\/ &#8212; A iniciativa Years of Culture anunciou planos para uma nova s\u00e9rie de parcerias culturais com pa\u00edses de todo o mundo, celebrando o respeito m\u00fatuo, o interc\u00e2mbio cultural e a colabora\u00e7\u00e3o global. As pr\u00f3ximas parcerias incluir\u00e3o Canad\u00e1 e M\u00e9xico (2026) e Egito e Gr\u00e9cia (2027).<\/p>\n<div id=\"prni_dvprnejpg0029left\" dir=\"ltr\" style=\"width: 100%;text-align: left\"><img decoding=\"async\" id=\"prnejpg0029left\" title=\"Years of Culture\" src=\"https:\/\/mma.prnewswire.com\/media\/2839631\/Years_of_Culture_Logo.jpg\" alt=\"Years of Culture\" align=\"middle\" \/><\/div>\n<p><b>Sua Excel\u00eancia Sheikha Al Mayassa bint Hamad bin Khalifa Al Thani<\/b>, presidente da iniciativa Years of Culture, afirmou: &#8220;O Years of Culture \u00e9 um dos nossos programas mais gratificantes. Criado como um legado da Copa do Mundo da FIFA 2022, o programa vem promovendo a compreens\u00e3o entre pa\u00edses h\u00e1 mais de uma d\u00e9cada. O programa foi concebido para levar a nossa cultura a diferentes continentes e apresentar nossos valores e talentos a novos p\u00fablicos, ao mesmo tempo em que celebramos, em contrapartida, a cultura de outras na\u00e7\u00f5es aqui, no Catar. Neste ano, recebemos Argentina e Chile. No pr\u00f3ximo ano, entraremos em interc\u00e2mbio com M\u00e9xico e Canad\u00e1, seguidos por Egito e Gr\u00e9cia em 2027&#8221;.<\/p>\n<p>Lan\u00e7ada em 2012, a iniciativa Years of Culture constr\u00f3i rela\u00e7\u00f5es de longo prazo entre o Catar e pa\u00edses parceiros por meio de uma s\u00e9rie de interc\u00e2mbios culturais, educacionais, empresariais e criativos. A iniciativa reflete a convic\u00e7\u00e3o do Catar de que a colabora\u00e7\u00e3o cultural fortalece o di\u00e1logo, aprofunda os la\u00e7os internacionais e promove a compreens\u00e3o entre na\u00e7\u00f5es.<\/p>\n<p>O Ano da Cultura de 2026, realizado com Canad\u00e1 e M\u00e9xico, carrega uma simetria especial. A Copa do Mundo da FIFA 26(TM), coorganizada por Canad\u00e1, M\u00e9xico e Estados Unidos, \u00e9 o mesmo torneio que inspirou a cria\u00e7\u00e3o da iniciativa Years of Culture, quando o Catar venceu a candidatura para sediar o evento.<\/p>\n<p>Em sintonia com o esp\u00edrito de uni\u00e3o global representado pelos jogos, essa colabora\u00e7\u00e3o com os pr\u00f3ximos pa\u00edses-sede da Copa do Mundo destacar\u00e1 a capacidade do futebol de conectar culturas. Mais programas ser\u00e3o apresentados como projetos de legado do Ano da Cultura Catar-EUA 2021.<\/p>\n<p>Em 2027, o Catar homenagear\u00e1 os legados culturais do Egito e da Gr\u00e9cia, duas civiliza\u00e7\u00f5es que moldaram a hist\u00f3ria mundial e continuam a influenciar a cultura, a filosofia e a arte contempor\u00e2neas.<\/p>\n<p>Ao longo de cada Ano de Cultura, o Catar colabora de perto com institui\u00e7\u00f5es culturais, embaixadas, artistas e educadores para apresentar um calend\u00e1rio diversificado de exposi\u00e7\u00f5es, festivais, feiras comerciais, resid\u00eancias art\u00edsticas, interc\u00e2mbios acad\u00eamicos e eventos p\u00fablicos em ambos os pa\u00edses. As programa\u00e7\u00f5es frequentemente t\u00eam in\u00edcio antes do ano oficial e se estendem muito al\u00e9m dele, criando legados e rela\u00e7\u00f5es de longo prazo.<\/p>\n<p>Desde a sua cria\u00e7\u00e3o, a iniciativa Years of Culture estabeleceu parcerias com Jap\u00e3o (2012), Reino Unido (2013), Brasil (2014), Turquia (2015), China (2016), Alemanha (2017), R\u00fassia (2018), \u00cdndia (2019), Fran\u00e7a (2020), Estados Unidos (2021), a regi\u00e3o MENASA (2022), Indon\u00e9sia (2023) e Marrocos (2024). Atualmente, o Catar celebra o Ano da Cultura com Argentina e Chile (2025).<\/p>\n<p>Para mais informa\u00e7\u00f5es, acesse <u><a href=\"https:\/\/edge.prnewswire.com\/c\/link\/?t=0&amp;l=pt&amp;o=4581894-1&amp;h=2362010549&amp;u=https%3A%2F%2Fedge.prnewswire.com%2Fc%2Flink%2F%3Ft%3D0%26l%3Den%26o%3D4581894-1%26h%3D3730473144%26u%3Dhttp%253A%252F%252Fwww.yearsofculture.qa%252F%26a%3Dwww.yearsofculture.qa&amp;a=www.yearsofculture.qa\" target=\"_blank\" rel=\"nofollow\">www.yearsofculture.qa<\/a><\/u> ou siga @yearsofculture nas redes sociais.<\/p>\n<p>Logo &#8211; <a href=\"https:\/\/edge.prnewswire.com\/c\/link\/?t=0&amp;l=pt&amp;o=4581894-1&amp;h=2063827827&amp;u=https%3A%2F%2Fedge.prnewswire.com%2Fc%2Flink%2F%3Ft%3D0%26l%3Den%26o%3D4581894-1%26h%3D2721828259%26u%3Dhttps%253A%252F%252Fmma.prnewswire.com%252Fmedia%252F2839631%252FYears_of_Culture_Logo.jpg%26a%3Dhttps%253A%252F%252Fmma.prnewswire.com%252Fmedia%252F2839631%252FYears_of_Culture_Logo.jpg&amp;a=https%3A%2F%2Fmma.prnewswire.com%2Fmedia%2F2839631%2FYears_of_Culture_Logo.jpg\" target=\"_blank\" rel=\"nofollow\">https:\/\/mma.prnewswire.com\/media\/2839631\/Years_of_Culture_Logo.jpg<\/a><\/p>\n<p id=\"PURL\"><img loading=\"lazy\" decoding=\"async\" title=\"Cision\" width=\"12\" height=\"12\" alt=\"Cision\" src=\"https:\/\/edge.prnewswire.com\/c\/img\/favicon.png?sn=PT48881&amp;sd=2025-12-17\" \/> View original content:<a id=\"PRNURL\" rel=\"nofollow\" href=\"https:\/\/www.prnewswire.com\/br\/comunicados-para-a-imprensa\/iniciativa-years-of-culture-do-catar-anuncia-paises-parceiros-para-2026-e-2027-302645209.html\" target=\"_blank\">https:\/\/www.prnewswire.com\/br\/comunicados-para-a-imprensa\/iniciativa-years-of-culture-do-catar-anuncia-paises-parceiros-para-2026-e-2027-302645209.html<\/a><\/p>\n<p>FONTE Years of Culture<\/p>\n<\/div>\n<p>  <img decoding=\"async\" alt=\"\" src=\"https:\/\/rt.prnewswire.com\/rt.gif?NewsItemId=PT48881&amp;Transmission_Id=202512171724PR_NEWS_LATAM____PT48881&amp;DateId=20251217\" style=\"border:0px;width:1px;height:1px\" \/><\/p>\n<p><strong>T\u00f3picos Relacionados:<\/strong> Arte, Cultura e Design, Esportes, Eventos Esportivos, Entretenimento<\/p>\n<p>A <b>OESP<\/b> n\u00e3o \u00e9(s\u00e3o) respons\u00e1vel(is) por erros, incorre\u00e7\u00f5es, atrasos ou quaisquer decis\u00f5es tomadas por seus clientes com base nos Conte\u00fados ora disponibilizados, bem como tais Conte\u00fados n\u00e3o representam a opini\u00e3o da <b>OESP<\/b> e s\u00e3o de inteira responsabilidade da <b>PR Newswire Ltda<\/b><\/p>\n","protected":false},"excerpt":{"rendered":"DOHA, Catar, 17 de dezembro de 2025 \/PRNewswire\/ &#8212; A iniciativa Years of Culture anunciou planos para uma nova s\u00e9rie de parcerias culturais com pa\u00edses de todo o mundo, celebrando o respeito","protected":false},"author":1,"featured_media":121786,"comment_status":"open","ping_status":"closed","sticky":false,"template":"","format":"standard","meta":{"_acf_changed":false,"inline_featured_image":false,"_monsterinsights_skip_tracking":false,"_monsterinsights_sitenote_active":false,"_monsterinsights_sitenote_note":"","_monsterinsights_sitenote_category":0,"footnotes":""},"categories":[27],"tags":[5749,5750,5751],"class_list":["post-121785","post","type-post","status-publish","format-standard","has-post-thumbnail","hentry","category-prnewswire","tag-a-iniciativa-years-of-culture-anunciou-planos-para-uma-nova-serie-de-parcerias-culturais-com-paises-de-todo-o-mundo","tag-celebrando-o-respeito-mutuo","tag-o-intercambio-cultural-e-a-colabo"],"acf":[],"_links":{"self":[{"href":"https:\/\/bluestudio.estadao.com.br\/agencia-de-comunicacao\/wp-json\/wp\/v2\/posts\/121785","targetHints":{"allow":["GET"]}}],"collection":[{"href":"https:\/\/bluestudio.estadao.com.br\/agencia-de-comunicacao\/wp-json\/wp\/v2\/posts"}],"about":[{"href":"https:\/\/bluestudio.estadao.com.br\/agencia-de-comunicacao\/wp-json\/wp\/v2\/types\/post"}],"author":[{"embeddable":true,"href":"https:\/\/bluestudio.estadao.com.br\/agencia-de-comunicacao\/wp-json\/wp\/v2\/users\/1"}],"replies":[{"embeddable":true,"href":"https:\/\/bluestudio.estadao.com.br\/agencia-de-comunicacao\/wp-json\/wp\/v2\/comments?post=121785"}],"version-history":[{"count":0,"href":"https:\/\/bluestudio.estadao.com.br\/agencia-de-comunicacao\/wp-json\/wp\/v2\/posts\/121785\/revisions"}],"wp:featuredmedia":[{"embeddable":true,"href":"https:\/\/bluestudio.estadao.com.br\/agencia-de-comunicacao\/wp-json\/wp\/v2\/media\/121786"}],"wp:attachment":[{"href":"https:\/\/bluestudio.estadao.com.br\/agencia-de-comunicacao\/wp-json\/wp\/v2\/media?parent=121785"}],"wp:term":[{"taxonomy":"category","embeddable":true,"href":"https:\/\/bluestudio.estadao.com.br\/agencia-de-comunicacao\/wp-json\/wp\/v2\/categories?post=121785"},{"taxonomy":"post_tag","embeddable":true,"href":"https:\/\/bluestudio.estadao.com.br\/agencia-de-comunicacao\/wp-json\/wp\/v2\/tags?post=121785"}],"curies":[{"name":"wp","href":"https:\/\/api.w.org\/{rel}","templated":true}]}}