{"id":121747,"date":"2025-12-17T13:12:00","date_gmt":"2025-12-17T16:12:00","guid":{"rendered":"https:\/\/bluestudio.estadao.com.br\/agencia-de-comunicacao\/prnewswire\/indrive-lanca-categoria-comfort-no-brasil-para-viagens-mais-confortaveis-e-com-precos-justos\/"},"modified":"2025-12-17T13:12:00","modified_gmt":"2025-12-17T16:12:00","slug":"indrive-lanca-categoria-comfort-no-brasil-para-viagens-mais-confortaveis-e-com-precos-justos","status":"publish","type":"post","link":"https:\/\/bluestudio.estadao.com.br\/agencia-de-comunicacao\/prnewswire\/indrive-lanca-categoria-comfort-no-brasil-para-viagens-mais-confortaveis-e-com-precos-justos\/","title":{"rendered":"inDrive lan\u00e7a categoria &#8216;Comfort&#8217; no Brasil, para viagens mais confort\u00e1veis e com pre\u00e7os justos"},"content":{"rendered":"\n<div class=\"xn-content\">\n<p class=\"prntac\"><i>Ap\u00f3s chegada a S\u00e3o Paulo, novidade integra portf\u00f3lio da plataforma global de mobilidade e servi\u00e7os em cidades selecionadas, como Rio de Janeiro, Recife, Manaus, Bras\u00edlia, Curitiba, Porto Alegre e Campo Grande<\/i><\/p>\n<div class=\"PRN_ImbeddedAssetReference\" id=\"DivAssetPlaceHolder7697\">\n<a href=\"https:\/\/mma.prnewswire.com\/media\/2847768\/inDrive_Comfort_Class.html\" target=\"_blank\" rel=\"nofollow\"><img decoding=\"async\" src=\"https:\/\/mma.prnewswire.com\/media\/2847768\/inDrive_Comfort_Class.jpg\" title=\"\" alt=\"\" \/><\/a><\/p>\n<\/div>\n<p id=\"temp_ReleaseStart\"><span class=\"legendSpanClass\">S\u00c3O PAULO<\/span>, <span class=\"legendSpanClass\">17 de dezembro de 2025<\/span> \/PRNewswire\/ &#8212; A inDrive, plataforma global de mobilidade e servi\u00e7os urbanos, anuncia o lan\u00e7amento da categoria <i>Comfort<\/i> no Brasil, uma op\u00e7\u00e3o de viagens com carros de padr\u00e3o superior, com mais conforto e pre\u00e7os justos no modelo de negocia\u00e7\u00e3o <i>peer-to-peer<\/i>, no qual o valor \u00e9 combinado entre passageiro e motorista parceiro antes das corridas. A novidade, j\u00e1 implementada este ano em S\u00e3o Paulo, integra o portf\u00f3lio da plataforma de forma permanente, e foi lan\u00e7ada em novembro, em cidades selecionadas: Bras\u00edlia, Curitiba, Boa Vista, Recife, Manaus, Rio de Janeiro, Campo Grande, Porto Alegre, Uberaba e Governador Valadares.<\/p>\n<p class=\"prntal\">A expans\u00e3o responde a quem busca mais conforto sem abrir m\u00e3o da liberdade de escolha e do pre\u00e7o justo: o passageiro decide quando optar por ve\u00edculos de qualidade superior, com um valor combinado previamente. Para os motoristas parceiros, o novo servi\u00e7o amplia a oferta de pedidos mais qualificados e abre espa\u00e7o para ganhos ainda mais consistentes, com autonomia para aceitar as corridas com mais seguran\u00e7a.<\/p>\n<p class=\"prntal\"><i>&#8220;A inDrive \u00e9 uma plataforma moldada por necessidades reais e oferecer uma categoria premium mostra escuta ativa aos nossos usu\u00e1rios. Com o lan\u00e7amento, buscamos expandir perfis de viagem e elevar o n\u00edvel de qualidade percebida por motoristas parceiros e passageiros, sem perder a experi\u00eancia de pre\u00e7o justo e liberdade de escolha, que \u00e9 o diferencial do modelo inDrive&#8221;,<\/i> explica <b>Stefano Mazzaferro, Country Manager da inDrive no Brasil<\/b>.<\/p>\n<p class=\"prntal\">Na pr\u00e1tica, o funcionamento no app permanece o mesmo: o passageiro seleciona a categoria <i>Comfort<\/i>, prop\u00f5e o valor da viagem e recebe contrapropostas de motoristas parceiros cujos ve\u00edculos atendem aos requisitos da nova categoria e possuem uma boa reputa\u00e7\u00e3o e avalia\u00e7\u00e3o na inDrive. O pre\u00e7o \u00e9 definido por acordo entre eles antes do deslocamento, garantindo previsibilidade, clareza e uma experi\u00eancia transparente e justa que diferencia a inDrive no mercado.<\/p>\n<p class=\"prntal\">Nos pr\u00f3ximos meses, al\u00e9m da implementa\u00e7\u00e3o da nova categoria nas cidades selecionadas, a inDrive far\u00e1 comunica\u00e7\u00f5es no app para orientar passageiros e motoristas parceiros. Ao integrar o <i>Comfort<\/i> ao seu portf\u00f3lio de intermedia\u00e7\u00e3o de transporte individual no Brasil, a marca cria ainda mais op\u00e7\u00f5es de viagens para seus usu\u00e1rios e oportunidades de ganhos para seus parceiros &#8212; um movimento alinhado \u00e0 sua estrat\u00e9gia de ser uma plataforma centrada nas pessoas no mercado de mobilidade brasileiro. Confira <a href=\"https:\/\/promotion.indrive.com\/pt\/rh\/ww\/exec-media-comfort\" target=\"_blank\" rel=\"nofollow\">aqui<\/a> a lista de ve\u00edculos aceitos na nova categoria em cada cidade onde inDrive oferece o servi\u00e7o.<\/p>\n<p class=\"prntal\"><b>Sobre a inDrive<\/b>:<\/p>\n<p class=\"prntal\">A inDrive \u00e9 uma plataforma global de mobilidade e servi\u00e7os urbanos. Seu aplicativo foi baixado mais de 360 milh\u00f5es de vezes e foi o segundo app de mobilidade com mais downloads pelo terceiro ano consecutivo. Al\u00e9m da intermedia\u00e7\u00e3o de transporte individual de passageiros por aplicativo, a inDrive oferece uma lista crescente de servi\u00e7os urbanos, incluindo intermedia\u00e7\u00e3o de transporte individual de passageiros intermunicipal e de entregas. Em 2023, a empresa lan\u00e7ou o New Ventures, um bra\u00e7o de empreendimentos e fus\u00f5es e aquisi\u00e7\u00f5es.<\/p>\n<p class=\"prntal\">A inDrive opera em 982 cidades em 48 pa\u00edses. Motivada pela miss\u00e3o de desafiar a injusti\u00e7a social, a empresa est\u00e1 comprometida em ter um impacto positivo na vida de um bilh\u00e3o de pessoas at\u00e9 2030. Buscamos esse objetivo tanto por meio de seu neg\u00f3cio principal, que apoia comunidades locais com um modelo de pre\u00e7os justos; quanto por meio do trabalho da inVision, seu bra\u00e7o sem fins lucrativos. Os programas de empoderamento comunit\u00e1rio da inVision ajudam a promover educa\u00e7\u00e3o, esportes, artes e ci\u00eancias, igualdade de g\u00eanero e outras iniciativas vitais.<\/p>\n<p class=\"prntal\"><b>Siga-nos em<\/b>:  <br \/>Facebook:<a href=\"https:\/\/www.facebook.com\/indrive.brasil\" target=\"_blank\" rel=\"nofollow\"> <\/a><a href=\"https:\/\/www.facebook.com\/indrive.brasil\" target=\"_blank\" rel=\"nofollow\">https:\/\/www.facebook.com\/indrive.brasil<\/a><br \/>Instagram:<a href=\"https:\/\/www.instagram.com\/indrive.br\/\" target=\"_blank\" rel=\"nofollow\"> <\/a><a href=\"https:\/\/www.instagram.com\/indrive.br\" target=\"_blank\" rel=\"nofollow\">https:\/\/www.instagram.com\/indrive.br<\/a><br \/>TikTok:<a href=\"https:\/\/www.tiktok.com\/@indrive.br\" target=\"_blank\" rel=\"nofollow\"> <\/a><a href=\"https:\/\/www.tiktok.com\/@indrive.br\" target=\"_blank\" rel=\"nofollow\">https:\/\/www.tiktok.com\/@indrive.br<\/a>  <\/p>\n<p class=\"prntal\">Foto &#8211; <a href=\"https:\/\/mma.prnewswire.com\/media\/2847768\/inDrive_Comfort_Class.jpg\" target=\"_blank\" rel=\"nofollow\">https:\/\/mma.prnewswire.com\/media\/2847768\/inDrive_Comfort_Class.jpg<\/a><\/p>\n<div class=\"PRN_ImbeddedAssetReference\" id=\"DivAssetPlaceHolder0\"><\/div>\n<p id=\"PURL\"><img loading=\"lazy\" decoding=\"async\" title=\"Cision\" width=\"12\" height=\"12\" alt=\"Cision\" src=\"https:\/\/edge.prnewswire.com\/c\/img\/favicon.png?sn=PT49766&amp;sd=2025-12-17\" \/> View original content to download multimedia:<a id=\"PRNURL\" rel=\"nofollow\" href=\"https:\/\/www.prnewswire.com\/br\/comunicados-para-a-imprensa\/indrive-lanca-categoria-comfort-no-brasil-para-viagens-mais-confortaveis-e-com-precos-justos-302644795.html\" target=\"_blank\">https:\/\/www.prnewswire.com\/br\/comunicados-para-a-imprensa\/indrive-lanca-categoria-comfort-no-brasil-para-viagens-mais-confortaveis-e-com-precos-justos-302644795.html<\/a><\/p>\n<p>FONTE inDrive<\/p>\n<\/div>\n<p>  <img decoding=\"async\" alt=\"\" src=\"https:\/\/rt.prnewswire.com\/rt.gif?NewsItemId=PT49766&amp;Transmission_Id=202512171100PR_NEWS_LATAM____PT49766&amp;DateId=20251217\" style=\"border:0px;width:1px;height:1px\" \/><\/p>\n<p><strong>T\u00f3picos Relacionados:<\/strong> Transporte \/ Caminh\u00f5es \/ Ferrovias, Automotivo, Telecomunica\u00e7\u00f5es, Dispositivos M\u00f3veis\/Aplicativos<\/p>\n<p>A <b>OESP<\/b> n\u00e3o \u00e9(s\u00e3o) respons\u00e1vel(is) por erros, incorre\u00e7\u00f5es, atrasos ou quaisquer decis\u00f5es tomadas por seus clientes com base nos Conte\u00fados ora disponibilizados, bem como tais Conte\u00fados n\u00e3o representam a opini\u00e3o da <b>OESP<\/b> e s\u00e3o de inteira responsabilidade da <b>PR Newswire Ltda<\/b><\/p>\n","protected":false},"excerpt":{"rendered":"Ap\u00f3s chegada a S\u00e3o Paulo, novidade integra portf\u00f3lio da plataforma global de mobilidade e servi\u00e7os em cidades selecionadas, como Rio de Janeiro, Recife, Manaus, Bras\u00edlia, Curitiba, Porto Alegre e","protected":false},"author":1,"featured_media":121748,"comment_status":"open","ping_status":"closed","sticky":false,"template":"","format":"standard","meta":{"_acf_changed":false,"inline_featured_image":false,"_monsterinsights_skip_tracking":false,"_monsterinsights_sitenote_active":false,"_monsterinsights_sitenote_note":"","_monsterinsights_sitenote_category":0,"footnotes":""},"categories":[27],"tags":[5725,441,5727,5730,5729,5726,5731,5728],"class_list":["post-121747","post","type-post","status-publish","format-standard","has-post-thumbnail","hentry","category-prnewswire","tag-apos-chegada-a-sao-paulo","tag-brasilia","tag-como-rio-de-janeiro","tag-curitiba","tag-manaus","tag-novidade-integra-portfolio-da-plataforma-global-de-mobilidade-e-servicos-em-cidades-selecionadas","tag-porto-alegre-e-campo-grande","tag-recife"],"acf":[],"_links":{"self":[{"href":"https:\/\/bluestudio.estadao.com.br\/agencia-de-comunicacao\/wp-json\/wp\/v2\/posts\/121747","targetHints":{"allow":["GET"]}}],"collection":[{"href":"https:\/\/bluestudio.estadao.com.br\/agencia-de-comunicacao\/wp-json\/wp\/v2\/posts"}],"about":[{"href":"https:\/\/bluestudio.estadao.com.br\/agencia-de-comunicacao\/wp-json\/wp\/v2\/types\/post"}],"author":[{"embeddable":true,"href":"https:\/\/bluestudio.estadao.com.br\/agencia-de-comunicacao\/wp-json\/wp\/v2\/users\/1"}],"replies":[{"embeddable":true,"href":"https:\/\/bluestudio.estadao.com.br\/agencia-de-comunicacao\/wp-json\/wp\/v2\/comments?post=121747"}],"version-history":[{"count":0,"href":"https:\/\/bluestudio.estadao.com.br\/agencia-de-comunicacao\/wp-json\/wp\/v2\/posts\/121747\/revisions"}],"wp:featuredmedia":[{"embeddable":true,"href":"https:\/\/bluestudio.estadao.com.br\/agencia-de-comunicacao\/wp-json\/wp\/v2\/media\/121748"}],"wp:attachment":[{"href":"https:\/\/bluestudio.estadao.com.br\/agencia-de-comunicacao\/wp-json\/wp\/v2\/media?parent=121747"}],"wp:term":[{"taxonomy":"category","embeddable":true,"href":"https:\/\/bluestudio.estadao.com.br\/agencia-de-comunicacao\/wp-json\/wp\/v2\/categories?post=121747"},{"taxonomy":"post_tag","embeddable":true,"href":"https:\/\/bluestudio.estadao.com.br\/agencia-de-comunicacao\/wp-json\/wp\/v2\/tags?post=121747"}],"curies":[{"name":"wp","href":"https:\/\/api.w.org\/{rel}","templated":true}]}}