{"id":121651,"date":"2025-12-16T17:57:00","date_gmt":"2025-12-16T20:57:00","guid":{"rendered":"https:\/\/bluestudio.estadao.com.br\/agencia-de-comunicacao\/prnewswire\/lg-celebra-10-anos-como-lider-em-ar-condicionado-na-america-latina\/"},"modified":"2025-12-16T17:57:00","modified_gmt":"2025-12-16T20:57:00","slug":"lg-celebra-10-anos-como-lider-em-ar-condicionado-na-america-latina","status":"publish","type":"post","link":"https:\/\/bluestudio.estadao.com.br\/agencia-de-comunicacao\/prnewswire\/lg-celebra-10-anos-como-lider-em-ar-condicionado-na-america-latina\/","title":{"rendered":"LG celebra 10 anos como l\u00edder em ar-condicionado na Am\u00e9rica Latina"},"content":{"rendered":"\n<div class=\"xn-content\">\n<p class=\"prntac\"><i><span>Inteligencia artificial ainda mais avan\u00e7ada, economia de energia com a exclusiva Tecnologia DUAL Inverter, conectividade e mais durabilidade consolidam uma d\u00e9cada de lideran\u00e7a de mercado<\/span><\/i><\/p>\n<p id=\"temp_ReleaseStart\"><span class=\"legendSpanClass\">S\u00c3O PAULO<\/span>, <span class=\"legendSpanClass\">16 de dezembro de 2025<\/span> <span>\/PRNewswire\/ &#8212; A LG Electronics comemora o marco hist\u00f3rico de uma d\u00e9cada de lideran\u00e7a ininterrupta no mercado de ar-condicionado residencial na Am\u00e9rica Latina, conforme dados da renomada empresa de pesquisa de mercado Euromonitor International (2015-2024). Essa conquista \u00e9 o resultado de uma estrat\u00e9gia consistente focada em pilares que revolucionaram a experi\u00eancia do consumidor: tecnologia, efici\u00eancia energ\u00e9tica, durabilidade comprovada e inova\u00e7\u00e3o inteligente. <\/span><\/p>\n<div class=\"PRN_ImbeddedAssetReference\" id=\"DivAssetPlaceHolder1\">\n<a href=\"https:\/\/mma.prnewswire.com\/media\/2847138\/Imagem1.html\" target=\"_blank\" rel=\"nofollow\">  <img decoding=\"async\" src=\"https:\/\/mma.prnewswire.com\/media\/2847138\/Imagem1.jpg\" title=\"Divulga\u00e7\u00e3o LG\" alt=\"Divulga\u00e7\u00e3o LG\" \/><\/a>\n <\/p>\n<\/p><\/div>\n<p class=\"prntal\">O ponto central que garantiu \u00e0 marca 10 anos \u00e9 o seu investimento em tecnologia de ponta, que se reflete, naturalmente, no compressor <b>Dual Inverter<\/b>. Mais do que um componente, ele \u00e9 o motor que entrega um desempenho superior, climatizando os ambientes com muito mais rapidez e gerando uma economia de energia significativa, que faz a diferen\u00e7a na conta de luz. Esse compromisso com a qualidade e a durabilidade \u00e9 t\u00e3o s\u00e9rio que a LG oferece uma <b>garantia de 10 anos no compressor<\/b>, um s\u00edmbolo de confian\u00e7a e tranquilidade para quem escolhe a marca.<\/p>\n<p class=\"prntal\">&#8220;Alcan\u00e7ar uma d\u00e9cada de lideran\u00e7a na Am\u00e9rica Latina \u00e9 o reflexo de um compromisso cont\u00ednuo com a inova\u00e7\u00e3o que faz a diferen\u00e7a real na vida das pessoas&#8221;, afirma <b>Lucas Nogueira, Gerente de Produto de Ar-Condicionado Residencial da LG Electronics do Brasil<\/b>. &#8220;N\u00e3o se trata apenas de liderar em vendas, mas de liderar em confian\u00e7a, entregando um produto que oferece economia de energia real com o Dual Inverter, a tranquilidade da garantia de 10 anos e, agora, uma experi\u00eancia de conforto que se antecipa \u00e0s necessidades do usu\u00e1rio com a nossa Intelig\u00eancia Artificial embarcada. O DUAL Inverter AI Air \u00e9 a materializa\u00e7\u00e3o dessa filosofia: tecnologia avan\u00e7ada que trabalha para o seu bem-estar.&#8221;<\/p>\n<p class=\"prntal\">Agora, a LG eleva a experi\u00eancia de climatiza\u00e7\u00e3o a um novo patamar, refor\u00e7ando sua posi\u00e7\u00e3o na vanguarda da inova\u00e7\u00e3o com um forte investimento em Intelig\u00eancia Artificial. A empresa est\u00e1 definindo o futuro do conforto dom\u00e9stico com uma das AIs embarcadas mais avan\u00e7adas do setor. Diferente de sistemas passivos, a AI da LG aprende ativamente com o usu\u00e1rio e o novo LG <b>DUAL Inverter AI Air<\/b> \u00e9 a maior prova disso.<\/p>\n<p class=\"prntal\">Equipado com a tecnologia <b>Intelig\u00eancia Artificial 3.5<\/b>, ele analisa os padr\u00f5es de uso, as temperaturas preferidas e at\u00e9 os hor\u00e1rios em que a fam\u00edlia costuma estar em casa, antecipando as necessidades e ajustando o ambiente de forma aut\u00f4noma. Fun\u00e7\u00f5es como a <b>Soft Air<\/b>, que cria uma brisa suave e agrad\u00e1vel, s\u00e3o o resultado dessa intelig\u00eancia que trabalha para o bem-estar, de forma proativa.<\/p>\n<p class=\"prntal\">Em outras palavras, a d\u00e9cada de lideran\u00e7a da LG n\u00e3o \u00e9 apenas um marco de vendas, mas a consolida\u00e7\u00e3o de uma filosofia que une a confian\u00e7a de uma engenharia feita para durar \u00e0 intelig\u00eancia de uma tecnologia que aprende e se antecipa. Ao integrar a efici\u00eancia comprovada do compressor Dual Inverter com uma das AIs mais avan\u00e7adas do mercado, a LG n\u00e3o apenas celebra seu hist\u00f3rico, mas redefine ativamente o futuro do conforto residencial, entregando uma experi\u00eancia que \u00e9, ao mesmo tempo, poderosa e pessoal.<\/p>\n<p class=\"prntal\"><b><span>SOBRE A LG ELECTRONICS, INC.<\/span><\/b><\/p>\n<p class=\"prntal\"><span>A LG Electronics \u00e9 uma l\u00edder global em tecnologia e eletr\u00f4nicos de consumo, com presen\u00e7a em quase todos os pa\u00edses e uma for\u00e7a de trabalho internacional superior a 75 mil pessoas. A companhia reorganizou suas opera\u00e7\u00f5es em quatro <i>divis\u00f5es de neg\u00f3cios:<\/i> <b>Home Appliance Solution (HS), Media Entertainment Solution (MS), Vehicle Solution (VS) e Eco Solution (ES)<\/b>, redefinindo seus pap\u00e9is e identidades para acelerar sua vis\u00e3o de futuro at\u00e9 2030. Em 2024, as quatro <i>divis\u00f5es<\/i> combinadas geraram uma receita global de mais de 87,74 trilh\u00f5es de KRW (US$ 64,32 bilh\u00f5es). A LG \u00e9 reconhecida mundialmente por suas solu\u00e7\u00f5es inovadoras em TVs, eletrodom\u00e9sticos, ar-condicionado, monitores, componentes automotivos e solu\u00e7\u00f5es sustent\u00e1veis. Suas marcas premium LG SIGNATURE e a plataforma inteligente LG ThinQ refor\u00e7am o compromisso da empresa com inova\u00e7\u00e3o e qualidade. Para mais informa\u00e7\u00f5es, acesse: <\/span><a href=\"https:\/\/euc-word-edit.officeapps.live.com\/www.lgnewsroom.com\/__;!!IfJP2Nwhk5Z0yJ43lA!JB8jB_aDq9q12ibgovI6-LbtY20JVh38xXUo475_MtX_u-KAleYlWRWWG4S7nFpo1h15OwLmCUvyCfYHbjftcyax$\" target=\"_blank\" rel=\"nofollow\"><span>www.LGnewsroom.com<\/span><\/a><span>.<\/span><\/p>\n<p class=\"prntal\"><b><span>SOBRE A LG ELECTRONICS NO BRASIL<\/span><\/b><\/p>\n<p class=\"prntal\"><span>Presente no Brasil desde 1996, a LG Electronics oferece um amplo portf\u00f3lio com mais de 350 produtos, incluindo TVs, <i>caixas de som, pain\u00e9is, monitores, som automotivo, equipamentos de inform\u00e1tica, ar-condicionado (residencial e comercial),<\/i> produtos de linha branca e solu\u00e7\u00f5es corporativas. Alinhada \u00e0 nova estrutura global, a opera\u00e7\u00e3o brasileira integra iniciativas das quatro <i>divis\u00f5es da<\/i> LG: HS, MS, VS e ES. <i>Nossa<\/i> f\u00e1brica em Manaus produz a maior parte dos itens comercializados no Pa\u00eds, consolidando a subsidi\u00e1ria brasileira como uma das cinco maiores opera\u00e7\u00f5es da LG fora da Coreia. Com cerca de tr\u00eas mil colaboradores, a empresa conta com assist\u00eancia<i> t\u00e9cnica e call center pr\u00f3prios, Business Solution Center em S\u00e3o Paulo e duas lojas conceito (Salvador e S\u00e3o Paulo) al\u00e9m de uma f\u00e1brica de Linha Branca em Constru\u00e7\u00e3o na regi\u00e3o metropolitana de Curitiba, Paran\u00e1.<\/i> <\/span><\/p>\n<p class=\"prntal\"><b><span>Life&#8217;s Good<\/span><\/b><span> <\/span><\/p>\n<p class=\"prntal\"><span>A LG Electronics tem como prop\u00f3sito central o bem-estar do consumidor, oferecendo produtos que trazem solu\u00e7\u00f5es pr\u00e1ticas e impacto real no conforto do dia a dia das pessoas ao redor do mundo. Esse \u00e9 o verdadeiro significado de &#8216;Life&#8217;s Good&#8217;. Para levar essa filosofia al\u00e9m da experi\u00eancia com seus produtos, a empresa lan\u00e7ou iniciativas como o &#8216;<\/span><a href=\"https:\/\/radiooptimism.lg.com\/pt\" target=\"_blank\" rel=\"nofollow\"><span>Radio Optimism<\/span><\/a><span>&#8216; &#8212; uma plataforma gratuita que transforma mensagens de carinho em m\u00fasicas personalizadas, com a miss\u00e3o de levar otimismo e aproximar as pessoas. Essa e outras a\u00e7\u00f5es da campanha &#8216;Life&#8217;s Good&#8217; buscam fortalecer conex\u00f5es mais profundas entre as pessoas, mostrando na pr\u00e1tica como a inova\u00e7\u00e3o da LG atua para tornar a vida genuinamente melhor. <\/span><\/p>\n<p class=\"prntal\"><b><span>ACOMPANHE TODAS AS INFORMA\u00c7\u00d5ES NOS CANAIS LG<\/span><\/b><\/p>\n<p class=\"prntal\"><span>Site: <\/span><a href=\"http:\/\/www.lg.com\/br\" target=\"_blank\" rel=\"nofollow\"><span>Link<\/span><\/a> <br \/><span>Instagram: <\/span><a href=\"https:\/\/www.instagram.com\/lgbrasil\/\" target=\"_blank\" rel=\"nofollow\"><span>Link<\/span><\/a> <br \/><span>Twitter: <\/span><a href=\"http:\/\/twitter.com\/lgdobrasil\" target=\"_blank\" rel=\"nofollow\"><span>Link<\/span><\/a> <br \/><span>YouTube: <\/span><a href=\"http:\/\/www.youtube.com\/lgdobrasil\" target=\"_blank\" rel=\"nofollow\"><span>Link<\/span><\/a> <br \/><span>Facebook: <\/span><a href=\"http:\/\/www.facebook.com\/lgdobrasil\" target=\"_blank\" rel=\"nofollow\"><span>Link<\/span><\/a> <br \/><span>Linkedin: <\/span><a href=\"http:\/\/www.linkedin.com\/company\/lg-electronics-brasil\" target=\"_blank\" rel=\"nofollow\"><span>Link<\/span><\/a><\/p>\n<p class=\"prntal\">Foto &#8211; <a href=\"https:\/\/mma.prnewswire.com\/media\/2847138\/Imagem1.jpg\" target=\"_blank\" rel=\"nofollow\">https:\/\/mma.prnewswire.com\/media\/2847138\/Imagem1.jpg<\/a> <\/p>\n<p id=\"PURL\"><img loading=\"lazy\" decoding=\"async\" title=\"Cision\" width=\"12\" height=\"12\" alt=\"Cision\" src=\"https:\/\/edge.prnewswire.com\/c\/img\/favicon.png?sn=PT49201&amp;sd=2025-12-16\" \/> View original content to download multimedia:<a id=\"PRNURL\" rel=\"nofollow\" href=\"https:\/\/www.prnewswire.com\/br\/comunicados-para-a-imprensa\/lg-celebra-10-anos-como-lider-em-ar-condicionado-na-america-latina-302643948.html\" target=\"_blank\">https:\/\/www.prnewswire.com\/br\/comunicados-para-a-imprensa\/lg-celebra-10-anos-como-lider-em-ar-condicionado-na-america-latina-302643948.html<\/a><\/p>\n<p>FONTE LG Electronics Brasil<\/p>\n<\/div>\n<p>  <img decoding=\"async\" alt=\"\" src=\"https:\/\/rt.prnewswire.com\/rt.gif?NewsItemId=PT49201&amp;Transmission_Id=202512161544PR_NEWS_LATAM____PT49201&amp;DateId=20251216\" style=\"border:0px;width:1px;height:1px\" \/><\/p>\n<p><strong>T\u00f3picos Relacionados:<\/strong> Pr\u00eamios, Eletr\u00f4nicos de Consumo, Computador\/Eletr\u00f4nica<\/p>\n<p>A <b>OESP<\/b> n\u00e3o \u00e9(s\u00e3o) respons\u00e1vel(is) por erros, incorre\u00e7\u00f5es, atrasos ou quaisquer decis\u00f5es tomadas por seus clientes com base nos Conte\u00fados ora disponibilizados, bem como tais Conte\u00fados n\u00e3o representam a opini\u00e3o da <b>OESP<\/b> e s\u00e3o de inteira responsabilidade da <b>PR Newswire Ltda<\/b><\/p>\n","protected":false},"excerpt":{"rendered":"Inteligencia artificial ainda mais avan\u00e7ada, economia de energia com a exclusiva Tecnologia DUAL Inverter, conectividade e mais durabilidade consolidam uma d\u00e9cada de lideran\u00e7a de mercado S\u00c3O","protected":false},"author":1,"featured_media":121652,"comment_status":"open","ping_status":"closed","sticky":false,"template":"","format":"standard","meta":{"_acf_changed":false,"inline_featured_image":false,"_monsterinsights_skip_tracking":false,"_monsterinsights_sitenote_active":false,"_monsterinsights_sitenote_note":"","_monsterinsights_sitenote_category":0,"footnotes":""},"categories":[27],"tags":[5690,5689,5688],"class_list":["post-121651","post","type-post","status-publish","format-standard","has-post-thumbnail","hentry","category-prnewswire","tag-conectividade-e-mais-durabilidade-consolidam-uma-decada-de-lideranca-de-mercado","tag-economia-de-energia-com-a-exclusiva-tecnologia-dual-inverter","tag-inteligencia-artificial-ainda-mais-avancada"],"acf":[],"_links":{"self":[{"href":"https:\/\/bluestudio.estadao.com.br\/agencia-de-comunicacao\/wp-json\/wp\/v2\/posts\/121651","targetHints":{"allow":["GET"]}}],"collection":[{"href":"https:\/\/bluestudio.estadao.com.br\/agencia-de-comunicacao\/wp-json\/wp\/v2\/posts"}],"about":[{"href":"https:\/\/bluestudio.estadao.com.br\/agencia-de-comunicacao\/wp-json\/wp\/v2\/types\/post"}],"author":[{"embeddable":true,"href":"https:\/\/bluestudio.estadao.com.br\/agencia-de-comunicacao\/wp-json\/wp\/v2\/users\/1"}],"replies":[{"embeddable":true,"href":"https:\/\/bluestudio.estadao.com.br\/agencia-de-comunicacao\/wp-json\/wp\/v2\/comments?post=121651"}],"version-history":[{"count":0,"href":"https:\/\/bluestudio.estadao.com.br\/agencia-de-comunicacao\/wp-json\/wp\/v2\/posts\/121651\/revisions"}],"wp:featuredmedia":[{"embeddable":true,"href":"https:\/\/bluestudio.estadao.com.br\/agencia-de-comunicacao\/wp-json\/wp\/v2\/media\/121652"}],"wp:attachment":[{"href":"https:\/\/bluestudio.estadao.com.br\/agencia-de-comunicacao\/wp-json\/wp\/v2\/media?parent=121651"}],"wp:term":[{"taxonomy":"category","embeddable":true,"href":"https:\/\/bluestudio.estadao.com.br\/agencia-de-comunicacao\/wp-json\/wp\/v2\/categories?post=121651"},{"taxonomy":"post_tag","embeddable":true,"href":"https:\/\/bluestudio.estadao.com.br\/agencia-de-comunicacao\/wp-json\/wp\/v2\/tags?post=121651"}],"curies":[{"name":"wp","href":"https:\/\/api.w.org\/{rel}","templated":true}]}}