{"id":121597,"date":"2025-12-16T09:57:00","date_gmt":"2025-12-16T12:57:00","guid":{"rendered":"https:\/\/bluestudio.estadao.com.br\/agencia-de-comunicacao\/prnewswire\/parceria-entre-bayer-e-faeg-jovens-impulsiona-o-desenvolvimento-de-futuros-lideres-do-agronegocio\/"},"modified":"2025-12-16T09:57:00","modified_gmt":"2025-12-16T12:57:00","slug":"parceria-entre-bayer-e-faeg-jovens-impulsiona-o-desenvolvimento-de-futuros-lideres-do-agronegocio","status":"publish","type":"post","link":"https:\/\/bluestudio.estadao.com.br\/agencia-de-comunicacao\/prnewswire\/parceria-entre-bayer-e-faeg-jovens-impulsiona-o-desenvolvimento-de-futuros-lideres-do-agronegocio\/","title":{"rendered":"Parceria entre Bayer e Faeg Jovens impulsiona o desenvolvimento de futuros l\u00edderes do agroneg\u00f3cio"},"content":{"rendered":"\n<div class=\"xn-content\">\n<i>Mais de 100 jovens j\u00e1 passaram pela qualifica\u00e7\u00e3o, que tem como prop\u00f3sito preparar novas gera\u00e7\u00f5es para os desafios do setor<\/i><\/p>\n<p><span class=\"legendSpanClass\">S\u00c3O PAULO<\/span>, <span class=\"legendSpanClass\">16 de dezembro de 2025<\/span> \/PRNewswire\/ &#8212; Com o objetivo de fortalecer o protagonismo juvenil no setor agropecu\u00e1rio, com foco na inova\u00e7\u00e3o e na sustentabilidade, a Academia de Jovens L\u00edderes do Agro &#8211; fruto da parceria entre Bayer e Sistema FAEG-SENAR (GO) &#8211; j\u00e1 formou mais de 100 talentos, consolidando o compromisso da companhia com o desenvolvimento e a sucess\u00e3o de novas gera\u00e7\u00f5es e lideran\u00e7as no agroneg\u00f3cio.<\/p>\n<div class=\"PRN_ImbeddedAssetReference\" id=\"DivAssetPlaceHolder1\">\n<a href=\"https:\/\/mma.prnewswire.com\/media\/2846682\/WhatsApp_Image_2025_12_15_at_15_34_01.html\" target=\"_blank\" rel=\"nofollow\">  <img decoding=\"async\" src=\"https:\/\/mma.prnewswire.com\/media\/2846682\/WhatsApp_Image_2025_12_15_at_15_34_01.jpg\" title=\"\" alt=\"\" \/><\/a>\n <\/p>\n<\/p><\/div>\n<p>Em sua 5\u00aa edi\u00e7\u00e3o, a Academia foi al\u00e9m da qualifica\u00e7\u00e3o profissional, promovendo o desenvolvimento pessoal, o protagonismo e o senso de prop\u00f3sito dos participantes, preparando-os para liderar um agroneg\u00f3cio mais colaborativo, inovador e alinhado \u00e0s demandas do futuro. A participa\u00e7\u00e3o no concurso \u00e9 exclusiva para membros inscritos em grupos do Programa Faeg Jovem. Nesta edi\u00e7\u00e3o, o programa recebeu mais de 200 inscri\u00e7\u00f5es de seus integrantes da rede que re\u00fane cerca de 2.500 membros distribu\u00eddos em 195 grupos por todo o estado de Goi\u00e1s. Ap\u00f3s um rigoroso processo seletivo, seis jovens foram selecionados e reconhecidos para a cerim\u00f4nia realizada na sede da Bayer, em S\u00e3o Paulo.<\/p>\n<p>Para Francila Calica, diretora de Assuntos Agr\u00edcolas e Sustentabilidade Latam da Bayer, a iniciativa representa um marco na forma\u00e7\u00e3o de lideran\u00e7as rurais em Goi\u00e1s. &#8220;Nosso foco \u00e9 oferecer aos jovens mais ferramentas para que sejam protagonistas em suas regi\u00f5es, promovendo mudan\u00e7as reais no agro e inspirando novas gera\u00e7\u00f5es. A parceria com o Sistema FAEG-SENAR (GO) tem sido essencial para ampliar o alcance do programa e aproximar os participantes do mercado&#8221;, destaca.<\/p>\n<p>O impacto da academia \u00e9 visto nos depoimentos de participantes desta edi\u00e7\u00e3o, como \u00c1tila Prado, engenheiro agr\u00f4nomo de Goi\u00e2nia e, Lavinia Roma, estudante de Medicina Veterin\u00e1ria do Instituto Federal Goiano. &#8220;A Academia me fez entender o prop\u00f3sito das minhas a\u00e7\u00f5es, desenvolver relacionamentos interpessoais e sentir gratid\u00e3o por alcan\u00e7ar algo que eu sempre sonhei. \u00c9 uma porta aberta para oportunidades ainda maiores&#8221;, conta \u00c1tila. Lavinia complementa: &#8220;A experi\u00eancia superou todas as expectativas. Aprendi a lidar com desafios, acreditar no meu potencial e perceber que posso contribuir de forma significativa para o agro.&#8221;<\/p>\n<p>Segundo Murilo Borges de Almeida, representante t\u00e9cnico de vendas de soja da Bayer e um dos respons\u00e1veis pela iniciativa, o programa prioriza o desenvolvimento humano, indo muito al\u00e9m da capacita\u00e7\u00e3o t\u00e9cnica. &#8220;Quer\u00edamos que os jovens aprendessem a comunicar, liderar, resolver problemas e tomar decis\u00f5es com prop\u00f3sito. O mais importante \u00e9 transformar cada participante, fortalecendo habilidades essenciais para liderar o agro do futuro&#8221;, explica.<\/p>\n<p>A cerim\u00f4nia de reconhecimento da 5\u00aa edi\u00e7\u00e3o foi realizada na sede da Bayer, em S\u00e3o Paulo, homenageando meses de aprendizado, mentorias e desafios. A expectativa \u00e9 que estes jovens l\u00edderes retornem \u00e0s suas comunidades como agentes de transforma\u00e7\u00e3o, aplicando o conhecimento adquirido para impulsionar um agroneg\u00f3cio mais inovador e sustent\u00e1vel, e inspirando uma nova gera\u00e7\u00e3o de profissionais do campo.<\/p>\n<p><b>Sobre a Bayer<\/b> <br \/>Guiada por sua miss\u00e3o &#8220;sa\u00fade para todos, fome para ningu\u00e9m&#8221;, a Bayer \u00e9 uma empresa global que atua para desenvolver solu\u00e7\u00f5es inovadoras que respondam a alguns dos maiores desafios da humanidade nas \u00e1reas de sa\u00fade e agricultura. Fundada na Alemanha em 1863 e presente em mais de 80 pa\u00edses, est\u00e1 no Brasil h\u00e1 quase 130 anos &#8212; seu segundo maior mercado no mundo &#8212; com neg\u00f3cios nos segmentos de Agricultura, Farmac\u00eautico e Sa\u00fade do Consumidor. \u00c9 comprometida com a inova\u00e7\u00e3o, a diversidade e a sustentabilidade, investindo continuamente em pesquisa e desenvolvimento para promover avan\u00e7os que unam produtividade, preserva\u00e7\u00e3o ambiental e acesso \u00e0 sa\u00fade de qualidade. Mais informa\u00e7\u00f5es no <a href=\"https:\/\/www.bayer.com.br\/\" target=\"_blank\" rel=\"nofollow\">site<\/a>. <\/p>\n<p>Foto &#8211; <a href=\"https:\/\/mma.prnewswire.com\/media\/2846682\/WhatsApp_Image_2025_12_15_at_15_34_01.jpg\" target=\"_blank\" rel=\"nofollow\">https:\/\/mma.prnewswire.com\/media\/2846682\/WhatsApp_Image_2025_12_15_at_15_34_01.jpg<\/a><\/p>\n<p id=\"PURL\"><img loading=\"lazy\" decoding=\"async\" title=\"Cision\" width=\"12\" height=\"12\" alt=\"Cision\" src=\"https:\/\/edge.prnewswire.com\/c\/img\/favicon.png?sn=PT48622&amp;sd=2025-12-16\" \/> View original content to download multimedia:<a id=\"PRNURL\" rel=\"nofollow\" href=\"https:\/\/www.prnewswire.com\/br\/comunicados-para-a-imprensa\/parceria-entre-bayer-e-faeg-jovens-impulsiona-o-desenvolvimento-de-futuros-lideres-do-agronegocio-302643420.html\" target=\"_blank\">https:\/\/www.prnewswire.com\/br\/comunicados-para-a-imprensa\/parceria-entre-bayer-e-faeg-jovens-impulsiona-o-desenvolvimento-de-futuros-lideres-do-agronegocio-302643420.html<\/a><\/p>\n<p>FONTE Bayer<\/p>\n<\/div>\n<p>  <img decoding=\"async\" alt=\"\" src=\"https:\/\/rt.prnewswire.com\/rt.gif?NewsItemId=PT48622&amp;Transmission_Id=202512160745PR_NEWS_LATAM____PT48622&amp;DateId=20251216\" style=\"border:0px;width:1px;height:1px\" \/><\/p>\n<p><strong>T\u00f3picos Relacionados:<\/strong> Ensino Superior, Educa\u00e7\u00e3o, Joint Ventures, Agricultura, Servi\u00e7os Banc\u00e1rios\/Financeiros<\/p>\n<p>A <b>OESP<\/b> n\u00e3o \u00e9(s\u00e3o) respons\u00e1vel(is) por erros, incorre\u00e7\u00f5es, atrasos ou quaisquer decis\u00f5es tomadas por seus clientes com base nos Conte\u00fados ora disponibilizados, bem como tais Conte\u00fados n\u00e3o representam a opini\u00e3o da <b>OESP<\/b> e s\u00e3o de inteira responsabilidade da <b>PR Newswire Ltda<\/b><\/p>\n","protected":false},"excerpt":{"rendered":"Mais de 100 jovens j\u00e1 passaram pela qualifica\u00e7\u00e3o, que tem como prop\u00f3sito preparar novas gera\u00e7\u00f5es para os desafios do setor S\u00c3O PAULO, 16 de dezembro de 2025 \/PRNewswire\/ &#8212; Com o objetivo","protected":false},"author":1,"featured_media":121598,"comment_status":"open","ping_status":"closed","sticky":false,"template":"","format":"standard","meta":{"_acf_changed":false,"inline_featured_image":false,"_monsterinsights_skip_tracking":false,"_monsterinsights_sitenote_active":false,"_monsterinsights_sitenote_note":"","_monsterinsights_sitenote_category":0,"footnotes":""},"categories":[27],"tags":[5668,5667,5666],"class_list":["post-121597","post","type-post","status-publish","format-standard","has-post-thumbnail","hentry","category-prnewswire","tag-a-academia-de-jovens-lideres-do-agro-fruto-da-parceria-ent","tag-com-foco-na-inovacao-e-na-sustentabilidade","tag-com-o-objetivo-de-fortalecer-o-protagonismo-juvenil-no-setor-agropecuario"],"acf":[],"_links":{"self":[{"href":"https:\/\/bluestudio.estadao.com.br\/agencia-de-comunicacao\/wp-json\/wp\/v2\/posts\/121597","targetHints":{"allow":["GET"]}}],"collection":[{"href":"https:\/\/bluestudio.estadao.com.br\/agencia-de-comunicacao\/wp-json\/wp\/v2\/posts"}],"about":[{"href":"https:\/\/bluestudio.estadao.com.br\/agencia-de-comunicacao\/wp-json\/wp\/v2\/types\/post"}],"author":[{"embeddable":true,"href":"https:\/\/bluestudio.estadao.com.br\/agencia-de-comunicacao\/wp-json\/wp\/v2\/users\/1"}],"replies":[{"embeddable":true,"href":"https:\/\/bluestudio.estadao.com.br\/agencia-de-comunicacao\/wp-json\/wp\/v2\/comments?post=121597"}],"version-history":[{"count":0,"href":"https:\/\/bluestudio.estadao.com.br\/agencia-de-comunicacao\/wp-json\/wp\/v2\/posts\/121597\/revisions"}],"wp:featuredmedia":[{"embeddable":true,"href":"https:\/\/bluestudio.estadao.com.br\/agencia-de-comunicacao\/wp-json\/wp\/v2\/media\/121598"}],"wp:attachment":[{"href":"https:\/\/bluestudio.estadao.com.br\/agencia-de-comunicacao\/wp-json\/wp\/v2\/media?parent=121597"}],"wp:term":[{"taxonomy":"category","embeddable":true,"href":"https:\/\/bluestudio.estadao.com.br\/agencia-de-comunicacao\/wp-json\/wp\/v2\/categories?post=121597"},{"taxonomy":"post_tag","embeddable":true,"href":"https:\/\/bluestudio.estadao.com.br\/agencia-de-comunicacao\/wp-json\/wp\/v2\/tags?post=121597"}],"curies":[{"name":"wp","href":"https:\/\/api.w.org\/{rel}","templated":true}]}}