{"id":121499,"date":"2025-12-15T14:27:00","date_gmt":"2025-12-15T17:27:00","guid":{"rendered":"https:\/\/bluestudio.estadao.com.br\/agencia-de-comunicacao\/prnewswire\/costa-rica-vw-caminhoes-e-onibus-firma-parceria-com-grupo-purdy\/"},"modified":"2025-12-15T14:27:00","modified_gmt":"2025-12-15T17:27:00","slug":"costa-rica-vw-caminhoes-e-onibus-firma-parceria-com-grupo-purdy","status":"publish","type":"post","link":"https:\/\/bluestudio.estadao.com.br\/agencia-de-comunicacao\/prnewswire\/costa-rica-vw-caminhoes-e-onibus-firma-parceria-com-grupo-purdy\/","title":{"rendered":"Costa Rica: VW Caminh\u00f5es e \u00d4nibus firma parceria com Grupo Purdy"},"content":{"rendered":"\n<div class=\"xn-content\">\n<i>O investimento busca conquistar novos clientes e impulsionar vendas ao governo<\/i><\/p>\n<p><span class=\"legendSpanClass\">SAO PAULO<\/span>, <span class=\"legendSpanClass\">15 de dezembro de 2025<\/span> \/PRNewswire\/ &#8212; Alinhado a seus objetivos de expans\u00e3o, o Grupo Purdy, novo importador da VW Caminh\u00f5es e \u00d4nibus na Costa Rica, investe em modelos da montadora para fortalecer sua presen\u00e7a no segmento do transporte de cargas e passageiros. A chegada da marca \u00e0s concession\u00e1rias do representante \u00e9 acompanhada de investimentos em infraestrutura, capacita\u00e7\u00e3o t\u00e9cnica e fortalecimento da rede nacional de servi\u00e7os. Para a VWCO, a nova parceria amplia ainda mais sua presen\u00e7a na Am\u00e9rica Central.<\/p>\n<div class=\"PRN_ImbeddedAssetReference\" id=\"DivAssetPlaceHolder1\">\n<a href=\"https:\/\/mma.prnewswire.com\/media\/2845743\/purdy.html\" target=\"_blank\" rel=\"nofollow\">  <img decoding=\"async\" src=\"https:\/\/mma.prnewswire.com\/media\/2845743\/purdy.jpg\" title=\"\" alt=\"\" \/><\/a>\n <\/p>\n<\/p><\/div>\n<p>Com mais de 68 anos de mercado, o Grupo Purdy tem como premissa oferecer solu\u00e7\u00f5es de mobilidade confi\u00e1veis e sustent\u00e1veis que gerem valor real para seus clientes, os assessorando durante todo o processo com suporte especializado e cobertura nacional com sete concession\u00e1rias, n\u00famero em expans\u00e3o.  A alian\u00e7a foi motivada pela complementaridade dos produtos, pela reputa\u00e7\u00e3o global da VWCO em tecnologia e qualidade, e pela capacidade do importador de oferecer suporte especializado e cobertura nacional.<\/p>\n<p>&#8220;Nosso objetivo \u00e9 consolidar um portf\u00f3lio competitivo que impulsione a mobilidade sustent\u00e1vel e a efici\u00eancia operacional dos clientes. Ser\u00e3o oferecidos servi\u00e7os completos de manuten\u00e7\u00e3o, reparo e fornecimento de pe\u00e7as, respaldados por uma rede nacional de oficinas especializadas e unidades m\u00f3veis. Toda a equipe t\u00e9cnica foi treinada segundo os padr\u00f5es da montadora, garantindo atendimento especializado e pe\u00e7as originais&#8221;, detalha Allan Rodr\u00edguez, diretor comercial do importador. Al\u00e9m do preparo mencionado, o Grupo Purdy investiu em infraestrutura, estoque para entrega imediata, contrata\u00e7\u00f5es, capacita\u00e7\u00e3o de colaboradores e expans\u00e3o da rede de servi\u00e7os.<\/p>\n<p>Com a oferta das fam\u00edlias Delivery, Constellation e Meteor, al\u00e9m do modelo de \u00f4nibus 17.260 para transporte urbano, o Grupo Purdy pretende atender a empresas grandes e m\u00e9dias, operadores de transporte p\u00fablico, frotas corporativas e transportadores independentes. Tamb\u00e9m h\u00e1 expectativa de crescimento no setor governamental, especialmente para caminh\u00f5es de coleta de lixo e aplica\u00e7\u00f5es especiais, segmentos de grande expertise para a VWCO.<\/p>\n<p>&#8220;A parceria com o Grupo Purdy \u00e9 um passo estrat\u00e9gico fundamental para a expans\u00e3o e consolida\u00e7\u00e3o da nossa marca na Am\u00e9rica Central. Eles possuem grande credibilidade de mercado e capilaridade que se alinham perfeitamente aos nossos objetivos de crescimento. Trata-se de uma regi\u00e3o com grande potencial e alta exig\u00eancia e conquistamos um parceiro ideal, n\u00e3o s\u00f3 pela sua excel\u00eancia de opera\u00e7\u00e3o, mas pela vis\u00e3o compartilhada&#8221;, celebra Frank Gundlach, diretor de Mercados Internacionais da VWCO.<\/p>\n<p>O mercado costarriquenho de caminh\u00f5es e \u00f4nibus \u00e9 altamente competitivo. Nesse cen\u00e1rio, a VW Caminh\u00f5es e \u00d4nibus se destaca pela combina\u00e7\u00e3o de inova\u00e7\u00e3o, durabilidade e servi\u00e7o p\u00f3s-venda especializado. Com unidades montadas no Brasil e equipadas por fornecedores especializados, a parceria assegura qualidade, rapidez na entrega e configura\u00e7\u00f5es adaptadas \u00e0s demandas espec\u00edficas dos clientes.<\/p>\n<p><a href=\"https:\/\/vwtbpress.com\/\" target=\"_blank\" rel=\"nofollow\">Volkswagen Caminh\u00f5es e \u00d4nibus &#8211; Sala de Imprensa<\/a><\/p>\n<p class=\"prntac\"><b>Um membro do GRUPO TRATON<\/b><\/p>\n<p><b>Sobre a VW Caminh\u00f5es e \u00d4nibus<\/b><\/p>\n<p>Membro do Grupo TRATON, a VW Caminh\u00f5es e \u00d4nibus \u00e9 a fabricante dos ve\u00edculos comerciais Volkswagen, uma das maiores montadoras de caminh\u00f5es e \u00f4nibus da Am\u00e9rica Latina. Desde 1981, quando iniciou suas opera\u00e7\u00f5es, chegar ao topo do mercado, respeitando e satisfazendo as necessidades dos clientes, sempre foi o foco da montadora. E \u00e9 exatamente isso que oferece a seus clientes: produtos sob medida e um excelente servi\u00e7o de p\u00f3s-vendas. A empresa tamb\u00e9m \u00e9 refer\u00eancia em inova\u00e7\u00f5es tecnol\u00f3gicas, sendo pioneira no desenvolvimento e produ\u00e7\u00e3o de um caminh\u00e3o 100% el\u00e9trico na Am\u00e9rica Latina. A empresa busca sempre solu\u00e7\u00f5es que reduzam o impacto ambiental e ajudem a preservar o meio ambiente. H\u00e1 mais de 40 anos, a fabricante mant\u00e9m seu compromisso de desenvolver ve\u00edculos que superem as exig\u00eancias dos clientes &#8211; onde quer que eles rodem, seja pelas estradas brasileiras, latino-americanas, africanas ou asi\u00e1ticas.<\/p>\n<p><b>Sobre o GRUPO TRATON<br \/><\/b>Com suas marcas Volkswagen Caminh\u00f5es e \u00d4nibus, Scania, MAN e Navistar, a TRATON SE \u00e9 controladora do GRUPO TRATON e um dos principais fabricantes de ve\u00edculos comerciais do mundo. Seu portf\u00f3lio de produtos inclui caminh\u00f5es, \u00f4nibus e ve\u00edculos comerciais leves. &#8220;Transformando o Transporte Juntos. Para um mundo sustent\u00e1vel&#8221;: esta inten\u00e7\u00e3o refor\u00e7a a ambi\u00e7\u00e3o da empresa de ter um impacto duradouro e sustent\u00e1vel no neg\u00f3cio de ve\u00edculos comerciais e no crescimento comercial do Grupo.<\/p>\n<p>Relat\u00f3rio de Sustentabilidade<br \/>Em 2024, a Volkswagen Caminh\u00f5es e \u00d4nibus celebrou um ano de conquistas not\u00e1veis, refletidas em seu Relat\u00f3rio de Sustentabilidade. Os principais destaques t\u00eam rela\u00e7\u00e3o com a atua\u00e7\u00e3o integrada da montadora em prol da mobilidade mais limpa, eficiente e humana, abrangendo toda a esfera de opera\u00e7\u00e3o da marca. O relat\u00f3rio est\u00e1 dispon\u00edvel para download em <a href=\"http:\/\/www.vwco.com.br\/institucional\/1220\" target=\"_blank\" rel=\"nofollow\">www.vwco.com.br\/institucional\/1220<\/a>.<\/p>\n<p><b>Volkswagen Caminh\u00f5es e \u00d4nibus<\/b><br \/><b>Comunica\u00e7\u00e3o <\/b><br \/>(11) 5582-5335 \/ (24) 3381-1063<br \/><a href=\"mailto:comunicacao@volkswagen.com.br\" target=\"_blank\" rel=\"nofollow\">comunicacao@volkswagen.com.br<\/a><\/p>\n<p>Foto &#8211; <a href=\"https:\/\/mma.prnewswire.com\/media\/2845743\/purdy.jpg\" target=\"_blank\" rel=\"nofollow\">https:\/\/mma.prnewswire.com\/media\/2845743\/purdy.jpg<\/a><\/p>\n<p id=\"PURL\"><img loading=\"lazy\" decoding=\"async\" title=\"Cision\" width=\"12\" height=\"12\" alt=\"Cision\" src=\"https:\/\/edge.prnewswire.com\/c\/img\/favicon.png?sn=PT47685&amp;sd=2025-12-15\" \/> View original content to download multimedia:<a id=\"PRNURL\" rel=\"nofollow\" href=\"https:\/\/www.prnewswire.com\/br\/comunicados-para-a-imprensa\/costa-rica-vw-caminhoes-e-onibus-firma-parceria-com-grupo-purdy-302642467.html\" target=\"_blank\">https:\/\/www.prnewswire.com\/br\/comunicados-para-a-imprensa\/costa-rica-vw-caminhoes-e-onibus-firma-parceria-com-grupo-purdy-302642467.html<\/a><\/p>\n<p>FONTE Volkswagen Caminh\u00f5es e \u00d4nibus<\/p>\n<\/div>\n<p>  <img decoding=\"async\" alt=\"\" src=\"https:\/\/rt.prnewswire.com\/rt.gif?NewsItemId=PT47685&amp;Transmission_Id=202512151218PR_NEWS_LATAM____PT47685&amp;DateId=20251215\" style=\"border:0px;width:1px;height:1px\" \/><\/p>\n<p><strong>T\u00f3picos Relacionados:<\/strong> Acordos de Licenciamento\/Marketing, Transporte Rodovi\u00e1rio e de Caminh\u00f5es, Transporte \/ Caminh\u00f5es \/ Ferrovias<\/p>\n<p>A <b>OESP<\/b> n\u00e3o \u00e9(s\u00e3o) respons\u00e1vel(is) por erros, incorre\u00e7\u00f5es, atrasos ou quaisquer decis\u00f5es tomadas por seus clientes com base nos Conte\u00fados ora disponibilizados, bem como tais Conte\u00fados n\u00e3o representam a opini\u00e3o da <b>OESP<\/b> e s\u00e3o de inteira responsabilidade da <b>PR Newswire Ltda<\/b><\/p>\n","protected":false},"excerpt":{"rendered":"O investimento busca conquistar novos clientes e impulsionar vendas ao governo SAO PAULO, 15 de dezembro de 2025 \/PRNewswire\/ &#8212; Alinhado a seus objetivos de expans\u00e3o, o Grupo Purdy, novo","protected":false},"author":1,"featured_media":121500,"comment_status":"open","ping_status":"closed","sticky":false,"template":"","format":"standard","meta":{"_acf_changed":false,"inline_featured_image":false,"_monsterinsights_skip_tracking":false,"_monsterinsights_sitenote_active":false,"_monsterinsights_sitenote_note":"","_monsterinsights_sitenote_category":0,"footnotes":""},"categories":[27],"tags":[5639],"class_list":["post-121499","post","type-post","status-publish","format-standard","has-post-thumbnail","hentry","category-prnewswire","tag-um-membro-do-grupo-traton"],"acf":[],"_links":{"self":[{"href":"https:\/\/bluestudio.estadao.com.br\/agencia-de-comunicacao\/wp-json\/wp\/v2\/posts\/121499","targetHints":{"allow":["GET"]}}],"collection":[{"href":"https:\/\/bluestudio.estadao.com.br\/agencia-de-comunicacao\/wp-json\/wp\/v2\/posts"}],"about":[{"href":"https:\/\/bluestudio.estadao.com.br\/agencia-de-comunicacao\/wp-json\/wp\/v2\/types\/post"}],"author":[{"embeddable":true,"href":"https:\/\/bluestudio.estadao.com.br\/agencia-de-comunicacao\/wp-json\/wp\/v2\/users\/1"}],"replies":[{"embeddable":true,"href":"https:\/\/bluestudio.estadao.com.br\/agencia-de-comunicacao\/wp-json\/wp\/v2\/comments?post=121499"}],"version-history":[{"count":0,"href":"https:\/\/bluestudio.estadao.com.br\/agencia-de-comunicacao\/wp-json\/wp\/v2\/posts\/121499\/revisions"}],"wp:featuredmedia":[{"embeddable":true,"href":"https:\/\/bluestudio.estadao.com.br\/agencia-de-comunicacao\/wp-json\/wp\/v2\/media\/121500"}],"wp:attachment":[{"href":"https:\/\/bluestudio.estadao.com.br\/agencia-de-comunicacao\/wp-json\/wp\/v2\/media?parent=121499"}],"wp:term":[{"taxonomy":"category","embeddable":true,"href":"https:\/\/bluestudio.estadao.com.br\/agencia-de-comunicacao\/wp-json\/wp\/v2\/categories?post=121499"},{"taxonomy":"post_tag","embeddable":true,"href":"https:\/\/bluestudio.estadao.com.br\/agencia-de-comunicacao\/wp-json\/wp\/v2\/tags?post=121499"}],"curies":[{"name":"wp","href":"https:\/\/api.w.org\/{rel}","templated":true}]}}