{"id":121374,"date":"2025-12-12T15:27:00","date_gmt":"2025-12-12T18:27:00","guid":{"rendered":"https:\/\/bluestudio.estadao.com.br\/agencia-de-comunicacao\/prnewswire\/efeitos-imediatos-descobrimos-os-tratamentos-que-vao-recuperar-o-glow-da-sua-pele-a-tempo-de-aproveitar-as-festas-de-final-de-ano\/"},"modified":"2025-12-12T15:27:00","modified_gmt":"2025-12-12T18:27:00","slug":"efeitos-imediatos-descobrimos-os-tratamentos-que-vao-recuperar-o-glow-da-sua-pele-a-tempo-de-aproveitar-as-festas-de-final-de-ano","status":"publish","type":"post","link":"https:\/\/bluestudio.estadao.com.br\/agencia-de-comunicacao\/prnewswire\/efeitos-imediatos-descobrimos-os-tratamentos-que-vao-recuperar-o-glow-da-sua-pele-a-tempo-de-aproveitar-as-festas-de-final-de-ano\/","title":{"rendered":"Efeitos imediatos: descobrimos os tratamentos que v\u00e3o recuperar o glow da sua pele a tempo de aproveitar as festas de final de ano"},"content":{"rendered":"\n<div class=\"xn-content\">\n<p class=\"prntac\"><i>Saiba como preparar sua pele para brilhar nas comemora\u00e7\u00f5es, segundo dermatologista<\/i><\/p>\n<p><span class=\"legendSpanClass\">S\u00c3O PAULO<\/span>, <span class=\"legendSpanClass\">12 de dezembro de 2025<\/span> \/PRNewswire\/ &#8212; Com o fim do ano batendo \u00e0 porta e o ver\u00e3o se aproximando, \u00e9 comum que o desejo por uma pele iluminada, saud\u00e1vel e mais bonita se torne foco dos cuidados de beleza. As celebra\u00e7\u00f5es, viagens e dias de sol despertam a vontade de se sentir bem e exibir um rosto com o famoso glow natural, que \u00e9 sin\u00f4nimo de uma pele saud\u00e1vel.<\/p>\n<div class=\"PRN_ImbeddedAssetReference\" id=\"DivAssetPlaceHolder8766\">\n<a href=\"https:\/\/mma.prnewswire.com\/media\/2844600\/240110_Galderma_12_400_2.html\" target=\"_blank\" rel=\"nofollow\"><img decoding=\"async\" src=\"https:\/\/mma.prnewswire.com\/media\/2844600\/240110_Galderma_12_400_2.jpg\" title=\"(c) GALDERMA - CAPA PICTURES\/EDWARD LINSMIER\" alt=\"(c) GALDERMA - CAPA PICTURES\/EDWARD LINSMIER\" \/><\/a><\/p>\n<\/div>\n<p>Mas, entre o ritmo acelerado do fim do ano e o pouco tempo para rotinas complexas, cresce a busca por solu\u00e7\u00f5es com resultados r\u00e1pidos e seguros. \u00c9 nesse cen\u00e1rio que entram os tratamentos injet\u00e1veis, capazes de restaurar o vi\u00e7o e real\u00e7ar a beleza com sutileza e precis\u00e3o.<\/p>\n<p>&#8220;Essa \u00e9 a \u00e9poca em que todos querem recuperar a vitalidade da pele e estar com uma apar\u00eancia saud\u00e1vel. Os injet\u00e1veis \u00e0 base de \u00e1cido hialur\u00f4nico s\u00e3o excelentes para isso, pois oferecem resultados imediatos e s\u00e3o vers\u00e1teis, podendo ser utilizados para hidratar profundamente a pele, restaurar o volume perdido em \u00e1reas como bochechas e l\u00e1bios, e suavizar olheiras, linhas de express\u00e3o e rugas, sem afetar a naturalidade dos tra\u00e7os individuais do paciente&#8221;, explica o dermatologista Marcus Morais (CRM-MG 38194\/ RQE 16968).<\/p>\n<p>Entre as op\u00e7\u00f5es que ajudam a recuperar o brilho da pele, <a href=\"https:\/\/www.galdermaaesthetics.com.br\/skinboosters-onde-aplicar\" target=\"_blank\" rel=\"nofollow\">Restylane(R) Skinboosters(TM)<\/a> vem ganhando destaque. Al\u00e9m de proporcionar melhora na hidrata\u00e7\u00e3o<sup>1<\/sup>, o produto age melhorando outros seis aspectos da qualidade de pele: brilho, tom, textura, maciez, linhas finas e rugas, cicatrizes de acne e poros<sup>2-5<\/sup>. &#8220;Os skinboosters agem age de dentro para fora, restaurando o equil\u00edbrio h\u00eddrico e reestruturando a derme. O resultado \u00e9 uma pele mais firme, vi\u00e7osa e naturalmente iluminada, ideal para quem quer chegar \u00e0s festas com um glow a mais&#8221;, explica Dr. Marcus.<\/p>\n<p>Al\u00e9m dele, o portf\u00f3lio de <a href=\"https:\/\/www.galdermaaesthetics.com.br\/tipos-de-restylane\" target=\"_blank\" rel=\"nofollow\">Restylane(R)<\/a>, conhecido por redefinir contornos<sup>6-8 <\/sup>e melhorar a qualidade da pele<sup>2,3,9<\/sup>, entregando naturalidade<sup>A<\/sup> e personaliza\u00e7\u00e3o<sup>2,8,10-13B<\/sup>, contempla um tipo de gel para cada regi\u00e3o da face. Para sustenta\u00e7\u00e3o e efeito lifting, Restylane(R) Lyft(TM)<sup>14-17<\/sup>; para contorno e proje\u00e7\u00e3o do rosto, Restylane(R) Defyne<sup>15-17<\/sup>; para suavizar linhas, olheiras e rugas, Restylane(R) Lidocaine(TM)<sup>18<\/sup>; para volumizar os l\u00e1bios, Restylane(R) Kysse(TM)<sup>19,20<\/sup>; e para proje\u00e7\u00e3o e contorno do queixo<sup>21,22<\/sup>, Restylane(R) Shaype(TM).<\/p>\n<p><b>Skincare que prolonga o glow<\/b><\/p>\n<p>Manter o efeito de uma pele iluminada vai al\u00e9m do consult\u00f3rio. A rotina de cuidados di\u00e1rios \u00e9 essencial para preservar os resultados e proteger a pele dos efeitos do sol, do calor e das noites de festa. O segredo est\u00e1 em escolher produtos que complementem os tratamentos est\u00e9ticos, refor\u00e7ando a hidrata\u00e7\u00e3o e o tom uniforme, pilares de uma pele luminosa e saud\u00e1vel.<\/p>\n<p>\u00c9 aqui que entra a linha Cetaphil(R) Healthy Radiance, desenvolvida para deixar a pele mais luminosa e uniforme, diminuir as manchas escuras e melhorar a qualidade de pele. Os produtos possuem a tecnologia Gentlebright(TM), que combina niacinamida e l\u00edrio do mar, ativos que ajudam a uniformizar o tom e reduzir manchas escuras causadas pelo sol e envelhecimento. O Perfecting S\u00e9rum Antimanchas, por exemplo, tamb\u00e9m conta com vitamina C, que possui a\u00e7\u00e3o antioxidante e, combinada com os demais ingredientes, oferece 21% de prote\u00e7\u00e3o contra o estresse oxidativo da luz azul<sup>23<\/sup>.<\/p>\n<p>Gabi Moretti (@gabirmoretti), influenciadora que compartilha nas redes sociais sua rotina de cuidados com a pele, j\u00e1 incluiu a linha Cetaphil(R) Healthy Radiance no dia a dia. &#8220;Depois dos procedimentos, gosto de manter a pele sempre hidratada e protegida. Uso os produtos da linha para deixar o brilho natural ainda mais evidente, sinto que eles ajudam a manter aquele aspecto saud\u00e1vel, sabe? Al\u00e9m disso, bebo muita \u00e1gua todos os dias, o que faz uma baita diferen\u00e7a no vi\u00e7o da pele&#8221;, conta.<\/p>\n<p>Segundo o dermatologista, essa combina\u00e7\u00e3o entre procedimentos e skincare cria o ambiente perfeito para uma pele equilibrada e bonita por mais tempo. &#8220;Quando o paciente associa um bom tratamento em consult\u00f3rio com uma rotina de cuidados di\u00e1rios, o resultado n\u00e3o \u00e9 apenas est\u00e9tico, \u00e9 uma transforma\u00e7\u00e3o na qualidade da pele. O verdadeiro glow vai al\u00e9m do que se v\u00ea: ele vem de uma pele saud\u00e1vel, de dentro para fora, e de uma beleza que nasce do bem-estar.&#8221;<\/p>\n<p>Confira os produtos da linha Cetaphil(R) Healthy Radiance:<\/p>\n<p><a href=\"https:\/\/www.cetaphil.com.br\/linhas\/healthy-radiance\/sabonete-facial-antimanchas\/3499320016841.html\" target=\"_blank\" rel=\"nofollow\"><b>Cetaphil(R)<\/b> <b>Healthy Radiance Sabonete de Limpeza Facial Cremoso Antimanchas 100g<\/b><\/a> limpa profundamente, removendo part\u00edculas de polui\u00e7\u00e3o sem agredir a pele ou ressecar<sup>24<\/sup>. Em estudos realizados com pacientes, 85% perceberam um brilho saud\u00e1vel da pele<sup>25C<\/sup> e 76% notaram que a textura cremosa do produto se transforma com \u00e1gua em uma espuma reconfortante e envolvente<sup>26C<\/sup>.<\/p>\n<p><a href=\"https:\/\/www.cetaphil.com.br\/linhas\/healthy-radiance\/gel-esfoliante\/3499320016780.html\" target=\"_blank\" rel=\"nofollow\"><b>Cetaphil(R) Healthy Radiance Gel de Limpeza Esfoliante Antimanchas 100ml<\/b><\/a> purifica e renova a textura da pele, deixando-a mais radiante e luminosa<sup>27D<\/sup>. Estudos comprovam 59% menos poros vis\u00edveis ap\u00f3s 28 dias<sup>28 <\/sup>e todos os usu\u00e1rios perceberam que o produto ajuda a promover a renova\u00e7\u00e3o natural da pele, por meio da esfolia\u00e7\u00e3o<sup>29E<\/sup>.<\/p>\n<p><a href=\"https:\/\/www.cetaphil.com.br\/linhas\/healthy-radiance\/serum-antimanchas\/3499320016766.html\" target=\"_blank\" rel=\"nofollow\"><b>Cetaphil(R) Healthy Radiance Perfecting S\u00e9rum Antimanchas 30g<\/b><\/a> oferece 7 benef\u00edcios em um \u00fanico produto<sup>F<\/sup>: reduz manchas escuras causadas pelo sol e envelhecimento, uniformiza o tom da pele, melhora linhas finas, aumenta a luminosidade, deixa a pele fresca e descansada<sup>F<\/sup>, melhora a hidrata\u00e7\u00e3o e ilumina a pele<sup>30F<\/sup>. Estudos mostram que 91% dos usu\u00e1rios perceberam que o produto pode renovar a pele cansada, revelando o brilho saud\u00e1vel<sup>31G<\/sup>.<\/p>\n<p><a href=\"https:\/\/www.cetaphil.com.br\/linhas\/healthy-radiance\/creme-noturno-antimanchas\/3499320016759.html\" target=\"_blank\" rel=\"nofollow\"><b>Cetaphil(R) Healthy Radiance Creme Noturno Antimanchas 50g<\/b><\/a> reduz visivelmente as manchas escuras causadas pelo sol e envelhecimento em 4 semanas<sup>32<\/sup>, proporcionando uma pele com glow logo pela manh\u00e3<sup>33H<\/sup>. Estudos mostram que 91% dos usu\u00e1rios perceberam a pele com apar\u00eancia mais saud\u00e1vel<sup>34I<\/sup> e 89% perceberam uma melhora na sua textura<sup>35J<\/sup>.<\/p>\n<p>Vale ressaltar que Restylane(R) deve ser aplicado por profissionais de sa\u00fade habilitados \u00e0 pr\u00e1tica de injet\u00e1veis. E antes de usar qualquer produto, \u00e9 indicado consultar um dermatologista para garantir a melhor escolha e seguran\u00e7a para a sua pele.<\/p>\n<p>Refer\u00eancias<br \/>A. Alta manuten\u00e7\u00e3o das express\u00f5es faciais naturais com a linha OBT (95%, n=63); Tecnologia NASHA que resulta em g\u00e9is mais pr\u00f3ximos da composi\u00e7\u00e3o do AH natural.<br \/>B. G\u00e9is com flexibilidade e firmeza variadas que permitem a personaliza\u00e7\u00e3o do tratamento.<br \/>C. Estudo de autopercep\u00e7\u00e3o, n=41, ap\u00f3s 28 dias<br \/>D. Estudo de autopercep\u00e7\u00e3o, n=42 participantes<br \/>E. Ap\u00f3s 14 dias, n=42<br \/>F. Estudo de autopercep\u00e7\u00e3o, n=43<br \/>G. Ap\u00f3s 28 dias, n=43<br \/>H. Estudo de autopercep\u00e7\u00e3o, n=44, ap\u00f3s 56 dias<br \/>I-J. Estudo de autopercep\u00e7\u00e3o, n=44, ap\u00f3s 28 dias de uso<\/p>\n<p>1. Streker M, Reuther T, Krueger N, et al. Drugs Dermatol. 2013 Jan;12(9):990-994<br \/>2. Wu Y, et al. J Cosmet Dermatol. 2020 Jul;19(7):1627-1635. <br \/>3. Belmontesi M, et al. J Drugs Dermatol. 2018 Jan 1 ;17(1):83-88.<br \/><i>4. Dierickx C, et al. Dermatol Surg. 2018 Nov;44 Suppl 1:S10-S18.<\/i><br \/><i>5. Kim J, et al. Arch Aesthetic Plast Surg. 2014;20(2):97-103<br \/><\/i><i>6. Weiss RA, et al. <\/i><i>Dermatol Surg. 2016 Jun;42(6):699-709<\/i><br \/><i>7. Di Gregorio C, et al. <\/i><i>Clin Cosmet Investig Dermatol. 2022 Apr 14;15:681-690.<\/i><br \/><i>8. Talarico S, et al. Dermatol Surg. 2015 Dec;41(12):1361-9.<\/i><br \/><i>9. Kerscher M, et al. Presented at IMCAS World Congress Paris, France . January 26-29, 2017<\/i><br \/><i>10. Philipp-Dormston WG, et al. Dermatol Surg. 2018 Jun;44(6):826-832<\/i><br \/><i>11. Rzany B, et al. <\/i><i>Dermatol Surg. 2012 Jul;38(7 Pt 2):1153-61.<\/i><br \/><i>12. Segura S, et al. J Drugs Dermatol. <\/i><i>2012 Jan;11(1 Suppl):s5-8.<\/i><br \/><i>13. Ohrlund A et al. Poster presented at AMWC 2019.<br \/><\/i><i>14. Rogerio V, et al. J Stomatol Oral Maxillofac Surg. 2022 Sep;123(4):440-447.<\/i><br \/><i>15. \u00c5ke \u00d6hrlund. Journal of Cosmetics, Dermatological Sciences and Applications, 2018, 8, 47-54<\/i><br \/><i>16. Galderma data on file (MA-43049_HL)<\/i><br \/><i>17. IFU EU Restylane Lyft<\/i><br \/><i>18. Restylane Lido IFU.<\/i><br \/><i>19. Bertucci V et al. J Cosmet Dermatol. 2021 May;20(5):1499-1504.<\/i><br \/><i>20. Nikolis A et al. Dermatol Surg. 2021 May 1 ;47(5):e168-e173.<\/i><br \/><i>21. Nikolis A et al. J Drugs Dermatol. 2024 Apr 1 ;23(4):255-261.<\/i><br \/><i>22. Restylane Shaype IFU.<br \/><\/i><i>23. CETAPHIL_BHR-2.0_ClinicalDataIndex<br \/><\/i><i>24. RD.03.SPR.115425 <br \/><\/i><i>25. RD.27.SPR.203154 <br \/><\/i><i>26-31. CETAPHIL_BHR-2.0_ClinicalDataIndex <br \/><\/i><i>32-35. Final report_In Use_Night Cream RD.27.SPR.203148,<\/i><\/p>\n<p><b>Sobre a Galderma<\/b> <br \/>A Galderma \u00e9 uma das empresas l\u00edderes em dermatologia, presente em aproximadamente 90 pa\u00edses. Oferecemos um portf\u00f3lio inovador, embasado em ci\u00eancia, com marcas e servi\u00e7os premium que abrangem todo o universo do mercado dermatol\u00f3gico em r\u00e1pido crescimento, por meio dos neg\u00f3cios de Est\u00e9tica Injet\u00e1vel e Skincare Dermatol\u00f3gico &amp; Dermatologia Terap\u00eautica. Desde a nossa funda\u00e7\u00e3o, em 1981, dedicamos nosso foco e paix\u00e3o ao maior \u00f3rg\u00e3o do corpo humano &#8211; a pele &#8211; atendendo \u00e0s necessidades individuais de consumidores e pacientes com resultados superiores, em parceria com profissionais de sa\u00fade. Estamos avan\u00e7ando a dermatologia para cada hist\u00f3ria de pele, por entender que a pele em que estamos molda nossas vidas. Para mais informa\u00e7\u00f5es, acesse: <a href=\"https:\/\/www.galderma.com\/br-pt\/brasil\" target=\"_blank\" rel=\"nofollow\">www.galderma.com\/br-pt\/brasil<\/a><\/p>\n<p>Foto &#8211; <a href=\"https:\/\/mma.prnewswire.com\/media\/2844600\/240110_Galderma_12_400_2.jpg\" target=\"_blank\" rel=\"nofollow\">https:\/\/mma.prnewswire.com\/media\/2844600\/240110_Galderma_12_400_2.jpg<\/a><\/p>\n<div class=\"PRN_ImbeddedAssetReference\" id=\"DivAssetPlaceHolder0\"><\/div>\n<p id=\"PURL\"><img loading=\"lazy\" decoding=\"async\" title=\"Cision\" width=\"12\" height=\"12\" alt=\"Cision\" src=\"https:\/\/edge.prnewswire.com\/c\/img\/favicon.png?sn=PT45655&amp;sd=2025-12-12\" \/> View original content to download multimedia:<a id=\"PRNURL\" rel=\"nofollow\" href=\"https:\/\/www.prnewswire.com\/br\/comunicados-para-a-imprensa\/efeitos-imediatos-descobrimos-os-tratamentos-que-vao-recuperar-o-glow-da-sua-pele-a-tempo-de-aproveitar-as-festas-de-final-de-ano-302640384.html\" target=\"_blank\">https:\/\/www.prnewswire.com\/br\/comunicados-para-a-imprensa\/efeitos-imediatos-descobrimos-os-tratamentos-que-vao-recuperar-o-glow-da-sua-pele-a-tempo-de-aproveitar-as-festas-de-final-de-ano-302640384.html<\/a><\/p>\n<p>FONTE Galderma<\/p>\n<\/div>\n<p>  <img decoding=\"async\" alt=\"\" src=\"https:\/\/rt.prnewswire.com\/rt.gif?NewsItemId=PT45655&amp;Transmission_Id=202512121323PR_NEWS_LATAM____PT45655&amp;DateId=20251212\" style=\"border:0px;width:1px;height:1px\" \/><\/p>\n<p><strong>T\u00f3picos Relacionados:<\/strong> Pesquisa, Enquetes e Estudos, Sa\u00fade\/Hospitais, Dom\u00e9stico\/Consumidor\/Cosm\u00e9ticos, Cosm\u00e9ticos e Cuidados Pessoais<\/p>\n<p>A <b>OESP<\/b> n\u00e3o \u00e9(s\u00e3o) respons\u00e1vel(is) por erros, incorre\u00e7\u00f5es, atrasos ou quaisquer decis\u00f5es tomadas por seus clientes com base nos Conte\u00fados ora disponibilizados, bem como tais Conte\u00fados n\u00e3o representam a opini\u00e3o da <b>OESP<\/b> e s\u00e3o de inteira responsabilidade da <b>PR Newswire Ltda<\/b><\/p>\n","protected":false},"excerpt":{"rendered":"Saiba como preparar sua pele para brilhar nas comemora\u00e7\u00f5es, segundo dermatologista S\u00c3O PAULO, 12 de dezembro de 2025 \/PRNewswire\/ &#8212; Com o fim do ano batendo \u00e0 porta e o ver\u00e3o se","protected":false},"author":1,"featured_media":121375,"comment_status":"open","ping_status":"closed","sticky":false,"template":"","format":"standard","meta":{"_acf_changed":false,"inline_featured_image":false,"_monsterinsights_skip_tracking":false,"_monsterinsights_sitenote_active":false,"_monsterinsights_sitenote_note":"","_monsterinsights_sitenote_category":0,"footnotes":""},"categories":[27],"tags":[5603,5604],"class_list":["post-121374","post","type-post","status-publish","format-standard","has-post-thumbnail","hentry","category-prnewswire","tag-saiba-como-preparar-sua-pele-para-brilhar-nas-comemoracoes","tag-segundo-dermatologista"],"acf":[],"_links":{"self":[{"href":"https:\/\/bluestudio.estadao.com.br\/agencia-de-comunicacao\/wp-json\/wp\/v2\/posts\/121374","targetHints":{"allow":["GET"]}}],"collection":[{"href":"https:\/\/bluestudio.estadao.com.br\/agencia-de-comunicacao\/wp-json\/wp\/v2\/posts"}],"about":[{"href":"https:\/\/bluestudio.estadao.com.br\/agencia-de-comunicacao\/wp-json\/wp\/v2\/types\/post"}],"author":[{"embeddable":true,"href":"https:\/\/bluestudio.estadao.com.br\/agencia-de-comunicacao\/wp-json\/wp\/v2\/users\/1"}],"replies":[{"embeddable":true,"href":"https:\/\/bluestudio.estadao.com.br\/agencia-de-comunicacao\/wp-json\/wp\/v2\/comments?post=121374"}],"version-history":[{"count":0,"href":"https:\/\/bluestudio.estadao.com.br\/agencia-de-comunicacao\/wp-json\/wp\/v2\/posts\/121374\/revisions"}],"wp:featuredmedia":[{"embeddable":true,"href":"https:\/\/bluestudio.estadao.com.br\/agencia-de-comunicacao\/wp-json\/wp\/v2\/media\/121375"}],"wp:attachment":[{"href":"https:\/\/bluestudio.estadao.com.br\/agencia-de-comunicacao\/wp-json\/wp\/v2\/media?parent=121374"}],"wp:term":[{"taxonomy":"category","embeddable":true,"href":"https:\/\/bluestudio.estadao.com.br\/agencia-de-comunicacao\/wp-json\/wp\/v2\/categories?post=121374"},{"taxonomy":"post_tag","embeddable":true,"href":"https:\/\/bluestudio.estadao.com.br\/agencia-de-comunicacao\/wp-json\/wp\/v2\/tags?post=121374"}],"curies":[{"name":"wp","href":"https:\/\/api.w.org\/{rel}","templated":true}]}}