{"id":120994,"date":"2025-12-10T12:25:00","date_gmt":"2025-12-10T15:25:00","guid":{"rendered":"https:\/\/bluestudio.estadao.com.br\/agencia-de-comunicacao\/releases\/releases-geral\/como-a-prevencao-de-doencas-cronicas-pode-ajudar-a-descarbonizar-o-sistema-de-saude\/"},"modified":"2025-12-10T12:25:00","modified_gmt":"2025-12-10T15:25:00","slug":"como-a-prevencao-de-doencas-cronicas-pode-ajudar-a-descarbonizar-o-sistema-de-saude","status":"publish","type":"post","link":"https:\/\/bluestudio.estadao.com.br\/agencia-de-comunicacao\/releases\/releases-geral\/como-a-prevencao-de-doencas-cronicas-pode-ajudar-a-descarbonizar-o-sistema-de-saude\/","title":{"rendered":"Como a preven\u00e7\u00e3o de doen\u00e7as cr\u00f4nicas pode ajudar a descarbonizar o sistema de sa\u00fade"},"content":{"rendered":"<p>Durante painel na COP-30, especialistas discutiram o impacto das doen\u00e7as cr\u00f4nicas no clima e os caminhos para um SUS mais resiliente e sustent\u00e1vel.<\/p>\n<p>As mudan\u00e7as clim\u00e1ticas j\u00e1 afetam, hoje, a sa\u00fade de milh\u00f5es de pessoas em todo o mundo. De acordo com a Organiza\u00e7\u00e3o Mundial da Sa\u00fade (OMS), cerca de 25% de todas as mortes globais est\u00e3o relacionadas a condi\u00e7\u00f5es ambientais\u00b9. Enquanto isso, o sistema de sa\u00fade brasileiro, j\u00e1 sobrecarregado, enfrenta uma dupla press\u00e3o: lidar com os impactos da crise clim\u00e1tica e atender \u00e0 crescente demanda por cuidados\u00b2\u00b345.. Atualmente, o pa\u00eds vive um aumento exponencial das doen\u00e7as cr\u00f4nicas n\u00e3o transmiss\u00edveis. C\u00e2ncer, diabetes, doen\u00e7as cardiovasculares, respirat\u00f3rias e doen\u00e7a renal cr\u00f4nica j\u00e1 representam tr\u00eas quartos das mortes no Brasil6.<\/p>\n<p>De forma paradoxal, o pr\u00f3prio setor de sa\u00fade contribui para essa crise clim\u00e1tica, com 5% das emiss\u00f5es globais de gases de efeito estufa e 4,4% das emiss\u00f5es brasileiras7. Quase metade das emiss\u00f5es est\u00e1 ligada \u00e0s jornadas dos pacientes &#8211; incluindo deslocamentos, hospitaliza\u00e7\u00f5es e op\u00e7\u00f5es terap\u00eauticas8. Como forma de reduzir o impacto ambiental, investir em preven\u00e7\u00e3o e cuidado precoce pode gerar benef\u00edcios duplos: melhora a sa\u00fade da popula\u00e7\u00e3o e reduz as emiss\u00f5es associadas ao setor ?.<\/p>\n<p><b>Tratamento e impacto ambiental<\/b><\/p>\n<p>Um exemplo disso \u00e9 o tratamento do diabetes tipo 2, uma condi\u00e7\u00e3o cr\u00f4nica que afeta a forma como o corpo processa o a\u00e7\u00facar (glicose) no sangue. Desde o in\u00edcio de 2025, o Farm\u00e1cia Popular, programa do governo para distribui\u00e7\u00e3o 100% gratuita de uma lista de rem\u00e9dios e insumos, disponibilizou um novo tipo de medicamento inovador para o tratamento dessa doen\u00e7a para pacientes eleg\u00edveis acima de 65 anos e sob prescri\u00e7\u00e3o m\u00e9dica: o inibidor de SGLT2\u00b9\u00b0, classe de medicamentos para diabetes que ajuda o corpo a eliminar o excesso de a\u00e7\u00facar pela urina, reduzindo a glicose no sangue e podendo tamb\u00e9m atuar na prote\u00e7\u00e3o do cora\u00e7\u00e3o e dos rins\u00b9\u00b9. Esse medicamento tem indicado benef\u00edcios cl\u00ednicos significativos, como o atraso na progress\u00e3o para doen\u00e7a renal cr\u00f4nica em at\u00e9 15 anos, diminuindo a necessidade de di\u00e1lise\u00b9\u00b2 &#8211; tratamento essencial para funcionamento dos rins &#8211; mas altamente intensivo e que demanda grande volume de \u00e1gua, energia el\u00e9trica e insumos hospitalares, com alta emiss\u00e3o de di\u00f3xido de carbono (CO2)\u00b9\u00b3.<\/p>\n<p>Para entender a pegada de carbono desses pacientes com diabetes e complica\u00e7\u00f5es cardiorrenais no Sistema \u00danico de Sa\u00fade (SUS), a AstraZeneca, em parceria com a IQVIA, apresentou dados preliminares do estudo ECOSUS no painel Sa\u00fade e Clima: Como o Programa Farm\u00e1cia Popular Pode Contribuir Para a Descarboniza\u00e7\u00e3o do SUS, na Zona Verde da COP-30, realizada em Bel\u00e9m (PA). No estudo, 155 pacientes com diabetes tipo 2 associada a complica\u00e7\u00f5es cardiorrenais foram considerados, mostrando que, aproximadamente, 128 toneladas de carbono foram emitidas ao longo de tr\u00eas anos, o que equivale \u00e0 necessidade de compensar 24 hectares de floresta tropical.<\/p>\n<p>A partir dessa constata\u00e7\u00e3o, o foco do estudo foi entender como o Programa Farm\u00e1cia Popular pode tamb\u00e9m ser considerado uma ferramenta para mitigar emiss\u00f5es de CO2. Um paciente que necessita de di\u00e1lise pode emitir at\u00e9 135 vezes mais CO2 do que um paciente que ainda n\u00e3o precisou desse tipo de recurso. Com isso, \u00e9 poss\u00edvel concluir que a inclus\u00e3o dos inibidores SGLT2 no Farm\u00e1cia Popular, pode contribuir com a redu\u00e7\u00e3o do impacto ambiental ao prevenir complica\u00e7\u00f5es cardiorrenais graves que exigem cuidados intensivos e t\u00eam alto impacto ambiental.<\/p>\n<p>&#8220;A crise clim\u00e1tica tamb\u00e9m \u00e9 uma crise de sa\u00fade. As evid\u00eancias que apresentamos na COP30 mostram os benef\u00edcios que podem ter em agir precocemente em doen\u00e7as cr\u00f4nicas e demonstram como colabora\u00e7\u00e3o e ci\u00eancia podem contribuir para pol\u00edticas p\u00fablicas, como o Plano de A\u00e7\u00e3o em Sa\u00fade de Bel\u00e9m, acelerando a transi\u00e7\u00e3o para sistemas de sa\u00fade mais equitativos, resilientes e sustent\u00e1veis&#8221;, afirmou o presidente da AstraZeneca Brasil, Olavo Corr\u00eaa.<\/p>\n<p><b>Programas espec\u00edficos<\/b><\/p>\n<p>De acordo com o diretor do Departamento de Assist\u00eancia Farmac\u00eautica e Insumos Estrat\u00e9gicos do Minist\u00e9rio da Sa\u00fade, Marco Aur\u00e9lio Pereira, &#8220;o Farm\u00e1cia Popular \u00e9 um dos programas de facilita\u00e7\u00e3o de acesso a medicamentos mais importantes atualmente. Temos outras a\u00e7\u00f5es desenvolvidas em parcerias estaduais e municipais. Doen\u00e7as cr\u00f4nicas contam com programas espec\u00edficos tamb\u00e9m. E agora avan\u00e7amos para atender \u00e0s necessidades clim\u00e1ticas de sa\u00fade, com o benef\u00edcio da gratuidade, do desconto, do amparo financeiro&#8221;.<\/p>\n<p>Para o m\u00e9dico Moura Neto, presidente da Sociedade Brasileira de Nefrologia, o cidad\u00e3o pode contribuir com o meio ambiente tomando precau\u00e7\u00f5es com sua sa\u00fade no dia a dia e fazendo exames regulares para diagn\u00f3stico precoce. &#8220;Quanto antes detectarmos qualquer altera\u00e7\u00e3o na sa\u00fade dos rins, melhor para o paciente, no seu bem-estar, melhor para os custos do sistema de sa\u00fade, e tamb\u00e9m melhor para o meio ambiente porque pode evitar tratamentos intensivos de alta emiss\u00e3o de carbono&#8221;.<\/p>\n<p><b>Parcerias para avan\u00e7ar no diagn\u00f3stico precoce<\/b><\/p>\n<p>A AstraZeneca foi a \u00fanica representante da ind\u00fastria farmac\u00eautica a ter um painel na agenda oficial da COP-30 e um dos destaques foi a import\u00e2ncia de estabelecer parcerias p\u00fablico privada para garantir investimento em preven\u00e7\u00e3o e detec\u00e7\u00e3o precoce de doen\u00e7as cr\u00f4nicas e contribuir com o meio ambiente. Al\u00e9m do exemplo de diabetes tipo 2, Olavo Corr\u00eaa ressaltou o caso do c\u00e2ncer de pulm\u00e3o. No Brasil, a doen\u00e7a \u00e9 a mais letal entre os c\u00e2nceres\u00b95 e por conta da falta de pol\u00edticas p\u00fablicas voltadas \u00e0 detec\u00e7\u00e3o precoce\u00b96, 85% dos casos da doen\u00e7a s\u00e3o diagnosticados em est\u00e1gios avan\u00e7ados, trazendo mais custos para o sistema de sa\u00fade.<\/p>\n<p>&#8220;Se quisermos mudar a vida da popula\u00e7\u00e3o brasileira, um dos pilares fundamentais \u00e9 investir em diagn\u00f3stico precoce e promover cada vez mais colabora\u00e7\u00e3o p\u00fablico-privada. Assim, contribu\u00edmos para um sistema de sa\u00fade mais resiliente e sustent\u00e1vel&#8221;, refor\u00e7a Olavo.<\/p>\n<p><b>Descarboniza\u00e7\u00e3o al\u00e9m da sa\u00fade<\/b><\/p>\n<p>Ao lado da transforma\u00e7\u00e3o dos modelos de cuidado, a AstraZeneca tamb\u00e9m tem investido em projetos de restaura\u00e7\u00e3o florestal e prote\u00e7\u00e3o da biodiversidade, alinhados \u00e0 sua estrat\u00e9gia global de sustentabilidade. No Brasil, a companhia contribui com o projeto Corredores de Vida, em parceria com o Instituto de Pesquisas Ecol\u00f3gicas (IP\u00ca), voltado \u00e0 restaura\u00e7\u00e3o da Mata Atl\u00e2ntica, no Pontal do Paranapanema (SP).<\/p>\n<p>&#8220;Acreditamos em parcerias de longo prazo que unam ci\u00eancia, tecnologia e compromisso social. Estamos investindo mais de 350 milh\u00f5es de reais para restaurar a Mata Atl\u00e2ntica, com a meta de plantar 12 milh\u00f5es de \u00e1rvores at\u00e9 2026 e garantir a manuten\u00e7\u00e3o dessa \u00e1rea por 30 anos. Al\u00e9m disso, h\u00e1 o impacto social na regi\u00e3o do Pontal de Paranapanema, porque estamos gerando mais de 400 empregos, melhorando a qualidade de vida das fam\u00edlias e promovendo um desenvolvimento sustent\u00e1vel que vai al\u00e9m do plantio&#8221;, explica Olavo Corr\u00eaa.<\/p>\n<p>Material destinado \u00e0 imprensa especializada. BR-47022. Aprovado em dezembro\/2025.<\/p>\n<p>Refer\u00eancias:<\/p>\n<p>1 &#8211; Na\u00e7\u00f5es Unidas no Brasil. OMS lista seis motivos para um meio ambiente saud\u00e1vel ser um direito humano. Dispon\u00edvel em: https:\/\/brasil.un.org\/pt-br\/126818-oms-lista-seis-motivos-para-um-meio-ambiente-saud%C3%A1vel-ser-um-direito-humano. Acesso em novembro de 2025.<\/p>\n<p>2 &#8211; ORGANIZA\u00c7\u00c3O MUNDIAL DA SA\u00daDE (OMS). Climate change and health. Genebra: OMS, 2023. Dispon\u00edvel em: https:\/\/www.who.int\/news-room\/fact-sheets\/detail\/climate-change-and-health. Acesso em: 26 nov. 2025.<\/p>\n<p>3 &#8211; ORGANIZA\u00c7\u00c3O PAN-AMERICANA DA SA\u00daDE (OPAS). Mudan\u00e7a clim\u00e1tica e sa\u00fade na Am\u00e9rica Latina e Caribe. Washington, D.C.: OPAS, 2022. Dispon\u00edvel em: https:\/\/www.paho.org\/pt\/topicos\/mudanca-climatica-e-saude. Acesso em: 26 nov. 2025.<\/p>\n<p>4 &#8211; BRASIL. Minist\u00e9rio da Sa\u00fade. Plano de A\u00e7\u00f5es Estrat\u00e9gicas para o Enfrentamento das DCNT no Brasil 2021-2030. Bras\u00edlia: Minist\u00e9rio da Sa\u00fade, 2021. Dispon\u00edvel em: https:\/\/www.gov.br\/saude. Acesso em: 26 nov. 2025.<\/p>\n<p>5 &#8211; LANCET COUNTDOWN. Lancet Countdown on Health and Climate Change: 2023 Report. Londres: The Lancet, 2023. Dispon\u00edvel em: https:\/\/www.lancetcountdown.org. Acesso em: 26 nov. 2025.OPAS. Folha Informativa. Dispon\u00edvel em: https:\/\/www.paho.org\/pt\/topicos\/doencas-cardiovasculares. Acesso em novembro de 2025.<\/p>\n<p>6 &#8211; AG\u00caNCIA FIOCRUZ DE NOT\u00cdCIAS. Mortalidade prematura por doen\u00e7as cr\u00f4nicas caiu no Brasil. Dispon\u00edvel em: https:\/\/agencia.fiocruz.br\/mortalidade-prematura-por-doencas-cronicas-caiu-no-brasil#:~:text=As%20doen%C3%A7as%20cr%C3%B4nicas%20n%C3%A3o%20transmiss%C3%ADveis%20(DCNT%20(,a%20principal%20causa%20de%20mortes%20no%20Brasil.. Acesso em dezembro de 2025.<\/p>\n<p>7 &#8211; CLIMAINFO. 4,4% das emiss\u00f5es globais v\u00eam do setor de sa\u00fade. Dispon\u00edvel em: https:\/\/climainfo.org.br\/2019\/11\/13\/44-das-emissoes-globais-vem-do-setor-de-saude\/. Acesso em novembro de 2025.<\/p>\n<p>8 &#8211; ANAHP. O IMPACTO DAS EMERG\u00caNCIAS CLIM\u00c1TICAS NA SA\u00daDE. Dispon\u00edvel em: https:\/\/www.anahp.com.br\/wp-content\/uploads\/2024\/10\/ESG-nos-hospitais-Anahp_2024.pdf. Acesso em novembro de 2025.<\/p>\n<p>9 &#8211; SSD. Roteiro Global para Descarboniza\u00e7\u00e3o do Setor Sa\u00fade. Dispon\u00edvel em: Roteiro Global para Descarboniza\u00e7\u00e3o do Setor Sa\u00fade. Acesso em dezembro.<\/p>\n<p>10 &#8211; GOV. Todos os medicamentos do Farm\u00e1cia Popular ser\u00e3o gratuitos a toda a popula\u00e7\u00e3o. Dispon\u00edvel em: https:\/\/www.gov.br\/secom\/pt-br\/assuntos\/noticias\/2025\/02\/todos-os-medicamentos-do-farmacia-popular-serao-gratuitos-a-toda-a-populacao. Acesso em dezembro de 2025.<\/p>\n<p>11 &#8211; Hummel CS, Lu C, Loo DD, Hirayama BA, Voss AA, Wright EM. Glucose transport by human renal Na+\/D-glucose cotransporters SGLT1 and SGLT2. Am J Physiol Cell Physiol. 2011 Jan;300(1):C14-21. Acesso em dezembro de 2025.<\/p>\n<p>12 &#8211; Meraz-Mu\u00f1oz AY, Weinstein J, Wald R. eGFR Decline after SGLT2 Inhibitor Initiation: The Tortoise and the Hare Reimagined. Kidney360. 2021 Mar 26;2(6):1042-1047. Acesso em dezembro de 2025.<\/p>\n<p>13 &#8211; PORTAL GLOBAL ESG. Pegada de carbono gerada pela Doen\u00e7a Renal Cr\u00f4nica pode se igualar \u00e0 de 1,5 milh\u00e3o de carros em 2032. Dispon\u00edvel em: https:\/\/globalesg.com.br\/noticia\/880\/pegada-de-carbono-gerada-pela-doenca-renal-cronica-pode-se-igualar-a-de-1-5-milhao-de-carros-em-2032. Acesso em dezembro de 2025.<\/p>\n<p>14 &#8211; SOCIEDADE BRASILEIRA DE CIRURGIA ONCOL\u00d3GICA. Tabagismo leva a 8 entre 10 casos de c\u00e2ncer de pulm\u00e3o, o mais letal no mundo. Dispon\u00edvel em: https:\/\/sbco.org.br\/atualizacoes-cientificas\/tabagismo-leva-a-8-entre-10-casos-de-cancer-de-pulmao-o-mais-letal-no-mundo\/. Acesso em dezembro de 2025.<\/p>\n<p>15 &#8211; C\u00c2MARA DOS DEPUTADOS. Especialistas alertam que melhoria no SUS pode reduzir mortes causadas por c\u00e2ncer de pulm\u00e3o. Dispon\u00edvel em: https:\/\/www.camara.leg.br\/noticias\/1190783-especialistas-alertam-que-melhoria-no-sus-pode-reduzir-mortes-causadas-por-cancer-de-pulmao-assista\/. Acesso em dezembro de 2025.<\/p>\n<p>16 &#8211; SBPT. PL 2550\/24: C\u00e2ncer de Pulm\u00e3o em pauta no Congresso Nacional. Dispon\u00edvel em: https:\/\/sbpt.org.br\/portal\/pl-2550-24-cancer-de-pulmao-em-pauta-no-congresso-nacional\/. Acesso de dezembro de 2025.<\/p>\n","protected":false},"excerpt":{"rendered":"Durante painel na COP-30, especialistas discutiram o impacto das doen\u00e7as cr\u00f4nicas no clima e os caminhos para um SUS mais resiliente e sustent\u00e1vel.\nAs mudan\u00e7as clim\u00e1ticas j\u00e1 afeta","protected":false},"author":1,"featured_media":0,"comment_status":"open","ping_status":"closed","sticky":false,"template":"","format":"standard","meta":{"_acf_changed":false,"inline_featured_image":false,"_monsterinsights_skip_tracking":false,"_monsterinsights_sitenote_active":false,"_monsterinsights_sitenote_note":"","_monsterinsights_sitenote_category":0,"footnotes":""},"categories":[34],"tags":[],"class_list":["post-120994","post","type-post","status-publish","format-standard","hentry","category-releases-geral"],"acf":[],"_links":{"self":[{"href":"https:\/\/bluestudio.estadao.com.br\/agencia-de-comunicacao\/wp-json\/wp\/v2\/posts\/120994","targetHints":{"allow":["GET"]}}],"collection":[{"href":"https:\/\/bluestudio.estadao.com.br\/agencia-de-comunicacao\/wp-json\/wp\/v2\/posts"}],"about":[{"href":"https:\/\/bluestudio.estadao.com.br\/agencia-de-comunicacao\/wp-json\/wp\/v2\/types\/post"}],"author":[{"embeddable":true,"href":"https:\/\/bluestudio.estadao.com.br\/agencia-de-comunicacao\/wp-json\/wp\/v2\/users\/1"}],"replies":[{"embeddable":true,"href":"https:\/\/bluestudio.estadao.com.br\/agencia-de-comunicacao\/wp-json\/wp\/v2\/comments?post=120994"}],"version-history":[{"count":0,"href":"https:\/\/bluestudio.estadao.com.br\/agencia-de-comunicacao\/wp-json\/wp\/v2\/posts\/120994\/revisions"}],"wp:attachment":[{"href":"https:\/\/bluestudio.estadao.com.br\/agencia-de-comunicacao\/wp-json\/wp\/v2\/media?parent=120994"}],"wp:term":[{"taxonomy":"category","embeddable":true,"href":"https:\/\/bluestudio.estadao.com.br\/agencia-de-comunicacao\/wp-json\/wp\/v2\/categories?post=120994"},{"taxonomy":"post_tag","embeddable":true,"href":"https:\/\/bluestudio.estadao.com.br\/agencia-de-comunicacao\/wp-json\/wp\/v2\/tags?post=120994"}],"curies":[{"name":"wp","href":"https:\/\/api.w.org\/{rel}","templated":true}]}}