{"id":120901,"date":"2025-12-09T13:57:00","date_gmt":"2025-12-09T16:57:00","guid":{"rendered":"https:\/\/bluestudio.estadao.com.br\/agencia-de-comunicacao\/prnewswire\/o-imec-demonstra-a-primeira-fabricacao-em-escala-de-wafer-de-nanoporos-de-estado-solido-usando-litografia-euv\/"},"modified":"2025-12-09T13:57:00","modified_gmt":"2025-12-09T16:57:00","slug":"o-imec-demonstra-a-primeira-fabricacao-em-escala-de-wafer-de-nanoporos-de-estado-solido-usando-litografia-euv","status":"publish","type":"post","link":"https:\/\/bluestudio.estadao.com.br\/agencia-de-comunicacao\/prnewswire\/o-imec-demonstra-a-primeira-fabricacao-em-escala-de-wafer-de-nanoporos-de-estado-solido-usando-litografia-euv\/","title":{"rendered":"O Imec demonstra a primeira fabrica\u00e7\u00e3o em escala de wafer de nanoporos de estado s\u00f3lido usando litografia EUV"},"content":{"rendered":"\n<div class=\"xn-content\">\n<p class=\"prntac\"><i>O avan\u00e7o possibilita aplica\u00e7\u00f5es ajust\u00e1veis e de alta precis\u00e3o em biossensoriamento em ci\u00eancias da vida e sa\u00fade<\/i><\/p>\n<p><span class=\"legendSpanClass\">LEUVEN, B\u00e9lgica<\/span>, <span class=\"legendSpanClass\">9 de dezembro de 2025 <\/span> \/PRNewswire\/ &#8212;<\/p>\n<div id=\"prni_dvprnejpgdfa4left\" dir=\"ltr\" style=\"width: 800px;text-align: left\"><img decoding=\"async\" id=\"prnejpgdfa4left\" title=\"imec\" src=\"https:\/\/mma.prnewswire.com\/media\/2839859\/imec_Logo.jpg\" alt=\"imec\" align=\"middle\" \/><\/div>\n<ul type=\"disc\">\n<li>O Imec conseguiu a primeira fabrica\u00e7\u00e3o bem-sucedida em escala de wafer de nanoporos em estado s\u00f3lido usando litografia EUV em wafers de 300 mm. Essa inova\u00e7\u00e3o transforma a tecnologia nanopore de um conceito em escala de laborat\u00f3rio em uma plataforma ajust\u00e1vel para biossensoriamento, gen\u00f4mico e prote\u00f4mico.<\/li>\n<li>Nanoporos s\u00e3o considerados transformadores para gen\u00f4mica e prote\u00f4mica, mas, at\u00e9 agora, nanoporos de estado s\u00f3lido nunca foram produzidos em massa devido a desafios de variabilidade e integra\u00e7\u00e3o. O avan\u00e7o do Imec abre caminho para matrizes de biossensores de alta capacidade e compat\u00edveis com CMOS, que podem acelerar a medicina personalizada, diagn\u00f3sticos r\u00e1pidos e armazenamento de dados moleculares.<\/li>\n<li>Fabrica\u00e7\u00e3o em escala de wafer usando litografia EUV em wafers de 300 mm de nanoporos de at\u00e9 ~10 nm com alta uniformidade atrav\u00e9s do wafer. O processo de fabrica\u00e7\u00e3o se apresenta como uma promessa para alcan\u00e7ar tamanhos de poros abaixo de 5 nm com aprimoramentos adicionais nas t\u00e9cnicas de integra\u00e7\u00e3o do processo. A caracteriza\u00e7\u00e3o da transloca\u00e7\u00e3o el\u00e9trica e bio-molecular demonstrou uma alta rela\u00e7\u00e3o sinal-ru\u00eddo de 6,2.<\/li>\n<li>&#8220;O Imec est\u00e1 em uma posi\u00e7\u00e3o \u00fanica para dar esse salto. Podemos aplicar a litografia EUV &#8211; tradicionalmente reservada para mem\u00f3ria e l\u00f3gica &#8211; \u00e0s ci\u00eancias da vida. Ao aproveitar nossa infraestrutura de litografia, mostramos que os nanoporos em estado s\u00f3lido podem ser fabricados em escala com a precis\u00e3o necess\u00e1ria para o sensoriamento molecular&#8221;, disse Ashesh Ray Chaudhuri, primeiro autor e gerente de projetos de P&amp;D no Imec. &#8220;Isso abre a porta para matrizes de biossensores de alta capacidade para cuidados m\u00e9dicos e muito mais.&#8221;<\/li>\n<\/ul>\n<p><b>Sobre o Imec<br \/><\/b>O Imec \u00e9 um centro de pesquisa e inova\u00e7\u00e3o l\u00edder mundial em tecnologias avan\u00e7adas de semicondutores. Aproveitando sua infraestrutura de P&amp;D de ponta e a experi\u00eancia de mais de 6.500 funcion\u00e1rios, o Imec impulsiona a inova\u00e7\u00e3o em escalabilidade de semicondutores e sistemas, intelig\u00eancia artificial, fot\u00f4nica de sil\u00edcio, conectividade e sensoriamento.<\/p>\n<p>A pesquisa avan\u00e7ada do Imec possibilita avan\u00e7os em uma ampla gama de setores, incluindo computa\u00e7\u00e3o, sa\u00fade, automotivo, energia, infoentretenimento, ind\u00fastria, agroalimentar e seguran\u00e7a. Atrav\u00e9s do IC-Link, o Imec orienta as empresas em cada etapas da jornada do chip, desde o conceito inicial at\u00e9 a fabrica\u00e7\u00e3o em larga escala, fornecendo solu\u00e7\u00f5es personalizadas adaptadas para atender \u00e0s necessidades mais avan\u00e7adas de design e produ\u00e7\u00e3o.<\/p>\n<p>O Imec colabora com l\u00edderes globais de toda a cadeia de valor dos semicondutores, bem como com empresas de tecnologia, startups, universidades e institui\u00e7\u00f5es de pesquisa em Flandres e em todo o mundo. Com sede em Leuven, B\u00e9lgica, o IMEC possui instala\u00e7\u00f5es de pesquisa na B\u00e9lgica, na Europa e nos EUA, e com representa\u00e7\u00e3o em tr\u00eas continentes. Em 2024, o Imec registrou receita de EUR 1,034 bilh\u00e3o. Para mais informa\u00e7\u00f5es, acesse <a href=\"https:\/\/edge.prnewswire.com\/c\/link\/?t=0&amp;l=pt&amp;o=4574050-1&amp;h=1022367046&amp;u=https%3A%2F%2Fedge.prnewswire.com%2Fc%2Flink%2F%3Ft%3D0%26l%3Den%26o%3D4574050-1%26h%3D2314460342%26u%3Dhttps%253A%252F%252Furldefense.com%252Fv3%252F__http%253A%252Fwww.imec-int.com__%253B!!IHJ3XrWN4X8!JLRsNJKiP8GvBOP_UF2enrB-5PScTqDfDl8DSiYqL3R74CGsNqUd9bB3fChFYSWjCYXgQ5OifkLtmWLnhKazhWgm%2524%26a%3Dwww.imec-int.com&amp;a=www.imec-int.com\" target=\"_blank\" rel=\"nofollow\">www.imec-int.com<\/a><\/p>\n<p>Comunicado de imprensa completo: <a href=\"https:\/\/edge.prnewswire.com\/c\/link\/?t=0&amp;l=pt&amp;o=4574050-1&amp;h=3405238751&amp;u=https%3A%2F%2Fedge.prnewswire.com%2Fc%2Flink%2F%3Ft%3D0%26l%3Den%26o%3D4574050-1%26h%3D226373229%26u%3Dhttps%253A%252F%252Furldefense.com%252Fv3%252F__https%253A%252Fwww.imec-int.com%252Fen%252Fpress%252Fimec-demonstrates-first-wafer-scale-fabrication-solid-state-nanopores-using-euv-lithography__%253B!!IHJ3XrWN4X8!J7Kx5ZERfXw0cKf6zz0vpqkeJVwYqsNHg1kcvfwDLhLS6VRgUv-g5USiul6Oc1BMFNZFbemIG9S5dXxZEy3Kt4Cj%2524%26a%3Dhttps%253A%252F%252Fwww.imec-int.com%252Fen%252Fpress%252Fimec-demonstrates-first-wafer-scale-fabrication-solid-state-nanopores-using-euv-lithography&amp;a=https%3A%2F%2Fwww.imec-int.com%2Fen%2Fpress%2Fimec-demonstrates-first-wafer-scale-fabrication-solid-state-nanopores-using-euv-lithography\" target=\"_blank\" rel=\"nofollow\">https:\/\/www.imec-int.com\/en\/press\/imec-demonstrates-first-wafer-scale-fabrication-solid-state-nanopores-using-euv-lithography<\/a><\/p>\n<p>Logo &#8211; <a href=\"https:\/\/edge.prnewswire.com\/c\/link\/?t=0&amp;l=pt&amp;o=4574050-1&amp;h=1241092814&amp;u=https%3A%2F%2Fmma.prnewswire.com%2Fmedia%2F2839859%2Fimec_Logo.jpg&amp;a=https%3A%2F%2Fmma.prnewswire.com%2Fmedia%2F2839859%2Fimec_Logo.jpg\" target=\"_blank\" rel=\"nofollow\">https:\/\/mma.prnewswire.com\/media\/2839859\/imec_Logo.jpg<\/a><\/p>\n<p id=\"PURL\"><img loading=\"lazy\" decoding=\"async\" title=\"Cision\" width=\"12\" height=\"12\" alt=\"Cision\" src=\"https:\/\/edge.prnewswire.com\/c\/img\/favicon.png?sn=PT40825&amp;sd=2025-12-09\" \/> View original content:<a id=\"PRNURL\" rel=\"nofollow\" href=\"https:\/\/www.prnewswire.com\/br\/comunicados-para-a-imprensa\/o-imec-demonstra-a-primeira-fabricacao-em-escala-de-wafer-de-nanoporos-de-estado-solido-usando-litografia-euv-302636894.html\" target=\"_blank\">https:\/\/www.prnewswire.com\/br\/comunicados-para-a-imprensa\/o-imec-demonstra-a-primeira-fabricacao-em-escala-de-wafer-de-nanoporos-de-estado-solido-usando-litografia-euv-302636894.html<\/a><\/p>\n<p>FONTE Imec<\/p>\n<\/div>\n<p>  <img decoding=\"async\" alt=\"\" src=\"https:\/\/rt.prnewswire.com\/rt.gif?NewsItemId=PT40825&amp;Transmission_Id=202512090300PR_NEWS_LATAM____PT40825&amp;DateId=20251209\" style=\"border:0px;width:1px;height:1px\" \/><\/p>\n<p><strong>T\u00f3picos Relacionados:<\/strong> Novos Produtos\/Servi\u00e7os, Nanotecnologia, Computador\/Eletr\u00f4nica, Semicondutores<\/p>\n<p>A <b>OESP<\/b> n\u00e3o \u00e9(s\u00e3o) respons\u00e1vel(is) por erros, incorre\u00e7\u00f5es, atrasos ou quaisquer decis\u00f5es tomadas por seus clientes com base nos Conte\u00fados ora disponibilizados, bem como tais Conte\u00fados n\u00e3o representam a opini\u00e3o da <b>OESP<\/b> e s\u00e3o de inteira responsabilidade da <b>PR Newswire Ltda<\/b><\/p>\n","protected":false},"excerpt":{"rendered":"O avan\u00e7o possibilita aplica\u00e7\u00f5es ajust\u00e1veis e de alta precis\u00e3o em biossensoriamento em ci\u00eancias da vida e sa\u00fade LEUVEN, B\u00e9lgica, 9 de dezembro de 2025 \/PRNewswire\/ &#8212; O Imec conseguiu a","protected":false},"author":1,"featured_media":120902,"comment_status":"open","ping_status":"closed","sticky":false,"template":"","format":"standard","meta":{"_acf_changed":false,"inline_featured_image":false,"_monsterinsights_skip_tracking":false,"_monsterinsights_sitenote_active":false,"_monsterinsights_sitenote_note":"","_monsterinsights_sitenote_category":0,"footnotes":""},"categories":[27],"tags":[5484],"class_list":["post-120901","post","type-post","status-publish","format-standard","has-post-thumbnail","hentry","category-prnewswire","tag-o-avanco-possibilita-aplicacoes-ajustaveis-e-de-alta-precisao-em-biossensoriamento-em-ciencias-da-vida-e-saude"],"acf":[],"_links":{"self":[{"href":"https:\/\/bluestudio.estadao.com.br\/agencia-de-comunicacao\/wp-json\/wp\/v2\/posts\/120901","targetHints":{"allow":["GET"]}}],"collection":[{"href":"https:\/\/bluestudio.estadao.com.br\/agencia-de-comunicacao\/wp-json\/wp\/v2\/posts"}],"about":[{"href":"https:\/\/bluestudio.estadao.com.br\/agencia-de-comunicacao\/wp-json\/wp\/v2\/types\/post"}],"author":[{"embeddable":true,"href":"https:\/\/bluestudio.estadao.com.br\/agencia-de-comunicacao\/wp-json\/wp\/v2\/users\/1"}],"replies":[{"embeddable":true,"href":"https:\/\/bluestudio.estadao.com.br\/agencia-de-comunicacao\/wp-json\/wp\/v2\/comments?post=120901"}],"version-history":[{"count":0,"href":"https:\/\/bluestudio.estadao.com.br\/agencia-de-comunicacao\/wp-json\/wp\/v2\/posts\/120901\/revisions"}],"wp:featuredmedia":[{"embeddable":true,"href":"https:\/\/bluestudio.estadao.com.br\/agencia-de-comunicacao\/wp-json\/wp\/v2\/media\/120902"}],"wp:attachment":[{"href":"https:\/\/bluestudio.estadao.com.br\/agencia-de-comunicacao\/wp-json\/wp\/v2\/media?parent=120901"}],"wp:term":[{"taxonomy":"category","embeddable":true,"href":"https:\/\/bluestudio.estadao.com.br\/agencia-de-comunicacao\/wp-json\/wp\/v2\/categories?post=120901"},{"taxonomy":"post_tag","embeddable":true,"href":"https:\/\/bluestudio.estadao.com.br\/agencia-de-comunicacao\/wp-json\/wp\/v2\/tags?post=120901"}],"curies":[{"name":"wp","href":"https:\/\/api.w.org\/{rel}","templated":true}]}}