{"id":120533,"date":"2025-12-04T12:27:00","date_gmt":"2025-12-04T15:27:00","guid":{"rendered":""},"modified":"2025-12-04T12:27:00","modified_gmt":"2025-12-04T15:27:00","slug":"o-programa-estruturado-de-estilo-de-vida-saudavel-us-pointer-que-ja-demonstrou-ser-capaz-de-melhorar-a-cognicao-tambem-pode-melhorar-a-apneia-do-sono-a-regulacao-da-pressao-arterial-e-a-resilie","status":"publish","type":"post","link":"https:\/\/bluestudio.estadao.com.br\/agencia-de-comunicacao\/prnewswire\/o-programa-estruturado-de-estilo-de-vida-saudavel-us-pointer-que-ja-demonstrou-ser-capaz-de-melhorar-a-cognicao-tambem-pode-melhorar-a-apneia-do-sono-a-regulacao-da-pressao-arterial-e-a-resilie\/","title":{"rendered":"O PROGRAMA ESTRUTURADO DE ESTILO DE VIDA SAUD\u00c1VEL US POINTER &#8212; QUE J\u00c1 DEMONSTROU SER CAPAZ DE MELHORAR A COGNI\u00c7\u00c3O &#8212; TAMB\u00c9M PODE MELHORAR A APNEIA DO SONO, A REGULA\u00c7\u00c3O DA PRESS\u00c3O ARTERIAL E A RESILI\u00caNCIA COGNITIVA"},"content":{"rendered":"\n<div class=\"xn-content\">\n<p class=\"prntac\"><b><i>&#8211; &#8220;Receita&#8221; de interven\u00e7\u00e3o de estilo de vida de dois anos testada em tr\u00eas estudos auxiliares financiados pelo NIH &#8211;<\/i><\/b><\/p>\n<p><b>Conclus\u00f5es principais<\/b><\/p>\n<ul type=\"disc\">\n<li>Os resultados de tr\u00eas estudos auxiliares financiados pela NIA para o <a href=\"https:\/\/edge.prnewswire.com\/c\/link\/?t=0&amp;l=pt&amp;o=4570331-1&amp;h=786007770&amp;u=https%3A%2F%2Fedge.prnewswire.com%2Fc%2Flink%2F%3Ft%3D0%26l%3Den%26o%3D4570331-1%26h%3D216057683%26u%3Dhttps%253A%252F%252Fwww.alz.org%252Fus-pointer%252Fstudy-results.asp%26a%3DU.S.%2BPOINTER%2Btrial&amp;a=ensaio+U.S.+POINTER\" target=\"_blank\" rel=\"nofollow\">ensaio U.S. POINTER<\/a> descreveram efeitos ben\u00e9ficos medidos por meio de <a href=\"https:\/\/edge.prnewswire.com\/c\/link\/?t=0&amp;l=pt&amp;o=4570331-1&amp;h=1440838813&amp;u=https%3A%2F%2Fedge.prnewswire.com%2Fc%2Flink%2F%3Ft%3D0%26l%3Den%26o%3D4570331-1%26h%3D276285007%26u%3Dhttps%253A%252F%252Fwww.alz.org%252Fus-pointer%252Fimaging%252F%26a%3Dbrain%2Bimaging&amp;a=imagens+cerebrais\" target=\"_blank\" rel=\"nofollow\">imagens cerebrais<\/a>, <a href=\"https:\/\/edge.prnewswire.com\/c\/link\/?t=0&amp;l=pt&amp;o=4570331-1&amp;h=2982337501&amp;u=https%3A%2F%2Fedge.prnewswire.com%2Fc%2Flink%2F%3Ft%3D0%26l%3Den%26o%3D4570331-1%26h%3D819130012%26u%3Dhttps%253A%252F%252Fwww.alz.org%252Fus-pointer%252Fzzz%252F%26a%3Dsleep%2Bhealth&amp;a=sa%C3%BAde+do+sono\" target=\"_blank\" rel=\"nofollow\">sa\u00fade do sono<\/a> e <a href=\"https:\/\/edge.prnewswire.com\/c\/link\/?t=0&amp;l=pt&amp;o=4570331-1&amp;h=2275155645&amp;u=https%3A%2F%2Fedge.prnewswire.com%2Fc%2Flink%2F%3Ft%3D0%26l%3Den%26o%3D4570331-1%26h%3D3226852745%26u%3Dhttps%253A%252F%252Fwww.alz.org%252Fus-pointer%252Fneurovascular%252F%26a%3Dblood%2Bpressure%2Bregulation&amp;a=regula%C3%A7%C3%A3o+da+press%C3%A3o+arterial\" target=\"_blank\" rel=\"nofollow\">regula\u00e7\u00e3o da press\u00e3o arterial<\/a>.<\/li>\n<li>A <a href=\"https:\/\/edge.prnewswire.com\/c\/link\/?t=0&amp;l=pt&amp;o=4570331-1&amp;h=2480337228&amp;u=https%3A%2F%2Fedge.prnewswire.com%2Fc%2Flink%2F%3Ft%3D0%26l%3Den%26o%3D4570331-1%26h%3D203296825%26u%3Dhttps%253A%252F%252Fwww.alz.org%252Fgetmedia%252F5d1826c1-1ddd-49ca-badc-44deed8eee40%252Fuspointerbrainhealthrecipe.pdf%26a%3DU.S.%2BPOINTER%2Brecipe&amp;a=receita+do+U.S.+POINTER\" target=\"_blank\" rel=\"nofollow\">receita do U.S. POINTER<\/a>, uma interven\u00e7\u00e3o de estilo de vida saud\u00e1vel multicomponente de 2 anos com suporte estruturado regular, melhorou a regula\u00e7\u00e3o da press\u00e3o arterial do fluxo sangu\u00edneo para o c\u00e9rebro, reduziu a ocorr\u00eancia de eventos respirat\u00f3rios de apneia do sono e aumentou a resili\u00eancia cognitiva em adultos com certas altera\u00e7\u00f5es cerebrais relacionadas \u00e0 doen\u00e7a de Alzheimer.<\/li>\n<\/ul>\n<p><span class=\"legendSpanClass\">SAN DIEGO<\/span>, <span class=\"legendSpanClass\">4 de dezembro de 2025<\/span> \/PRNewswire\/ &#8212; Uma interven\u00e7\u00e3o de estilo de vida saud\u00e1vel multicomponente de dois anos com suporte regular e estruturado &#8212; que j\u00e1 demonstrou que pode melhorar a cogni\u00e7\u00e3o em adultos com risco de decl\u00ednio cognitivo &#8212; tamb\u00e9m pode melhorar a regula\u00e7\u00e3o da press\u00e3o arterial e reduzir os eventos respirat\u00f3rios de apneia do sono por hora, de acordo com novos dados relatados hoje na CTAD 2025 em San Diego. A interven\u00e7\u00e3o tamb\u00e9m pode proteger contra os efeitos cognitivos negativos de certas altera\u00e7\u00f5es cerebrais associadas \u00e0 doen\u00e7a de Alzheimer.<\/p>\n<div id=\"prni_dvprnejpged83left\" dir=\"ltr\" style=\"width: 800px;text-align: left\"><img decoding=\"async\" id=\"prnejpged83left\" title=\"Alzheimer's Association\" src=\"https:\/\/mma.prnewswire.com\/media\/2689936\/Alzheimers_Association_Logo.jpg\" alt=\"Alzheimer's Association\" align=\"middle\" \/><\/div>\n<p>A <a href=\"https:\/\/edge.prnewswire.com\/c\/link\/?t=0&amp;l=pt&amp;o=4570331-1&amp;h=3588539465&amp;u=https%3A%2F%2Fedge.prnewswire.com%2Fc%2Flink%2F%3Ft%3D0%26l%3Den%26o%3D4570331-1%26h%3D1815305709%26u%3Dhttps%253A%252F%252Fwww.alz.org%252Fgetmedia%252F5d1826c1-1ddd-49ca-badc-44deed8eee40%252Fuspointerbrainhealthrecipe.pdf%26a%3Dhealthy%2Blifestyle%2Brecipe&amp;a=receita+de+estilo+de+vida+saud%C3%A1vel\" target=\"_blank\" rel=\"nofollow\">receita de estilo de vida saud\u00e1vel<\/a> foi criada para o ensaio <a href=\"https:\/\/edge.prnewswire.com\/c\/link\/?t=0&amp;l=pt&amp;o=4570331-1&amp;h=2708269729&amp;u=https%3A%2F%2Fedge.prnewswire.com%2Fc%2Flink%2F%3Ft%3D0%26l%3Den%26o%3D4570331-1%26h%3D992147072%26u%3Dhttps%253A%252F%252Fwww.alz.org%252Fus-pointer%252Fhome.asp%26a%3DU.S.%2BPOINTER&amp;a=U.S.+POINTER\" target=\"_blank\" rel=\"nofollow\">U.S. POINTER<\/a> da Alzheimer&#8217;s Association, que publicou seus resultados iniciais no <a href=\"https:\/\/edge.prnewswire.com\/c\/link\/?t=0&amp;l=pt&amp;o=4570331-1&amp;h=650138817&amp;u=https%3A%2F%2Fedge.prnewswire.com%2Fc%2Flink%2F%3Ft%3D0%26l%3Den%26o%3D4570331-1%26h%3D1288615067%26u%3Dhttps%253A%252F%252Fjamanetwork.com%252Fjournals%252Fjama%252Farticle-abstract%252F2837046%26a%3DJAMA&amp;a=JAMA\" target=\"_blank\" rel=\"nofollow\">JAMA<\/a> em julho passado e os divulgou na <a href=\"https:\/\/edge.prnewswire.com\/c\/link\/?t=0&amp;l=pt&amp;o=4570331-1&amp;h=375296876&amp;u=https%3A%2F%2Fedge.prnewswire.com%2Fc%2Flink%2F%3Ft%3D0%26l%3Den%26o%3D4570331-1%26h%3D2216701207%26u%3Dhttps%253A%252F%252Faaic.alz.org%252Freleases-2025%252Fus-pointer-study-results-announced.asp%26a%3DAAIC%2B2025&amp;a=AAIC+2025\" target=\"_blank\" rel=\"nofollow\">AAIC 2025<\/a>. A interven\u00e7\u00e3o de estilo de vida multicomponente, baseada em evid\u00eancias, adaptada para a popula\u00e7\u00e3o dos EUA, consiste em exerc\u00edcios f\u00edsicos regulares, dieta MIND, desafios cognitivos por meio de treinamento computadorizado e outras atividades intelectuais e sociais, al\u00e9m da revis\u00e3o regular de m\u00e9tricas de sa\u00fade e da defini\u00e7\u00e3o de metas com um cl\u00ednico do estudo.<\/p>\n<p>&#8220;Esses estudos nos dizem que a interven\u00e7\u00e3o no estilo de vida do U.S. POINTER com suporte estruturado tem benef\u00edcios substanciais e significativos para a sa\u00fade, al\u00e9m de melhorar a cogni\u00e7\u00e3o &#8212; e os benef\u00edcios est\u00e3o em \u00e1reas reconhecidamente associadas a uma redu\u00e7\u00e3o no risco de decl\u00ednio cognitivo e dem\u00eancia&#8221;, declarou <a href=\"https:\/\/edge.prnewswire.com\/c\/link\/?t=0&amp;l=pt&amp;o=4570331-1&amp;h=4223578774&amp;u=https%3A%2F%2Fedge.prnewswire.com%2Fc%2Flink%2F%3Ft%3D0%26l%3Den%26o%3D4570331-1%26h%3D2697806833%26u%3Dhttps%253A%252F%252Fwww.alz.org%252Fpress%252Fspokespeople%252Fmaria_c_carrillo_ph_d%26a%3DMaria%2BC.%2BCarrillo&amp;a=Maria+C.+Carrillo\" target=\"_blank\" rel=\"nofollow\">Maria C. Carrillo<\/a>, Ph.D., diretora cient\u00edfica e respons\u00e1vel por assuntos m\u00e9dicos da Alzheimer&#8217;s Association. &#8220;Essa rela\u00e7\u00e3o positiva pode multiplicar o impacto ben\u00e9fico de seguir rigorosamente a &#8216;receita&#8217; estruturada do U.S. POINTER.&#8221;<\/p>\n<p>&#8220;Em resumo, agora temos uma imagem mais abrangente de como a interven\u00e7\u00e3o do programa U.S. POINTER afeta a sa\u00fade cerebral e a sa\u00fade geral&#8221;, acrescentou o Dr. Carrillo.<\/p>\n<p>Havia duas vers\u00f5es da interven\u00e7\u00e3o &#8212; uma estruturada e outra autoguiada &#8212; que diferiam na intensidade, na estrutura, na responsabilidade e no suporte fornecido. Os participantes do ensaio na interven\u00e7\u00e3o estruturada apresentaram uma melhora maior na cogni\u00e7\u00e3o global em compara\u00e7\u00e3o com a interven\u00e7\u00e3o autoguiada, um benef\u00edcio que provavelmente reflete a desacelera\u00e7\u00e3o do envelhecimento cognitivo em um a dois anos.<\/p>\n<p>A m\u00e1 regula\u00e7\u00e3o do fluxo sangu\u00edneo para o c\u00e9rebro e os problemas de sono\/padr\u00f5es irregulares de sono s\u00e3o fatores de risco conhecidos para decl\u00ednio cognitivo e dem\u00eancia, incluindo a doen\u00e7a de Alzheimer; portanto, esses novos resultados descrevem benef\u00edcios adicionais da interven\u00e7\u00e3o estruturada do U.S. POINTER.<\/p>\n<p>Os novos relat\u00f3rios de dados vieram de uma s\u00e9rie de estudos auxiliares do U.S. POINTER financiados pelo National Institute on Aging (NIA) do NIH:<\/p>\n<ul type=\"disc\">\n<li><a href=\"https:\/\/edge.prnewswire.com\/c\/link\/?t=0&amp;l=pt&amp;o=4570331-1&amp;h=2236483315&amp;u=https%3A%2F%2Fedge.prnewswire.com%2Fc%2Flink%2F%3Ft%3D0%26l%3Den%26o%3D4570331-1%26h%3D1641370048%26u%3Dhttps%253A%252F%252Fwww.alz.org%252Fus-pointer%252Fzzz%252F%26a%3DThe%2BU.S.%2BPOINTER%2BSleep%2BAncillary%2BStudy%253A%25C2%25A0POINTER-zzz%2B&amp;a=O+Estudo+Auxiliar+do+Sono+do+U.S.+POINTER%3A+POINTER-zzz\" target=\"_blank\" rel=\"nofollow\">O Estudo Auxiliar do Sono do U.S. POINTER: POINTER-zzz<\/a><\/li>\n<li><a href=\"https:\/\/edge.prnewswire.com\/c\/link\/?t=0&amp;l=pt&amp;o=4570331-1&amp;h=2607574431&amp;u=https%3A%2F%2Fedge.prnewswire.com%2Fc%2Flink%2F%3Ft%3D0%26l%3Den%26o%3D4570331-1%26h%3D1675266159%26u%3Dhttps%253A%252F%252Fwww.alz.org%252Fus-pointer%252Fneurovascular%252F%26a%3DThe%2BU.S.%2BPOINTER%25C2%25A0Neurovascular%2BAncillary%2BStudy%253A%2BPOINTER-NV&amp;a=O+Estudo+Auxiliar+Neurovascular+do+U.S.+POINTER%3A+POINTER-NV\" target=\"_blank\" rel=\"nofollow\">O Estudo Auxiliar Neurovascular do U.S. POINTER: POINTER-NV<\/a><\/li>\n<li><a href=\"https:\/\/edge.prnewswire.com\/c\/link\/?t=0&amp;l=pt&amp;o=4570331-1&amp;h=1641461972&amp;u=https%3A%2F%2Fedge.prnewswire.com%2Fc%2Flink%2F%3Ft%3D0%26l%3Den%26o%3D4570331-1%26h%3D4280490475%26u%3Dhttps%253A%252F%252Fwww.alz.org%252Fus-pointer%252Fimaging%252F%26a%3DThe%2BU.S.%2BPOINTER%25C2%25A0Neuroimaging%2BAncillary%2BStudy%253A%2BPOINTER-Neuroimaging&amp;a=O+Estudo+Auxiliar+de+Neuroimagem+do+U.S.+POINTER%3A+POINTER-Neuroimaging\" target=\"_blank\" rel=\"nofollow\">O Estudo Auxiliar de Neuroimagem do U.S. POINTER: POINTER-Neuroimaging<\/a><\/li>\n<\/ul>\n<p>Um quarto estudo auxiliar, <a href=\"https:\/\/edge.prnewswire.com\/c\/link\/?t=0&amp;l=pt&amp;o=4570331-1&amp;h=376444613&amp;u=https%3A%2F%2Fedge.prnewswire.com%2Fc%2Flink%2F%3Ft%3D0%26l%3Den%26o%3D4570331-1%26h%3D1668192626%26u%3Dhttps%253A%252F%252Fwww.alz.org%252Fus-pointer%252Fmicrobiome%252F%26a%3DThe%2BPOINTER-Microbiome%2BStudy&amp;a=O+Estudo+POINTER-Microbiome\" target=\"_blank\" rel=\"nofollow\">O Estudo POINTER-Microbiome<\/a><a href=\"https:\/\/edge.prnewswire.com\/c\/link\/?t=0&amp;l=pt&amp;o=4570331-1&amp;h=952139994&amp;u=https%3A%2F%2Fedge.prnewswire.com%2Fc%2Flink%2F%3Ft%3D0%26l%3Den%26o%3D4570331-1%26h%3D2140060002%26u%3Dhttps%253A%252F%252Fwww.alz.org%252Fus-pointer%252Fmicrobiome%252F%26a%3D%252C%2Bwhich%2Bpresented%2Ba%2Bposter%2Bat%2BCTAD%2B2025%252C%2Bwill%2Breport%2Bmore%2Bfully%2Bat%2Ba%2Blater%2Bdate.%2B&amp;a=%2C+que+apresentou+um+cartaz+na+CTAD+2025%2C+apresentar%C3%A1+um+relat%C3%B3rio+mais+completo+em+data+posterior.\" target=\"_blank\" rel=\"nofollow\">, que apresentou um cartaz na CTAD 2025, apresentar\u00e1 um relat\u00f3rio mais completo em data posterior.<\/a><\/p>\n<p>O diretor do NIA, Dr. Richard Hodes, disse: &#8220;Estou muito animado com os primeiros resultados dos estudos complementares do US POINTER, que oferecem informa\u00e7\u00f5es valiosas sobre os mecanismos fisiol\u00f3gicos que podem ter contribu\u00eddo para os resultados positivos do ensaio cl\u00ednico. As pr\u00f3ximas publica\u00e7\u00f5es e a an\u00e1lise cont\u00ednua deste rico conjunto de dados permitir\u00e3o uma compreens\u00e3o mais aprofundada de como as interven\u00e7\u00f5es multimodais podem apoiar a sa\u00fade cerebral.&#8221;<\/p>\n<p>&#8220;Esses estudos oferecem uma oportunidade sem precedentes para entender melhor o impacto das mudan\u00e7as no estilo de vida saud\u00e1vel sobre a sa\u00fade geral e o risco de decl\u00ednio cognitivo e dem\u00eancia&#8221;, declarou a Dra. Kristina McLinden, Diretora de Programas da NIA.<\/p>\n<p><span>POINTER-zzz<br \/><\/span>Nos idosos, os dist\u00farbios do sono s\u00e3o altamente prevalentes, frequentemente n\u00e3o detectados ou n\u00e3o tratados e associados a resultados negativos para a sa\u00fade cerebral, incluindo decl\u00ednio cognitivo. Isso destaca o sono como um fator de risco modific\u00e1vel para Alzheimer e outras doen\u00e7as que causam dem\u00eancia. Interven\u00e7\u00f5es que melhoram o sono tamb\u00e9m podem aprimorar a fun\u00e7\u00e3o cognitiva em idosos. Dois componentes da interven\u00e7\u00e3o estruturada do U.S. POINTER s\u00e3o a atividade f\u00edsica e a dieta saud\u00e1vel, ambos demonstrando capacidade de melhorar a sa\u00fade geral do sono.<\/p>\n<p>O estudo POINTER-zzz examinou se mudan\u00e7as no estilo de vida poderiam melhorar a qualidade do sono em um subconjunto de 780 adultos que participaram do ensaio cl\u00ednico U.S. POINTER. Quase 65% do grupo de estudo tinham pelo menos apneia do sono leve quando iniciaram o estudo. O POINTER-zzz usou testes de sono simples que foram realizados em casa. Os testes envolvem o uso de dispositivos semelhantes a rel\u00f3gios durante a noite para medir a apneia do sono, a inquieta\u00e7\u00e3o e outras interrup\u00e7\u00f5es do sono.<\/p>\n<p>Os dist\u00farbios respirat\u00f3rios da apneia do sono diminu\u00edram em 1 a 2 eventos por hora de sono entre os participantes do estudo na interven\u00e7\u00e3o estruturada em compara\u00e7\u00e3o com os do grupo autoguiado.<\/p>\n<p>&#8220;Estamos entusiasmados com essa descoberta, pois mostra que a interven\u00e7\u00e3o estruturada melhora n\u00e3o apenas a cogni\u00e7\u00e3o, mas tamb\u00e9m outros comportamentos que afetam a sa\u00fade cerebral, o que pode aumentar a prote\u00e7\u00e3o contra a dem\u00eancia&#8221;, comentou Laura D. Baker, Ph.D., professora de medicina interna e ci\u00eancias da sa\u00fade p\u00fablica; e diretora associada do Wake Forest Alzheimer&#8217;s Disease Research Center na Wake Forest University School of Medicine, Winston Salem, NC. &#8220;O efeito positivo da interven\u00e7\u00e3o estruturada sobre o sono refor\u00e7a a import\u00e2ncia dos resultados do ensaio U.S. POINTER para os americanos mais velhos.&#8221; O Dr. Baker \u00e9 um dos pesquisadores principais do estudo parental e o pesquisador principal do estudo auxiliar do sono.<\/p>\n<p><span>POINTER-NV<br \/><\/span>O fluxo sangu\u00edneo adequado ao c\u00e9rebro \u00e9 necess\u00e1rio para manter um suprimento constante de oxig\u00eanio e nutrientes. Embora a relev\u00e2ncia da redu\u00e7\u00e3o do fluxo sangu\u00edneo para o c\u00e9rebro na doen\u00e7a de Alzheimer e dem\u00eancias relacionadas esteja bem documentada, poucos estudos investigaram como a sa\u00fade vascular \u00e9 essencial para a regula\u00e7\u00e3o do fluxo sangu\u00edneo no c\u00e9rebro; esse foi o foco principal do estudo auxiliar neurovascular.<\/p>\n<p>O POINTER-NV inscreveu 491 participantes do estudo parental que completaram testes abrangentes de sa\u00fade vascular no per\u00edodo basal, no m\u00eas 12 e no m\u00eas 24. V\u00e1rios procedimentos, como ultrassom e monitoramento cont\u00ednuo da press\u00e3o arterial, foram utilizados para avaliar a estrutura e a fun\u00e7\u00e3o dos vasos sangu\u00edneos no corpo e no c\u00e9rebro.<\/p>\n<p>Muitos participantes do POINTER-NV t\u00eam problemas que sobrecarregam o cora\u00e7\u00e3o e os vasos sangu\u00edneos, como art\u00e9rias entupidas, art\u00e9rias r\u00edgidas ou quedas na press\u00e3o arterial ao se levantarem. Os pesquisadores constataram benef\u00edcios significativos da interven\u00e7\u00e3o estruturada no sistema cardiovascular e na capacidade de responder a mudan\u00e7as repentinas na press\u00e3o arterial, indicando melhora na regula\u00e7\u00e3o da press\u00e3o arterial em compara\u00e7\u00e3o com o grupo autoguiado. A interven\u00e7\u00e3o estruturada tamb\u00e9m melhorou v\u00e1rios indicadores de sa\u00fade dos vasos sangu\u00edneos na maior art\u00e9ria do corpo e nas principais art\u00e9rias que irrigam o c\u00e9rebro.<\/p>\n<p>&#8220;Nossas descobertas indicam que uma interven\u00e7\u00e3o estruturada em v\u00e1rios dom\u00ednios do estilo de vida pode melhorar a capacidade do corpo de regular a press\u00e3o arterial, o que \u00e9 crucial para o fluxo sangu\u00edneo adequado ao c\u00e9rebro. A melhora na regula\u00e7\u00e3o da press\u00e3o arterial tamb\u00e9m pode reduzir as altera\u00e7\u00f5es vasculares relacionadas ao envelhecimento que permitem o fluxo sangu\u00edneo prejudicial e pulsante &#8212; muito r\u00e1pido e excessivo &#8212; para o c\u00e9rebro. Esses benef\u00edcios podem ajudar a apoiar a fun\u00e7\u00e3o cognitiva e a sa\u00fade geral do c\u00e9rebro em participantes DO U.S. POINTER&#8221;, disseram os pesquisadores principais do estudo auxiliar, Drs. Brinkley e Shaltout.<\/p>\n<p><span>POINTER-Neuroimaging<br \/><\/span>POINTER-Neuroimaging \u00e9 a primeira pesquisa em larga escala sobre como as interven\u00e7\u00f5es no estilo de vida afetam os marcadores biol\u00f3gicos da doen\u00e7a de Alzheimer e da dem\u00eancia. Os participantes do ensaio de todos os cinco centros de estudo principais foram convidados a receber imagens de resson\u00e2ncia magn\u00e9tica e tomografia por emiss\u00e3o de p\u00f3sitrons (PET) A? e tau para avaliar os efeitos da interven\u00e7\u00e3o U.S. POINTER na sa\u00fade cerebral, incluindo (1)os biomarcadores de imagem cerebral de Alzheimer e doen\u00e7a cerebrovascular e (2) os benef\u00edcios cognitivos que foram influenciados por esses biomarcadores.<\/p>\n<p>O POINTER-Neuroimaging inscreveu cerca de 50% dos participantes do estudo principal. Os pesquisadores descobriram que os participantes do estudo que apresentavam certas altera\u00e7\u00f5es cerebrais relacionadas ao Alzheimer &#8212; menor volume do hipocampo ou maior ac\u00famulo de prote\u00edna tau &#8212; obtiveram maiores benef\u00edcios cognitivos da interven\u00e7\u00e3o de estilo de vida estruturado do que os que apresentavam essas altera\u00e7\u00f5es no grupo autoguiado. No entanto, a presen\u00e7a, a aus\u00eancia ou o n\u00edvel de amiloide no c\u00e9rebro n\u00e3o afetou a magnitude do benef\u00edcio cognitivo.<\/p>\n<p>&#8220;A participa\u00e7\u00e3o na interven\u00e7\u00e3o estruturada do estudo U.S. POINTER protegeu contra os efeitos negativos do ac\u00famulo de emaranhados de tau ou de menor volume basal do hipocampo&#8221;, disse a Dra. Susan Landau, pesquisadora principal do estudo auxiliar. &#8220;Em outras palavras, pessoas com certas caracter\u00edsticas que aumentam a probabilidade de um evento cerebral ocorrer obtiveram maiores benef\u00edcios cognitivos ap\u00f3s a interven\u00e7\u00e3o, mas o ac\u00famulo de amiloide &#8212; o biomarcador prim\u00e1rio que define a doen\u00e7a de Alzheimer &#8212; n\u00e3o foi um desses fatores de risco. Isso significa que as pessoas com ac\u00famulo de amiloide obt\u00eam os mesmos benef\u00edcios da interven\u00e7\u00e3o que as pessoas sem amiloide.&#8221;<\/p>\n<p>Os estudos auxiliares do US POINTER s\u00e3o apoiados pelos seguintes subs\u00eddios do NIH:<\/p>\n<ul type=\"disc\">\n<li>POINTER-zzz:<a href=\"https:\/\/edge.prnewswire.com\/c\/link\/?t=0&amp;l=pt&amp;o=4570331-1&amp;h=587089597&amp;u=https%3A%2F%2Fedge.prnewswire.com%2Fc%2Flink%2F%3Ft%3D0%26l%3Den%26o%3D4570331-1%26h%3D3309416956%26u%3Dhttps%253A%252F%252Freporter.nih.gov%252Fsearch%252Fm794kYFGAEWXVjMIjFb_kQ%252Fproject-details%252F10645111%26a%3DR01AG064440&amp;a=R01AG064440\" target=\"_blank\" rel=\"nofollow\">R01AG064440<\/a><\/li>\n<li>POINTER-NV:<a href=\"https:\/\/edge.prnewswire.com\/c\/link\/?t=0&amp;l=pt&amp;o=4570331-1&amp;h=901465539&amp;u=https%3A%2F%2Fedge.prnewswire.com%2Fc%2Flink%2F%3Ft%3D0%26l%3Den%26o%3D4570331-1%26h%3D3387376827%26u%3Dhttps%253A%252F%252Freporter.nih.gov%252Fsearch%252FukHH96Wlv0mvtlngVN1H6A%252Fproject-details%252F10771146%26a%3DR01AG066910&amp;a=R01AG066910\" target=\"_blank\" rel=\"nofollow\">R01AG066910<\/a><\/li>\n<li>POINTER-Neuroimaging:<a href=\"https:\/\/edge.prnewswire.com\/c\/link\/?t=0&amp;l=pt&amp;o=4570331-1&amp;h=3644237429&amp;u=https%3A%2F%2Fedge.prnewswire.com%2Fc%2Flink%2F%3Ft%3D0%26l%3Den%26o%3D4570331-1%26h%3D1824880412%26u%3Dhttps%253A%252F%252Freporter.nih.gov%252Fsearch%252Fm8MgwZHXn0WxN_tRwi3PBg%252Fproject-details%252F11276896%26a%3DR01AG062689&amp;a=R01AG062689\" target=\"_blank\" rel=\"nofollow\">R01AG062689<\/a><\/li>\n<li>POINTER-Microbiome:<a href=\"https:\/\/edge.prnewswire.com\/c\/link\/?t=0&amp;l=pt&amp;o=4570331-1&amp;h=2588823942&amp;u=https%3A%2F%2Fedge.prnewswire.com%2Fc%2Flink%2F%3Ft%3D0%26l%3Den%26o%3D4570331-1%26h%3D161582637%26u%3Dhttps%253A%252F%252Freporter.nih.gov%252Fsearch%252FHemvlHw2uEiXHpfncZ184w%252Fproject-details%252F10693930%26a%3DU19AG063744&amp;a=U19AG063744\" target=\"_blank\" rel=\"nofollow\">U19AG063744<\/a><\/li>\n<\/ul>\n<p><b>Sobre a Alzheimer&#8217;s Association<sup>(R)<br \/><\/sup><\/b>A Alzheimer&#8217;s Association \u00e9 uma organiza\u00e7\u00e3o mundial de sa\u00fade volunt\u00e1ria dedicada ao cuidado, ao apoio e \u00e0 pesquisa do Alzheimer. Nossa miss\u00e3o \u00e9 ser protagonista nos esfor\u00e7os para acabar com a doen\u00e7a de Alzheimer e todas as outras dem\u00eancias, acelerando a pesquisa global, impulsionando a redu\u00e7\u00e3o de riscos e a detec\u00e7\u00e3o precoce, e maximizando o atendimento e o apoio de qualidade. Nossa vis\u00e3o \u00e9 de um mundo livre do Alzheimer e de todas as outras dem\u00eancias<sup>(R)<\/sup>. Acesse alz.org ou ligue para +1 800.272.3900.<\/p>\n<p>Logotipo &#8211; <a href=\"https:\/\/edge.prnewswire.com\/c\/link\/?t=0&amp;l=pt&amp;o=4570331-1&amp;h=321480445&amp;u=https%3A%2F%2Fedge.prnewswire.com%2Fc%2Flink%2F%3Ft%3D0%26l%3Den%26o%3D4570331-1%26h%3D237305756%26u%3Dhttps%253A%252F%252Fmma.prnewswire.com%252Fmedia%252F2689936%252FAlzheimers_Association_Logo.jpg%26a%3Dhttps%253A%252F%252Fmma.prnewswire.com%252Fmedia%252F2689936%252FAlzheimers_Association_Logo.jpg&amp;a=https%3A%2F%2Fmma.prnewswire.com%2Fmedia%2F2689936%2FAlzheimers_Association_Logo.jpg\" target=\"_blank\" rel=\"nofollow\">https:\/\/mma.prnewswire.com\/media\/2689936\/Alzheimers_Association_Logo.jpg<\/a><\/p>\n<\/p>\n<p id=\"PURL\"><img loading=\"lazy\" decoding=\"async\" title=\"Cision\" width=\"12\" height=\"12\" alt=\"Cision\" src=\"https:\/\/edge.prnewswire.com\/c\/img\/favicon.png?sn=PT37019&amp;sd=2025-12-02\" \/> View original content:<a id=\"PRNURL\" rel=\"nofollow\" href=\"https:\/\/www.prnewswire.com\/br\/comunicados-para-a-imprensa\/o-programa-estruturado-de-estilo-de-vida-saudavel-us-pointer--que-ja-demonstrou-ser-capaz-de-melhorar-a-cognicao--tambem-pode-melhorar-a-apneia-do-sono-a-regulacao-da-pressao-arterial-e-a-resiliencia-cognitiva-302633243.html\" target=\"_blank\">https:\/\/www.prnewswire.com\/br\/comunicados-para-a-imprensa\/o-programa-estruturado-de-estilo-de-vida-saudavel-us-pointer&#8211;que-ja-demonstrou-ser-capaz-de-melhorar-a-cognicao&#8211;tambem-pode-melhorar-a-apneia-do-sono-a-regulacao-da-pressao-arterial-e-a-resiliencia-cognitiva-302633243.html<\/a><\/p>\n<p>FONTE Alzheimer&#8217;s Association<\/p>\n<\/div>\n<p>  <img decoding=\"async\" alt=\"\" src=\"https:\/\/rt.prnewswire.com\/rt.gif?NewsItemId=PT37019&amp;Transmission_Id=202512021400PR_NEWS_LATAM____PT37019&amp;DateId=20251204\" style=\"border:0px;width:1px;height:1px\" \/><\/p>\n<p><strong>T\u00f3picos Relacionados:<\/strong> Pesquisa, Enquetes e Estudos, M\u00e9dico \/ Farmac\u00eautico, Not\u00edcias de Feiras Comerciais, Ensaios Cl\u00ednicos \/ Descobertas M\u00e9dicas, Sa\u00fade\/Hospitais<\/p>\n<p>A <b>OESP<\/b> n\u00e3o \u00e9(s\u00e3o) respons\u00e1vel(is) por erros, incorre\u00e7\u00f5es, atrasos ou quaisquer decis\u00f5es tomadas por seus clientes com base nos Conte\u00fados ora disponibilizados, bem como tais Conte\u00fados n\u00e3o representam a opini\u00e3o da <b>OESP<\/b> e s\u00e3o de inteira responsabilidade da <b>PR Newswire Ltda<\/b><\/p>\n","protected":false},"excerpt":{"rendered":"&#8211; &#8220;Receita&#8221; de interven\u00e7\u00e3o de estilo de vida de dois anos testada em tr\u00eas estudos auxiliares financiados pelo NIH &#8211; Conclus\u00f5es principais Os resultados de tr\u00eas estudos","protected":false},"author":1,"featured_media":120534,"comment_status":"open","ping_status":"closed","sticky":false,"template":"","format":"standard","meta":{"_acf_changed":false,"inline_featured_image":false,"_monsterinsights_skip_tracking":false,"_monsterinsights_sitenote_active":false,"_monsterinsights_sitenote_note":"","_monsterinsights_sitenote_category":0,"footnotes":""},"categories":[27],"tags":[5336],"class_list":["post-120533","post","type-post","status-publish","format-standard","has-post-thumbnail","hentry","category-prnewswire","tag-receita-de-intervencao-de-estilo-de-vida-de-dois-anos-testada-em-tres-estudos-auxiliares-financiados-pelo-nih"],"acf":[],"_links":{"self":[{"href":"https:\/\/bluestudio.estadao.com.br\/agencia-de-comunicacao\/wp-json\/wp\/v2\/posts\/120533","targetHints":{"allow":["GET"]}}],"collection":[{"href":"https:\/\/bluestudio.estadao.com.br\/agencia-de-comunicacao\/wp-json\/wp\/v2\/posts"}],"about":[{"href":"https:\/\/bluestudio.estadao.com.br\/agencia-de-comunicacao\/wp-json\/wp\/v2\/types\/post"}],"author":[{"embeddable":true,"href":"https:\/\/bluestudio.estadao.com.br\/agencia-de-comunicacao\/wp-json\/wp\/v2\/users\/1"}],"replies":[{"embeddable":true,"href":"https:\/\/bluestudio.estadao.com.br\/agencia-de-comunicacao\/wp-json\/wp\/v2\/comments?post=120533"}],"version-history":[{"count":0,"href":"https:\/\/bluestudio.estadao.com.br\/agencia-de-comunicacao\/wp-json\/wp\/v2\/posts\/120533\/revisions"}],"wp:featuredmedia":[{"embeddable":true,"href":"https:\/\/bluestudio.estadao.com.br\/agencia-de-comunicacao\/wp-json\/wp\/v2\/media\/120534"}],"wp:attachment":[{"href":"https:\/\/bluestudio.estadao.com.br\/agencia-de-comunicacao\/wp-json\/wp\/v2\/media?parent=120533"}],"wp:term":[{"taxonomy":"category","embeddable":true,"href":"https:\/\/bluestudio.estadao.com.br\/agencia-de-comunicacao\/wp-json\/wp\/v2\/categories?post=120533"},{"taxonomy":"post_tag","embeddable":true,"href":"https:\/\/bluestudio.estadao.com.br\/agencia-de-comunicacao\/wp-json\/wp\/v2\/tags?post=120533"}],"curies":[{"name":"wp","href":"https:\/\/api.w.org\/{rel}","templated":true}]}}