{"id":120465,"date":"2025-12-03T12:28:00","date_gmt":"2025-12-03T15:28:00","guid":{"rendered":"https:\/\/bluestudio.estadao.com.br\/agencia-de-comunicacao\/releases\/releases-geral\/iasin-sinalizacao-comemora-28-anos-com-modernizacao-de-fabrica\/"},"modified":"2025-12-03T14:05:39","modified_gmt":"2025-12-03T17:05:39","slug":"iasin-sinalizacao-28-anos-modernizacao-fabrica","status":"publish","type":"post","link":"https:\/\/bluestudio.estadao.com.br\/agencia-de-comunicacao\/releases\/releases-geral\/iasin-sinalizacao-28-anos-modernizacao-fabrica\/","title":{"rendered":"IASIN Sinaliza\u00e7\u00e3o comemora 28 anos com moderniza\u00e7\u00e3o de f\u00e1brica"},"content":{"rendered":"<p>Desde 1997, a <b>IASIN Sinaliza\u00e7\u00e3o<\/b> lidera a miss\u00e3o de tornar as estradas brasileiras mais seguras atuando na fabrica\u00e7\u00e3o, instala\u00e7\u00e3o, manuten\u00e7\u00e3o e controle de sinaliza\u00e7\u00e3o vi\u00e1ria em todo pa\u00eds.<\/p>\n<p>A empresa nasceu na mesma \u00e9poca do C\u00f3digo Nacional de Tr\u00e2nsito do Brasil, alinhada com um trabalho de bastante acuidade, normas rigorosas, crit\u00e9rios t\u00e9cnicos de sinaliza\u00e7\u00e3o e seguran\u00e7a para todos os usu\u00e1rios do pa\u00eds.<\/p>\n<p>Seu trabalho est\u00e1 pautado nos seguintes valores: <b>Atendimento<\/b> buscando excel\u00eancia, agilidade e precis\u00e3o; <b>Profissionalismo<\/b> investindo em capacita\u00e7\u00e3o e treinamento dos colaboradores e <b>Confian\u00e7a<\/b> uma conquista reconhecida por meio de cumprimento de prazos, pre\u00e7os justos e garantia de qualidade.<\/p>\n<h2><b>Uma trajet\u00f3ria de impacto<\/b><\/h2>\n<p>O primeiro projeto executado foi no munic\u00edpio de Andir\u00e1-PR, expandindo projetos na BR 376, Porto Murtinho-MS e nas rodovias de S\u00e3o Paulo, como a Rodovia Presidente Dutra.<\/p>\n<p><i>&#8220;Somos uma empresa de responsabilidade com o usu\u00e1rio e com o cliente. Sempre com olhar atento para as novidades do mercado internacional adaptando para a realidade brasileira. Aliado a isso, temos um time muito s\u00f3lido, capacitado e comprimetido&#8221;<\/i> enfatiza Ivano Abdo, CEO da IASIN Sinaliza\u00e7\u00e3o.<\/p>\n<h2><strong>Infraestrutura e Inova\u00e7\u00e3o<\/strong><\/h2>\n<p>Localizada na Cidade Industrial de Curitiba (CIC), a planta fabril tem <b>6.400 m\u00b2<\/b> operando <b>100% com energia renov\u00e1vel<\/b> e tem capacidade produtiva de at\u00e9 5.000 m\u00b2 de material. Sua posi\u00e7\u00e3o estrat\u00e9gica facilita o acesso log\u00edstico \u00e0s rodovias que conectam o Paran\u00e1, S\u00e3o Paulo e Santa Catarina.<\/p>\n<p>Ao longo dos anos, a empresa vem modernizando seu parque tecnol\u00f3gico com foco em inova\u00e7\u00e3o adquirindo novos equipamentos. Os mais recentes foram em <b>sinaliza\u00e7\u00e3o horizontal<\/b>: a fresadora de alta produ\u00e7\u00e3o (GrindLazer DC 1013 G &#8211; Graco), com capacidade de produzir at\u00e9 240 metros lineares; e uma m\u00e1quina de corte laser de alta pot\u00eancia com cabine dupla (Fibra C3 3KW) para corte cont\u00ednuo de chapas met\u00e1licas de 20mm, ACM e alum\u00ednio para aumentar a produtividade de produtos de <b>sinaliza\u00e7\u00e3o vertical<\/b>.<\/p>\n<h2><b>Gest\u00e3o moderna<\/b><\/h2>\n<p>A empresa tem foco n\u00e3o apenas na melhoria de processos de produ\u00e7\u00e3o, mas tamb\u00e9m no controle de qualidade e bem-estar de seus colaboradores. Em 2025, firmou parceria com a TOTVS implementando um sistema ERP integrado que otimiza processos em finan\u00e7as, recursos humanos, seguran\u00e7a e sa\u00fade ocupacional e gest\u00e3o de estoque. Com mais de 200 colaboradores &#8211; entre t\u00e9cnicos, engenheiros, oper\u00e1rios e gestores -, a cultura organizacional pactua de um mesmo objetivo: proteger vidas e tornar as estradas mais seguras para todos. Dessa maneira, a IASIN Sinaliza\u00e7\u00e3o contribui para a mobilidade, o crescimento econ\u00f4mico e o desenvolvimento sustent\u00e1vel do pa\u00eds refor\u00e7ando, acima de tudo, o compromisso com a vida.<\/p>\n<h2><b>IASIN Sinaliza\u00e7\u00e3o<\/b><\/h2>\n<p><b>Telefone:<\/b> <a href=\"https:\/\/wa.me\/554133738181\" target=\"_blank\" rel=\"noopener\"><strong>(41) 3373-8181<\/strong><\/a><br \/>\n<b>Endere\u00e7o:<\/b> <a href=\"https:\/\/maps.app.goo.gl\/Ed1DV6wrktFSRqVP9\" target=\"_blank\" rel=\"noopener\"><strong>Rua Semiramis Macedo Seiler, 466 | Cidade Industrial | Curitiba-PR<\/strong><\/a><br \/>\n<b>E-mail:<\/b> <a href=\"mailto:contato@iasin.com.br\"><strong>contato@iasin.com.br<\/strong><\/a><br \/>\n<b>Redes sociais:<\/b> <a href=\"https:\/\/www.linkedin.com\/company\/iasin-sinaliza%C3%A7%C3%A3o\" target=\"_blank\" rel=\"noopener\"><strong>LinkedIn<\/strong><\/a><br \/>\n<a href=\"https:\/\/www.iasin.com.br\/\" target=\"_blank\" rel=\"noopener\"><strong>www.iasin.com.br<\/strong><\/a><\/p>\n<p>Conte\u00fado publicado por: <b><a href=\"https:\/\/wa.me\/5511993500439\" target=\"_blank\" rel=\"noopener\"><u>Estad\u00e3o Conte\u00fado<\/u><\/a><\/b><\/p>\n","protected":false},"excerpt":{"rendered":"IASIN Sinaliza\u00e7\u00e3o celebra 28 anos com f\u00e1brica modernizada, novos equipamentos, energia renov\u00e1vel e processos que refor\u00e7am seu compromisso com a seguran\u00e7a vi\u00e1ria.","protected":false},"author":1,"featured_media":0,"comment_status":"open","ping_status":"closed","sticky":false,"template":"","format":"standard","meta":{"_acf_changed":false,"inline_featured_image":false,"_monsterinsights_skip_tracking":false,"_monsterinsights_sitenote_active":false,"_monsterinsights_sitenote_note":"","_monsterinsights_sitenote_category":0,"footnotes":""},"categories":[34],"tags":[],"class_list":["post-120465","post","type-post","status-publish","format-standard","hentry","category-releases-geral"],"acf":[],"_links":{"self":[{"href":"https:\/\/bluestudio.estadao.com.br\/agencia-de-comunicacao\/wp-json\/wp\/v2\/posts\/120465","targetHints":{"allow":["GET"]}}],"collection":[{"href":"https:\/\/bluestudio.estadao.com.br\/agencia-de-comunicacao\/wp-json\/wp\/v2\/posts"}],"about":[{"href":"https:\/\/bluestudio.estadao.com.br\/agencia-de-comunicacao\/wp-json\/wp\/v2\/types\/post"}],"author":[{"embeddable":true,"href":"https:\/\/bluestudio.estadao.com.br\/agencia-de-comunicacao\/wp-json\/wp\/v2\/users\/1"}],"replies":[{"embeddable":true,"href":"https:\/\/bluestudio.estadao.com.br\/agencia-de-comunicacao\/wp-json\/wp\/v2\/comments?post=120465"}],"version-history":[{"count":2,"href":"https:\/\/bluestudio.estadao.com.br\/agencia-de-comunicacao\/wp-json\/wp\/v2\/posts\/120465\/revisions"}],"predecessor-version":[{"id":120476,"href":"https:\/\/bluestudio.estadao.com.br\/agencia-de-comunicacao\/wp-json\/wp\/v2\/posts\/120465\/revisions\/120476"}],"wp:attachment":[{"href":"https:\/\/bluestudio.estadao.com.br\/agencia-de-comunicacao\/wp-json\/wp\/v2\/media?parent=120465"}],"wp:term":[{"taxonomy":"category","embeddable":true,"href":"https:\/\/bluestudio.estadao.com.br\/agencia-de-comunicacao\/wp-json\/wp\/v2\/categories?post=120465"},{"taxonomy":"post_tag","embeddable":true,"href":"https:\/\/bluestudio.estadao.com.br\/agencia-de-comunicacao\/wp-json\/wp\/v2\/tags?post=120465"}],"curies":[{"name":"wp","href":"https:\/\/api.w.org\/{rel}","templated":true}]}}