{"id":120463,"date":"2025-12-03T12:42:00","date_gmt":"2025-12-03T15:42:00","guid":{"rendered":"https:\/\/bluestudio.estadao.com.br\/agencia-de-comunicacao\/prnewswire\/lg-lanca-novo-ar-condicionado-dual-inverter-ai-air-com-inteligencia-que-se-adapta-a-voce\/"},"modified":"2025-12-03T12:42:00","modified_gmt":"2025-12-03T15:42:00","slug":"lg-lanca-novo-ar-condicionado-dual-inverter-ai-air-com-inteligencia-que-se-adapta-a-voce","status":"publish","type":"post","link":"https:\/\/bluestudio.estadao.com.br\/agencia-de-comunicacao\/prnewswire\/lg-lanca-novo-ar-condicionado-dual-inverter-ai-air-com-inteligencia-que-se-adapta-a-voce\/","title":{"rendered":"LG lan\u00e7a novo Ar-Condicionado DUAL Inverter AI Air com intelig\u00eancia que se adapta a voc\u00ea"},"content":{"rendered":"\n<div class=\"xn-content\">\n<p class=\"prntac\"><i>Novo modelo conta com a tecnologia Intelig\u00eancia Artificial 3.5, que aprende h\u00e1bitos do usu\u00e1rio para proporcionar experi\u00eancia de climatiza\u00e7\u00e3o \u00fanica e personalizada<\/i><\/p>\n<div class=\"PRN_ImbeddedAssetReference\" id=\"DivAssetPlaceHolder4338\">\n<a href=\"https:\/\/mma.prnewswire.com\/media\/2837724\/image__21.html\" target=\"_blank\" rel=\"nofollow\"><img decoding=\"async\" src=\"https:\/\/mma.prnewswire.com\/media\/2837724\/image__21.jpg\" title=\"RAC\" alt=\"RAC\" \/><\/a><\/p>\n<\/div>\n<p><span class=\"legendSpanClass\">S\u00c3O PAULO<\/span>, <span class=\"legendSpanClass\">3 de dezembro de 2025<\/span> \/PRNewswire\/ &#8212; A LG Electronics do Brasil anuncia hoje o lan\u00e7amento do seu mais novo ar-condicionado residencial, o <b>LG Dual Inverter AI Air<\/b>. O produto representa um novo marco em climatiza\u00e7\u00e3o inteligente, combinando a j\u00e1 consagrada tecnologia DUAL Inverter com um avan\u00e7ado sistema de AI embarcada que aprende e se adapta \u00e0s prefer\u00eancias e rotina do usu\u00e1rio, garantindo uma experi\u00eancia de climatiza\u00e7\u00e3o verdadeiramente personalizada, inteligente e focada no bem-estar.<\/p>\n<p>O segredo por tr\u00e1s dessa inova\u00e7\u00e3o \u00e9 a tecnologia <b>Intelig\u00eancia Artificial 3.5<\/b>, que permite ao ar-condicionado aprender as prefer\u00eancias do usu\u00e1rio e ajustar automaticamente a temperatura, a dire\u00e7\u00e3o e a velocidade do vento. Aliada \u00e0 fun\u00e7\u00e3o <b>Soft Air<\/b>, a intelig\u00eancia do aparelho proporciona resfriamento e aquecimento sem jatos de ar diretos, envolvendo o usu\u00e1rio em uma brisa suave e agrad\u00e1vel, para uma experi\u00eancia de conforto \u00fanica e personalizada.<\/p>\n<p>&#8220;Com o LG DUAL Inverter AI Air, estamos redefinindo o que significa conforto em casa. N\u00e3o se trata mais de apenas ajustar a temperatura, mas de ter um aparelho que verdadeiramente entende e antecipa suas necessidades&#8221;, afirma <b>Lucas Nogueira, Gerente de Produto de Ar-Condicionado Residencial da LG Electronics do Brasil<\/b>. &#8220;A intelig\u00eancia artificial aprende seus h\u00e1bitos di\u00e1rios e at\u00e9 mesmo seus padr\u00f5es de sono para criar um ambiente perfeitamente climatizado, de forma aut\u00f4noma. \u00c9 uma tecnologia que trabalha silenciosamente para garantir seu bem-estar, proporcionando uma experi\u00eancia que se molda a voc\u00ea e sua fam\u00edlia, ao mesmo tempo que oferece controle total sobre o consumo de energia atrav\u00e9s do app ThinQ<sup>(R)<\/sup>.&#8221;<\/p>\n<p><b>Sono profundo e um ar mais puro para toda a fam\u00edlia<\/b><\/p>\n<p>O produto opera com um n\u00edvel de ru\u00eddo a partir de 19 decib\u00e9is, t\u00e3o baixo quanto um sussurro, permitindo ler, assistir filmes e s\u00e9ries ou simplesmente descansar, em um ambiente sem qualquer perturba\u00e7\u00e3o. Al\u00e9m dos h\u00e1bitos diurnos, o DUAL Inverter AI Air aprende a rotina de sono do usu\u00e1rio.<\/p>\n<p>Com a fun\u00e7\u00e3o <b>Sleep Timer+<\/b>, o aparelho se programa automaticamente com base no comportamento do usu\u00e1rio durante a noite. Se o usu\u00e1rio costuma acordar para ajustar a temperatura, por exemplo, o sistema registra esse padr\u00e3o e passa a antecipar as mudan\u00e7as necess\u00e1rias. Assim, ao longo do tempo, a climatiza\u00e7\u00e3o ao longo do per\u00edodo noturno se torna cada vez mais precisa, reduzindo desconfortos e favorecendo um descanso realmente profundo, sereno e cont\u00ednuo.<\/p>\n<p>A qualidade do ar \u00e9 outra prioridade. O aparelho conta com um <b>sistema de filtragem em 4 etapas<\/b> para um ambiente mais puro e saud\u00e1vel:<\/p>\n<ul type=\"disc\">\n<li><b>1\u00ba Pr\u00e9-Filtro:<\/b> Ret\u00e9m part\u00edculas maiores de poeira;<\/li>\n<li><b>2\u00ba Filtro Antial\u00e9rgico:<\/b> Reduz agentes que causam alergias, como \u00e1caros (certificado pela British Allergy Foundation &#8211; BAF);<\/li>\n<li><b>3\u00ba Auto Clean+: <\/b>Evita umidade no interior do ar-condicionado, prevenindo contra o mofo, o ac\u00famulo de bact\u00e9rias e o mau cheiro no interior do aparelho;<\/li>\n<li><b>4\u00ba Freeze Cleaning:<\/b> Uma limpeza profunda que congela o interior da unidade para neutralizar bact\u00e9rias e odores. Ao derreter, o gelo elimina at\u00e9 99% das part\u00edculas indesejadas.<\/li>\n<\/ul>\n<p><b>Efici\u00eancia, controle total e design sofisticado<\/b><\/p>\n<p>Comprometida com a sustentabilidade e a economia para o consumidor, a LG oferece o ar-condicionado que combina performance com economia. A fun\u00e7\u00e3o <b>Economia de Energia Pr\u00f3-Ativa <\/b>permite gerenciar o consumo el\u00e9trico com um controle de KW planejado atrav\u00e9s do aplicativo LG ThinQ<sup>(R)<\/sup>, enquanto o <b>Sensor de Janela Aberta<\/b> identifica se h\u00e1 perda de temperatura devido a uma janela aberta, reduzindo automaticamente o consumo de energia.<\/p>\n<p>Projetado tendo em vista a durabilidade e longevidade, a unidade externa com a prote\u00e7\u00e3o da serpentina de cobre com tecnologia GoldFin(TM), que oferece maior resist\u00eancia \u00e0 corros\u00e3o decorrente da maresia e polui\u00e7\u00e3o, al\u00e9m de uma prote\u00e7\u00e3o el\u00e9trica para suportar picos de energia de at\u00e9 450V, evitando danos el\u00e9tricos em dias de tempestades.<\/p>\n<p>Com um design contempor\u00e2neo e minimalista, em um visual clean e sofisticado, o LG DUAL Inverter AI Air refor\u00e7a um dos pontos fortes da categoria e se diferencia das demais linhas da marca, al\u00e9m de se integrar perfeitamente a qualquer ambiente. O modelo conta com uma dupla sa\u00edda de ar, uma inova\u00e7\u00e3o no mercado que combina a sa\u00edda frontal, respons\u00e1vel pelo Soft Air, com a <b>Dupla Aleta<\/b> inferior, que amplia e acelera a distribui\u00e7\u00e3o do fluxo, garantindo conforto em qualquer esta\u00e7\u00e3o. Al\u00e9m disso, o <b>Wi-Fi integrado <\/b>permite o controle total do aparelho a qualquer hora e de qualquer lugar, por meio do aplicativo <b>LG ThinQ<sup>(R)<\/sup><\/b>, compat\u00edvel com Amazon Alexa e Google Assistente para comandos de voz.<\/p>\n<p><b>SOBRE A LG ELECTRONICS, INC.<\/b> <br \/>A LG Electronics \u00e9 uma l\u00edder global em tecnologia e eletr\u00f4nicos de consumo, com presen\u00e7a em quase todos os pa\u00edses e uma for\u00e7a de trabalho internacional superior a 75 mil pessoas. A companhia reorganizou suas opera\u00e7\u00f5es em quatro <i>divis\u00f5es de neg\u00f3cios:<\/i> <b>Home Appliance Solution (HS), Media Entertainment Solution (MS), Vehicle Solution (VS) e Eco Solution (ES)<\/b>, redefinindo seus pap\u00e9is e identidades para acelerar sua vis\u00e3o de futuro at\u00e9 2030. Em 2024, as quatro <i>divis\u00f5es<\/i> combinadas geraram uma receita global de mais de 87,74 trilh\u00f5es de KRW (US$ 64,32 bilh\u00f5es). A LG \u00e9 reconhecida mundialmente por suas solu\u00e7\u00f5es inovadoras em TVs, eletrodom\u00e9sticos, ar-condicionado, monitores, componentes automotivos e solu\u00e7\u00f5es sustent\u00e1veis. Suas marcas premium LG SIGNATURE e a plataforma inteligente LG ThinQ refor\u00e7am o compromisso da empresa com inova\u00e7\u00e3o e qualidade. Para mais informa\u00e7\u00f5es, acesse: <a href=\"https:\/\/euc-word-edit.officeapps.live.com\/www.lgnewsroom.com\/__;!!IfJP2Nwhk5Z0yJ43lA!JB8jB_aDq9q12ibgovI6-LbtY20JVh38xXUo475_MtX_u-KAleYlWRWWG4S7nFpo1h15OwLmCUvyCfYHbjftcyax$\" target=\"_blank\" rel=\"nofollow\">www.LGnewsroom.com<\/a>.<\/p>\n<p><b>SOBRE A LG ELECTRONICS NO BRASIL<\/b> <br \/>Presente no Brasil desde 1996, a LG Electronics oferece um amplo portf\u00f3lio com mais de 350 produtos, incluindo TVs, <i>caixas de som, pain\u00e9is, monitores, som automotivo, equipamentos de inform\u00e1tica, ar-condicionado (residencial e comercial),<\/i> produtos de linha branca e solu\u00e7\u00f5es corporativas. Alinhada \u00e0 nova estrutura global, a opera\u00e7\u00e3o brasileira integra iniciativas das quatro <i>divis\u00f5es da<\/i> LG: HS, MS, VS e ES. <i>Nossa<\/i> f\u00e1brica em Manaus produz a maior parte dos itens comercializados no Pa\u00eds, consolidando a subsidi\u00e1ria brasileira como uma das cinco maiores opera\u00e7\u00f5es da LG fora da Coreia. Com cerca de tr\u00eas mil colaboradores, a empresa conta com assist\u00eancia<i> t\u00e9cnica e call center pr\u00f3prios, Business Solution Center em S\u00e3o Paulo e duas lojas conceito (Salvador e S\u00e3o Paulo) al\u00e9m de uma f\u00e1brica de Linha Branca em Constru\u00e7\u00e3o na regi\u00e3o metropolitana de Curitiba, Paran\u00e1.<\/i><\/p>\n<p><b>Life&#8217;s Good<\/b> <br \/>A LG Electronics tem como prop\u00f3sito central o bem-estar do consumidor, oferecendo produtos que trazem solu\u00e7\u00f5es pr\u00e1ticas e impacto real no conforto do dia a dia das pessoas ao redor do mundo. Esse \u00e9 o verdadeiro significado de &#8216;Life&#8217;s Good&#8217;. Para levar essa filosofia al\u00e9m da experi\u00eancia com seus produtos, a empresa lan\u00e7ou iniciativas como o &#8216;<a href=\"https:\/\/radiooptimism.lg.com\/pt\" target=\"_blank\" rel=\"nofollow\">Radio Optimism<\/a>&#8216; &#8212; uma plataforma gratuita que transforma mensagens de carinho em m\u00fasicas personalizadas, com a miss\u00e3o de levar otimismo e aproximar as pessoas. Essa e outras a\u00e7\u00f5es da campanha &#8216;Life&#8217;s Good&#8217; buscam fortalecer conex\u00f5es mais profundas entre as pessoas, mostrando na pr\u00e1tica como a inova\u00e7\u00e3o da LG atua para tornar a vida genuinamente melhor. <\/p>\n<p><b>ACOMPANHE TODAS AS INFORMA\u00c7\u00d5ES NOS CANAIS LG<\/b> <br \/>Site: <a href=\"http:\/\/www.lg.com\/br\" target=\"_blank\" rel=\"nofollow\">Link<\/a> <br \/>Instagram: <a href=\"https:\/\/www.instagram.com\/lgbrasil\/\" target=\"_blank\" rel=\"nofollow\">Link<\/a> <br \/>Twitter: <a href=\"http:\/\/twitter.com\/lgdobrasil\" target=\"_blank\" rel=\"nofollow\">Link<\/a> <br \/>YouTube: <a href=\"http:\/\/www.youtube.com\/lgdobrasil\" target=\"_blank\" rel=\"nofollow\">Link<\/a> <br \/>Facebook: <a href=\"http:\/\/www.facebook.com\/lgdobrasil\" target=\"_blank\" rel=\"nofollow\">Link<\/a> <br \/>Linkedin: <a href=\"http:\/\/www.linkedin.com\/company\/lg-electronics-brasil\" target=\"_blank\" rel=\"nofollow\">Link<\/a> <\/p>\n<p>Foto &#8211; <a href=\"https:\/\/mma.prnewswire.com\/media\/2837724\/image__21.jpg\" target=\"_blank\" rel=\"nofollow\">https:\/\/mma.prnewswire.com\/media\/2837724\/image__21.jpg<\/a><\/p>\n<div class=\"PRN_ImbeddedAssetReference\" id=\"DivAssetPlaceHolder0\"><\/div>\n<p id=\"PURL\"><img loading=\"lazy\" decoding=\"async\" title=\"Cision\" width=\"12\" height=\"12\" alt=\"Cision\" src=\"https:\/\/edge.prnewswire.com\/c\/img\/favicon.png?sn=PT38446&amp;sd=2025-12-03\" \/> View original content to download multimedia:<a id=\"PRNURL\" rel=\"nofollow\" href=\"https:\/\/www.prnewswire.com\/br\/comunicados-para-a-imprensa\/lg-lanca-novo-ar-condicionado-dual-inverter-ai-air-com-inteligencia-que-se-adapta-a-voce-302631931.html\" target=\"_blank\">https:\/\/www.prnewswire.com\/br\/comunicados-para-a-imprensa\/lg-lanca-novo-ar-condicionado-dual-inverter-ai-air-com-inteligencia-que-se-adapta-a-voce-302631931.html<\/a><\/p>\n<p>FONTE LG Electronics Brasil<\/p>\n<\/div>\n<p>  <img decoding=\"async\" alt=\"\" src=\"https:\/\/rt.prnewswire.com\/rt.gif?NewsItemId=PT38446&amp;Transmission_Id=202512031041PR_NEWS_LATAM____PT38446&amp;DateId=20251203\" style=\"border:0px;width:1px;height:1px\" \/><\/p>\n<p><strong>T\u00f3picos Relacionados:<\/strong> Novos Produtos\/Servi\u00e7os, Produtos Dom\u00e9sticos, Varejo, Eletr\u00f4nicos de Consumo, Dom\u00e9stico\/Consumidor\/Cosm\u00e9ticos, Computador\/Eletr\u00f4nica, Intelig\u00eancia Artificial<\/p>\n<p>A <b>OESP<\/b> n\u00e3o \u00e9(s\u00e3o) respons\u00e1vel(is) por erros, incorre\u00e7\u00f5es, atrasos ou quaisquer decis\u00f5es tomadas por seus clientes com base nos Conte\u00fados ora disponibilizados, bem como tais Conte\u00fados n\u00e3o representam a opini\u00e3o da <b>OESP<\/b> e s\u00e3o de inteira responsabilidade da <b>PR Newswire Ltda<\/b><\/p>\n","protected":false},"excerpt":{"rendered":"Novo modelo conta com a tecnologia Intelig\u00eancia Artificial 3.5, que aprende h\u00e1bitos do usu\u00e1rio para proporcionar experi\u00eancia de climatiza\u00e7\u00e3o \u00fanica e personalizada S\u00c3O PAULO, 3 de dezembro de","protected":false},"author":1,"featured_media":120464,"comment_status":"open","ping_status":"closed","sticky":false,"template":"","format":"standard","meta":{"_acf_changed":false,"inline_featured_image":false,"_monsterinsights_skip_tracking":false,"_monsterinsights_sitenote_active":false,"_monsterinsights_sitenote_note":"","_monsterinsights_sitenote_category":0,"footnotes":""},"categories":[27],"tags":[5281,5282],"class_list":["post-120463","post","type-post","status-publish","format-standard","has-post-thumbnail","hentry","category-prnewswire","tag-novo-modelo-conta-com-a-tecnologia-inteligencia-artificial-3-5","tag-que-aprende-habitos-do-usuario-para-proporcionar-experiencia-de-climatizacao-unica-e-personalizada"],"acf":[],"_links":{"self":[{"href":"https:\/\/bluestudio.estadao.com.br\/agencia-de-comunicacao\/wp-json\/wp\/v2\/posts\/120463","targetHints":{"allow":["GET"]}}],"collection":[{"href":"https:\/\/bluestudio.estadao.com.br\/agencia-de-comunicacao\/wp-json\/wp\/v2\/posts"}],"about":[{"href":"https:\/\/bluestudio.estadao.com.br\/agencia-de-comunicacao\/wp-json\/wp\/v2\/types\/post"}],"author":[{"embeddable":true,"href":"https:\/\/bluestudio.estadao.com.br\/agencia-de-comunicacao\/wp-json\/wp\/v2\/users\/1"}],"replies":[{"embeddable":true,"href":"https:\/\/bluestudio.estadao.com.br\/agencia-de-comunicacao\/wp-json\/wp\/v2\/comments?post=120463"}],"version-history":[{"count":0,"href":"https:\/\/bluestudio.estadao.com.br\/agencia-de-comunicacao\/wp-json\/wp\/v2\/posts\/120463\/revisions"}],"wp:featuredmedia":[{"embeddable":true,"href":"https:\/\/bluestudio.estadao.com.br\/agencia-de-comunicacao\/wp-json\/wp\/v2\/media\/120464"}],"wp:attachment":[{"href":"https:\/\/bluestudio.estadao.com.br\/agencia-de-comunicacao\/wp-json\/wp\/v2\/media?parent=120463"}],"wp:term":[{"taxonomy":"category","embeddable":true,"href":"https:\/\/bluestudio.estadao.com.br\/agencia-de-comunicacao\/wp-json\/wp\/v2\/categories?post=120463"},{"taxonomy":"post_tag","embeddable":true,"href":"https:\/\/bluestudio.estadao.com.br\/agencia-de-comunicacao\/wp-json\/wp\/v2\/tags?post=120463"}],"curies":[{"name":"wp","href":"https:\/\/api.w.org\/{rel}","templated":true}]}}