{"id":120457,"date":"2025-12-03T12:14:00","date_gmt":"2025-12-03T15:14:00","guid":{"rendered":"https:\/\/bluestudio.estadao.com.br\/agencia-de-comunicacao\/releases\/releases-geral\/predio-industrial-sera-leiloado-em-sao-paulo\/"},"modified":"2025-12-03T12:43:27","modified_gmt":"2025-12-03T15:43:27","slug":"predio-industrial-leilao-sao-paulo-16-de-dezembro","status":"publish","type":"post","link":"https:\/\/bluestudio.estadao.com.br\/agencia-de-comunicacao\/releases\/releases-geral\/predio-industrial-leilao-sao-paulo-16-de-dezembro\/","title":{"rendered":"Pr\u00e9dio industrial ser\u00e1 leiloado em S\u00e3o Paulo"},"content":{"rendered":"<p><em>Im\u00f3vel em \u00e1rea estrat\u00e9gica ocupa um terreno com 2.875,40 m\u00b2; preg\u00e3o online organizado pela Sodr\u00e9 Santoro ser\u00e1 no dia 16 de dezembro.<\/em><\/p>\n<p>Em uma \u00e1rea com 2.875,40 m\u00b2, um pr\u00e9dio industrial em S\u00e3o Paulo ser\u00e1 leiloado no dia <b>16 de dezembro, \u00e0s 11 horas<\/b>. A cargo do leiloeiro oficial <b>Fl\u00e1vio Cunha Sodr\u00e9 Santoro<\/b>, o preg\u00e3o ocorre somente na modalidade online, diretamente no site da <a href=\"https:\/\/www.sodresantoro.com.br\/\" target=\"_blank\" rel=\"noopener\"><u><b>www.sodresantoro.com.br<\/b><\/u><\/a><\/p>\n<p>A edifica\u00e7\u00e3o com quatro pavimentos fica na Rua S\u00e3o Bernardino, n\u00famero 12, no Parque Anhanguera, na capital paulista. Localizado em uma \u00e1rea estrat\u00e9gica, o pr\u00e9dio industrial tem f\u00e1cil acesso para a Marginal do Tiet\u00ea e para as Rodovias Bandeirantes, Castelo Branco e Anhanguera.<\/p>\n<p>O lance inicial \u00e9 de R$ 9.000.000. Podem participar do leil\u00e3o tanto pessoas f\u00edsicas quanto jur\u00eddicas. Para isso, \u00e9 necess\u00e1rio fazer um cadastro pr\u00e9vio no <a href=\"https:\/\/www.sodresantoro.com.br\/\" target=\"_blank\" rel=\"noopener\"><strong>site da Sodr\u00e9 Santoro<\/strong><\/a>.<\/p>\n<p>A <a href=\"https:\/\/leilao.sodresantoro.com.br\/leilao\/27895\/lote\/2700592\/\" target=\"_blank\" rel=\"noopener\"><strong>p\u00e1gina especial do leil\u00e3o<\/strong><\/a>, ali\u00e1s, possui diversas imagens do local. Entretanto, elas s\u00e3o meramente ilustrativas. Dessa forma, os interessados em fazer uma visita pr\u00e9via precisam agend\u00e1-la no e-mail <a href=\"mailto:af@sodresantoro.com.br\" target=\"_blank\" rel=\"noopener\">af@sodresantoro.com.br<\/a> ou pelos telefones (11) 2464-6460 e <a href=\"https:\/\/wa.me\/5511977770753\" target=\"_blank\" rel=\"noopener\"><strong>(11) 97777-0753<\/strong><\/a>.<\/p>\n<p>Al\u00e9m das fotos, o site traz todas as informa\u00e7\u00f5es sobre o preg\u00e3o online, como o edital, condi\u00e7\u00f5es de venda e a matr\u00edcula do im\u00f3vel.<\/p>\n<h2><b>Detalhes sobre o pr\u00e9dio industrial<\/b><\/h2>\n<p>Atualmente, o pr\u00e9dio industrial est\u00e1 ocupado. Mas o contrato comercial tem vig\u00eancia somente at\u00e9 janeiro de 2026 e o inquilino n\u00e3o possui interesse na renova\u00e7\u00e3o do v\u00ednculo.<\/p>\n<p>De acordo com o descrito no edital, o im\u00f3vel est\u00e1 em perfeitas condi\u00e7\u00f5es, sem necessidade de obras, e pronto para ser ocupado, tornando-se uma solu\u00e7\u00e3o completa e eficaz para opera\u00e7\u00f5es industriais.<\/p>\n<p>Com quatro pavimentos, a edifica\u00e7\u00e3o possui \u00e1reas modernas de escrit\u00f3rios, salas de treinamento e um refeit\u00f3rio industrial, com uma \u00f3tima ilumina\u00e7\u00e3o natural e artificial.<\/p>\n<p>Outro ponto interessante sobre o empreendimento \u00e9 a autossufici\u00eancia em energia por conta da instala\u00e7\u00e3o de uma estrutura com placas solares. Entre as facilidades, o im\u00f3vel possui um amplo estacionamento, acesso lateral para carga e descarga de caminh\u00f5es, al\u00e9m de vesti\u00e1rios e banheiros completos.<\/p>\n<p>Vale destacar ainda que o pr\u00e9dio industrial possui o Auto de Vistoria do Corpo de Bombeiros (AVCB) aprovado e em vigor pela prefeitura, garantindo assim seguran\u00e7a e conformidade.<\/p>\n<h2><b>Sobre o leil\u00e3o<\/b><\/h2>\n<p>O vencedor ser\u00e1 aquele que apresentar o maior lance, respeitando o valor m\u00ednimo previsto para a venda. Entretanto, ap\u00f3s o t\u00e9rmino do leil\u00e3o online, o vendedor ter\u00e1 um prazo de 48 horas para avaliar as ofertas.<\/p>\n<p>Ainda de acordo com o edital, o pagamento do lote arrematado poder\u00e1 ser feito \u00e0 vista ou a prazo, com o pagamento de um <b>sinal m\u00ednimo de 30% e o restante em tr\u00eas parcelas mensais<\/b>, sem acr\u00e9scimos. Al\u00e9m disso, \u00e9 importante lembrar que o comprador dever\u00e1 pagar a comiss\u00e3o de 5% ao leiloeiro no prazo m\u00e1ximo de 24h ap\u00f3s a aprova\u00e7\u00e3o da venda.<\/p>\n<p>Por fim, \u00e9 essencial ressaltar a import\u00e2ncia em conhecer todos os detalhes descritos no edital antes de fazer qualquer lance. Em caso de d\u00favidas, os participantes contam com o suporte da equipe especializada da Sodr\u00e9 Santoro. O contato ocorre por meio do telefone (11) 2464-6464 ou pelo WhatsApp <a href=\"https:\/\/wa.me\/5511977771244\" target=\"_blank\" rel=\"noopener\"><strong>(11) 97777-1244<\/strong><\/a>.<\/p>\n<p>Uma das principais refer\u00eancias nacionais em leil\u00f5es presenciais e online, a organiza\u00e7\u00e3o foi fundada em 1979 pelos irm\u00e3os <b>Luiz Fernando<\/b> e <b>Jos\u00e9 Eduardo de Abreu Sodr\u00e9 Santoro<\/b>, que desde o in\u00edcio mantiveram o compromisso com o trabalho \u00e9tico, respons\u00e1vel e especializado, promovendo investimentos significativos tanto em estrutura quanto na constru\u00e7\u00e3o de uma equipe altamente qualificada.<\/p>\n<p>Para mais informa\u00e7\u00f5es, acesse o perfil da Sodr\u00e9 Santoro no Facebook (<a href=\"https:\/\/pt-br.facebook.com\/sodresantoro\/\" target=\"_blank\" rel=\"noopener\"><u><b>\/sodresantoro<\/b><\/u><\/a>), no Instagram (<a href=\"https:\/\/www.instagram.com\/sodresantoro\/\" target=\"_blank\" rel=\"noopener\"><u><b>@sodresantoro<\/b><\/u><\/a>) e no YouTube (<a href=\"https:\/\/www.youtube.com\/channel\/UCPBDHbmgjJ3F_Ab2I0tltHQ\" target=\"_blank\" rel=\"noopener\"><u><b>\/leilaosodresantoro<\/b><\/u><\/a>). Al\u00e9m disso, o site <a href=\"https:\/\/www.sodresantoro.com.br\/\" target=\"_blank\" rel=\"noopener\"><u><b>www.sodresantoro.com.br<\/b><\/u><\/a> traz in\u00fameras oportunidades para quem deseja fazer bons neg\u00f3cios em leil\u00e3o, com seguran\u00e7a, praticidade e efici\u00eancia.<\/p>\n","protected":false},"excerpt":{"rendered":"Pr\u00e9dio industrial de 2.875 m\u00b2 ser\u00e1 leiloado em S\u00e3o Paulo em 16 de dezembro. Im\u00f3vel em \u00e1rea estrat\u00e9gica, com placas solares e quatro pavimentos.","protected":false},"author":1,"featured_media":0,"comment_status":"open","ping_status":"closed","sticky":false,"template":"","format":"standard","meta":{"_acf_changed":false,"inline_featured_image":false,"_monsterinsights_skip_tracking":false,"_monsterinsights_sitenote_active":false,"_monsterinsights_sitenote_note":"","_monsterinsights_sitenote_category":0,"footnotes":""},"categories":[34],"tags":[],"class_list":["post-120457","post","type-post","status-publish","format-standard","hentry","category-releases-geral"],"acf":[],"_links":{"self":[{"href":"https:\/\/bluestudio.estadao.com.br\/agencia-de-comunicacao\/wp-json\/wp\/v2\/posts\/120457","targetHints":{"allow":["GET"]}}],"collection":[{"href":"https:\/\/bluestudio.estadao.com.br\/agencia-de-comunicacao\/wp-json\/wp\/v2\/posts"}],"about":[{"href":"https:\/\/bluestudio.estadao.com.br\/agencia-de-comunicacao\/wp-json\/wp\/v2\/types\/post"}],"author":[{"embeddable":true,"href":"https:\/\/bluestudio.estadao.com.br\/agencia-de-comunicacao\/wp-json\/wp\/v2\/users\/1"}],"replies":[{"embeddable":true,"href":"https:\/\/bluestudio.estadao.com.br\/agencia-de-comunicacao\/wp-json\/wp\/v2\/comments?post=120457"}],"version-history":[{"count":3,"href":"https:\/\/bluestudio.estadao.com.br\/agencia-de-comunicacao\/wp-json\/wp\/v2\/posts\/120457\/revisions"}],"predecessor-version":[{"id":120458,"href":"https:\/\/bluestudio.estadao.com.br\/agencia-de-comunicacao\/wp-json\/wp\/v2\/posts\/120457\/revisions\/120458"}],"wp:attachment":[{"href":"https:\/\/bluestudio.estadao.com.br\/agencia-de-comunicacao\/wp-json\/wp\/v2\/media?parent=120457"}],"wp:term":[{"taxonomy":"category","embeddable":true,"href":"https:\/\/bluestudio.estadao.com.br\/agencia-de-comunicacao\/wp-json\/wp\/v2\/categories?post=120457"},{"taxonomy":"post_tag","embeddable":true,"href":"https:\/\/bluestudio.estadao.com.br\/agencia-de-comunicacao\/wp-json\/wp\/v2\/tags?post=120457"}],"curies":[{"name":"wp","href":"https:\/\/api.w.org\/{rel}","templated":true}]}}