{"id":120414,"date":"2025-12-03T02:57:00","date_gmt":"2025-12-03T05:57:00","guid":{"rendered":"https:\/\/bluestudio.estadao.com.br\/agencia-de-comunicacao\/prnewswire\/marca-diplomaticos-amplia-seu-portfolio-com-o-lancamento-global-de-cancilleres\/"},"modified":"2025-12-03T02:57:00","modified_gmt":"2025-12-03T05:57:00","slug":"marca-diplomaticos-amplia-seu-portfolio-com-o-lancamento-global-de-cancilleres","status":"publish","type":"post","link":"https:\/\/bluestudio.estadao.com.br\/agencia-de-comunicacao\/prnewswire\/marca-diplomaticos-amplia-seu-portfolio-com-o-lancamento-global-de-cancilleres\/","title":{"rendered":"MARCA DIPLOM\u00c1TICOS AMPLIA SEU PORTF\u00d3LIO COM O LAN\u00c7AMENTO GLOBAL DE CANCILLERES"},"content":{"rendered":"\n<div class=\"xn-content\">\n<ul type=\"disc\">\n<li>Cancilleres, a mais nova adi\u00e7\u00e3o ao estimado portf\u00f3lio da marca Diplom\u00e1ticos, \u00e9 celebrado por seu sabor perfeitamente equilibrado<\/li>\n<li>Meticulosamente elaborado &#8220;Totalmente feito \u00e0 m\u00e3o com enchimento longo&#8221;, este Habano m\u00e9dio a completo \u00e9 feito com folhas cuidadosamente selecionadas da renomada zona de Vuelta Abajo* na regi\u00e3o de Pinar del R\u00edo*, em Cuba*<\/li>\n<li>A nova vitola fez sua estreia global em 27 de novembro de 2025 na Bulg\u00e1ria, em um evento exclusivo com m\u00fasica ao vivo, entretenimento e uma celebra\u00e7\u00e3o da cultura Habano<\/li>\n<\/ul>\n<p><span class=\"legendSpanClass\">HAVANA<\/span>, <span class=\"legendSpanClass\">3 de dezembro de 2025<\/span> \/PRNewswire\/ &#8212; A Diplom\u00e1ticos apresentou oficialmente a nova vitola <b> Cancilleres <\/b> (50 x 130 mm de comprimento ) durante um evento exclusivo em S\u00f3fia, Bulg\u00e1ria. Organizada pela Kaliman Caribe, distribuidora exclusiva da Habanos, S.A. na Bulg\u00e1ria, a noite reuniu aficionados, profissionais do setor e entusiastas conhecidos de charutos premium.<\/p>\n<div id=\"prni_dvprnejpg3454left\" dir=\"ltr\" style=\"width: 100%;text-align: left\"><img decoding=\"async\" id=\"prnejpg3454left\" title=\"DIPLOM\u00c1TICOS BRAND EXPANDS ITS PORTFOLIO WITH THE GLOBAL LAUNCH OF CANCILLERES\" src=\"https:\/\/mma.prnewswire.com\/media\/2836355\/Habanos_Diplomaticos_Cancilleres.jpg\" alt=\"DIPLOM\u00c1TICOS BRAND EXPANDS ITS PORTFOLIO WITH THE GLOBAL LAUNCH OF CANCILLERES\" align=\"middle\" \/><\/div>\n<p>Este novo Habano, com o nome da f\u00e1brica <b> Centro Fino<\/b>, \u00e9 uma adi\u00e7\u00e3o distinta \u00e0 linha regular <b> Diplom\u00e1ticos<\/b>. Reconhecida por seu sofisticado e elegante perfil de sabor m\u00e9dio a completo, a marca refor\u00e7a seu compromisso com a tradi\u00e7\u00e3o cubana com este lan\u00e7amento. Cada charuto \u00e9 &#8220;Totalmente feito \u00e0 m\u00e3o com enchimento longo&#8221; usando folhas cuidadosamente selecionadas das famosas planta\u00e7\u00f5es de <b> Vuelta Abajo*<\/b> na regi\u00e3o de <b> Pinar del R\u00edo<\/b>* de <b> Cuba*<\/b> &#8211; amplamente considerada a melhor regi\u00e3o produtora de tabaco do mundo.<\/p>\n<p>Apresentado em <b> caixas de 25 unidades<\/b>, o <b> Diplom\u00e1ticos Cancilleres <\/b> oferece uma experi\u00eancia de fumar equilibrada e expressiva, perfeita para aficionados que valorizam a profundidade, autenticidade e sofistica\u00e7\u00e3o que definem a marca.<\/p>\n<p><b> UMA NOITE DE CELEBRA\u00c7\u00c3O NO CORA\u00c7\u00c3O DE S\u00d3FIA<\/b><\/p>\n<p>O lan\u00e7amento global da vitola <b> Cancilleres <\/b> ocorreu no <b> The One Exclusive Club<\/b>, um dos locais mais emblem\u00e1ticos do cora\u00e7\u00e3o de S\u00f3fia. Este edif\u00edcio hist\u00f3rico, conhecido por sediar os eventos culturais e sociais mais distintos da cidade, proporcionou o cen\u00e1rio perfeito para a estr\u00e9ia ansiosamente esperada.<\/p>\n<p>A celebra\u00e7\u00e3o reuniu um p\u00fablico distinto de aficionados e profissionais do setor, que saborearam o lan\u00e7amento enquanto desfrutavam dos melhores Habanos.<\/p>\n<p>As apresenta\u00e7\u00f5es ao vivo definem o tom da noite, come\u00e7ando com <b> Del Padre <\/b>e seu repert\u00f3rio de fus\u00e3o latina, seguido por uma apresenta\u00e7\u00e3o especial da cantora b\u00falgara <b> DARA<\/b>. Uma elegante rotina a\u00e9rea de dois dan\u00e7arinos cativou o p\u00fablico, enquanto o <b> Pambos Dancing<\/b> proporcionou entretenimento interativo. A noite terminou com um DJ en\u00e9rgico.<\/p>\n<p>Um discurso de boas-vindas foi proferido por <b> Jos\u00e9 Mar\u00eda L\u00f3pez Inchaurbe<\/b>, vice-presidente de desenvolvimento da Habanos, S.A., no qual ele destacou <b> Cancilleres <\/b> como uma vitola que refor\u00e7a a tradi\u00e7\u00e3o, a qualidade e o esp\u00edrito no cora\u00e7\u00e3o da marca <b> Diplom\u00e1ticos<\/b>.<\/p>\n<p><i>&#8220;Cancilleres incorpora a figura do chanceler, um s\u00edmbolo de diplomacia, eleg\u00e2ncia e prest\u00edgio. Seu formato impressionante reflete distin\u00e7\u00e3o e requinte, oferecendo aos aficionados uma experi\u00eancia sensorial sofisticada e elegante. Com mais de 17 edi\u00e7\u00f5es regionais, a marca Diplom\u00e1ticos continua a ganhar reconhecimento e admira\u00e7\u00e3o em todo o mundo.&#8221; <\/i>&#8211; <b> Jos\u00e9 Mar\u00eda L\u00f3pez Inchaurbe, vice-presidente de desenvolvimento da Habanos, S.A.<\/b><\/p>\n<p><b> <u> NOTAS DE DEGUSTA\u00c7\u00c3O <\/u> <br \/><\/b> <b> Marca: Diplom\u00e1ticos<\/b><\/p>\n<p><b> Nome da f\u00e1brica: Centro Fino <br \/><\/b> <b> Nome do mercado: Cancilleres <br \/><\/b> <b> Dimens\u00f5es: 50 x 130 mm de comprimento <br \/><\/b> <b> Resist\u00eancia: M\u00e9dia a completa <\/b><\/p>\n<p><b> <u>Apar\u00eancia:<br \/><\/u> <\/b>Um Habano meticulosamente trabalhado, envolto em um inv\u00f3lucro liso e uniformemente colorido com um brilho natural e delicado.<\/p>\n<p><b> <u>Primeiro ter\u00e7o:<br \/><\/u> <\/b>Uma introdu\u00e7\u00e3o atraente, cremosa e intensa, com notas sutis de madeira e mel, complementadas por um aroma elegante e bem equilibrado.<\/p>\n<p><b> <u>Segundo ter\u00e7o:<br \/><\/u> <\/b>O perfil se aprofunda com delicadas notas picantes e sutis toques de couro, chegando a um momento em que a for\u00e7a m\u00e9dia a forte do blend \u00e9 mais percept\u00edvel.<\/p>\n<p><b> <u> Ter\u00e7o final:<br \/><\/u> <\/b>Consistente e elegante, proporcionando um acabamento refinado e persistente.<\/p>\n<p>Tempo de fumo: esta vitola oferece uma experi\u00eancia satisfat\u00f3ria, com dura\u00e7\u00e3o de aproximadamente 45 a 60 minutos.<\/p>\n<p>*P.A.O. (Denomina\u00e7\u00f5es de Origem Protegidas)<\/p>\n<p><b> <u> Detalhes do distribuidor:<br \/><\/u> <\/b>Kaliman Caribe \u00e9 o distribuidor exclusivo das prestigiadas marcas Habanos na Bulg\u00e1ria, Alb\u00e2nia, Arm\u00eania, B\u00f3snia e Herzegovina, Cro\u00e1cia, Ge\u00f3rgia, Kosovo, Maced\u00f4nia, Montenegro, Rom\u00eania, S\u00e9rvia, Eslov\u00eania e Maced\u00f4nia do Norte.<\/p>\n<p>Ao longo dos anos, a empresa consolidou sua lideran\u00e7a nos mercados de varejo e distribui\u00e7\u00e3o de Habanos, acess\u00f3rios para fumar de alta qualidade e produtos gourmet. \u00c9 um representante autorizado da La Casa del Habano e da Cohiba Atmosphere, e tamb\u00e9m administra sua pr\u00f3pria marca de tabacarias, a Premium Cigars &amp; Tobacco.<\/p>\n<p>A miss\u00e3o da Kaliman Caribe \u00e9 promover a cultura dos Habanos, apoiada pela Habanos Academy, que fornece conhecimento profundo da hist\u00f3ria, origens, processo de fabrica\u00e7\u00e3o, degusta\u00e7\u00e3o e profissionalismo dos sommeliers Habanos.<\/p>\n<p>Para mais informa\u00e7\u00f5es, acesse <a href=\"http:\/\/www.kalimancaribe.com\/\" target=\"_blank\" rel=\"nofollow\"> www.kalimancaribe.com<\/a>.<\/p>\n<p><b> <u>Notas para os editores<\/u> <br \/><\/b>Encontre ativos de estilo de vida <a href=\"https:\/\/mega.nz\/folder\/eJlRlIDR#3cGhY3WQhRtfWhfPViAH_g\" target=\"_blank\" rel=\"nofollow\"> AQUI<\/a> e ativos de recorte de produto <a href=\"https:\/\/drive.google.com\/drive\/folders\/1xRVYtiqXe5yIP8uGChfmYSDNjOpDGTr6\" target=\"_blank\" rel=\"nofollow\"> AQUI<\/a>.<\/p>\n<p><b> Pre\u00e7o de venda recomendado na Bulg\u00e1ria:<\/b> EUR 17,90 \/ charuto, EUR 447,50 \/ caixa de 25*<br \/>*Os pre\u00e7os podem variar de acordo com o mercado.<\/p>\n<p>Foto: <a href=\"https:\/\/mma.prnewswire.com\/media\/2836355\/Habanos_Diplomaticos_Cancilleres.jpg\" target=\"_blank\" rel=\"nofollow\"> https:\/\/mma.prnewswire.com\/media\/2836355\/Habanos_Diplomaticos_Cancilleres.jpg<\/a><\/p>\n<\/p>\n<p id=\"PURL\"><img loading=\"lazy\" decoding=\"async\" title=\"Cision\" width=\"12\" height=\"12\" alt=\"Cision\" src=\"https:\/\/edge.prnewswire.com\/c\/img\/favicon.png?sn=PT37222&amp;sd=2025-12-03\" \/> View original content:<a id=\"PRNURL\" rel=\"nofollow\" href=\"https:\/\/www.prnewswire.com\/br\/comunicados-para-a-imprensa\/marca-diplomaticos-amplia-seu-portfolio-com-o-lancamento-global-de-cancilleres-302631366.html\" target=\"_blank\">https:\/\/www.prnewswire.com\/br\/comunicados-para-a-imprensa\/marca-diplomaticos-amplia-seu-portfolio-com-o-lancamento-global-de-cancilleres-302631366.html<\/a><\/p>\n<p>FONTE Habanos, S.A.<\/p>\n<\/div>\n<p>  <img decoding=\"async\" alt=\"\" src=\"https:\/\/rt.prnewswire.com\/rt.gif?NewsItemId=PT37222&amp;Transmission_Id=202512030042PR_NEWS_LATAM____PT37222&amp;DateId=20251203\" style=\"border:0px;width:1px;height:1px\" \/><\/p>\n<p><strong>T\u00f3picos Relacionados:<\/strong> Novos Produtos\/Servi\u00e7os, P\u00fablico Adulto, Tabaco<\/p>\n<p>A <b>OESP<\/b> n\u00e3o \u00e9(s\u00e3o) respons\u00e1vel(is) por erros, incorre\u00e7\u00f5es, atrasos ou quaisquer decis\u00f5es tomadas por seus clientes com base nos Conte\u00fados ora disponibilizados, bem como tais Conte\u00fados n\u00e3o representam a opini\u00e3o da <b>OESP<\/b> e s\u00e3o de inteira responsabilidade da <b>PR Newswire Ltda<\/b><\/p>\n","protected":false},"excerpt":{"rendered":"Cancilleres, a mais nova adi\u00e7\u00e3o ao estimado portf\u00f3lio da marca Diplom\u00e1ticos, \u00e9 celebrado por seu sabor perfeitamente equilibrado Meticulosamente elaborado &#8220;Totalmente feito \u00e0 m\u00e3o com","protected":false},"author":1,"featured_media":120415,"comment_status":"open","ping_status":"closed","sticky":false,"template":"","format":"standard","meta":{"_acf_changed":false,"inline_featured_image":false,"_monsterinsights_skip_tracking":false,"_monsterinsights_sitenote_active":false,"_monsterinsights_sitenote_note":"","_monsterinsights_sitenote_category":0,"footnotes":""},"categories":[27],"tags":[5256,5257],"class_list":["post-120414","post","type-post","status-publish","format-standard","has-post-thumbnail","hentry","category-prnewswire","tag-a-diplomaticos-apresentou-oficialmente-a-nova-vitola-cancilleres-50-x-130-mm-de-comprimento-durante-um-evento-exclusivo-em-sofia","tag-bulgaria-organizada-pela-kaliman-car"],"acf":[],"_links":{"self":[{"href":"https:\/\/bluestudio.estadao.com.br\/agencia-de-comunicacao\/wp-json\/wp\/v2\/posts\/120414","targetHints":{"allow":["GET"]}}],"collection":[{"href":"https:\/\/bluestudio.estadao.com.br\/agencia-de-comunicacao\/wp-json\/wp\/v2\/posts"}],"about":[{"href":"https:\/\/bluestudio.estadao.com.br\/agencia-de-comunicacao\/wp-json\/wp\/v2\/types\/post"}],"author":[{"embeddable":true,"href":"https:\/\/bluestudio.estadao.com.br\/agencia-de-comunicacao\/wp-json\/wp\/v2\/users\/1"}],"replies":[{"embeddable":true,"href":"https:\/\/bluestudio.estadao.com.br\/agencia-de-comunicacao\/wp-json\/wp\/v2\/comments?post=120414"}],"version-history":[{"count":0,"href":"https:\/\/bluestudio.estadao.com.br\/agencia-de-comunicacao\/wp-json\/wp\/v2\/posts\/120414\/revisions"}],"wp:featuredmedia":[{"embeddable":true,"href":"https:\/\/bluestudio.estadao.com.br\/agencia-de-comunicacao\/wp-json\/wp\/v2\/media\/120415"}],"wp:attachment":[{"href":"https:\/\/bluestudio.estadao.com.br\/agencia-de-comunicacao\/wp-json\/wp\/v2\/media?parent=120414"}],"wp:term":[{"taxonomy":"category","embeddable":true,"href":"https:\/\/bluestudio.estadao.com.br\/agencia-de-comunicacao\/wp-json\/wp\/v2\/categories?post=120414"},{"taxonomy":"post_tag","embeddable":true,"href":"https:\/\/bluestudio.estadao.com.br\/agencia-de-comunicacao\/wp-json\/wp\/v2\/tags?post=120414"}],"curies":[{"name":"wp","href":"https:\/\/api.w.org\/{rel}","templated":true}]}}