{"id":120371,"date":"2025-12-02T12:42:00","date_gmt":"2025-12-02T15:42:00","guid":{"rendered":"https:\/\/bluestudio.estadao.com.br\/agencia-de-comunicacao\/prnewswire\/unicef-e-ronesans-unem-forcas-para-transformar-a-educacao-profissional-juvenil-na-turquia\/"},"modified":"2025-12-02T12:42:00","modified_gmt":"2025-12-02T15:42:00","slug":"unicef-e-ronesans-unem-forcas-para-transformar-a-educacao-profissional-juvenil-na-turquia","status":"publish","type":"post","link":"https:\/\/bluestudio.estadao.com.br\/agencia-de-comunicacao\/prnewswire\/unicef-e-ronesans-unem-forcas-para-transformar-a-educacao-profissional-juvenil-na-turquia\/","title":{"rendered":"UNICEF e R\u00f6nesans unem for\u00e7as para transformar a educa\u00e7\u00e3o profissional juvenil na Turquia"},"content":{"rendered":"\n<div class=\"xn-content\">\n<span class=\"legendSpanClass\">ISTAMBUL<\/span>, <span class=\"legendSpanClass\">2 de dezembro de 2025<\/span> \/PRNewswire\/ &#8212; A R\u00f6nesans Holding anunciou seu papel como um importante parceiro do setor privado no programa &#8220;From Learning to Earning for Youth&#8221; (Do aprendizado ao trabalho para a juventude) do UNICEF. Em colabora\u00e7\u00e3o com o Minist\u00e9rio da Educa\u00e7\u00e3o Nacional, essa iniciativa ousada pretende reinventar a educa\u00e7\u00e3o profissional para jovens em toda a Turquia, equipando a pr\u00f3xima gera\u00e7\u00e3o com as habilidades necess\u00e1rias para prosperar.<\/p>\n<div id=\"prni_dvprnejpg63ffleft\" dir=\"ltr\" style=\"width: 100%;text-align: left\"><img loading=\"lazy\" decoding=\"async\" id=\"prnejpg63ffleft\" title=\"?pek Il?cak Kayaalp, presidente do Conselho da R\u00f6nesans Holding\" src=\"https:\/\/mma.prnewswire.com\/media\/2835110\/Ipek_Ilicak_Kayaalp.jpg\" alt=\"?pek Il?cak Kayaalp, Chair of the Board of R\u00f6nesans Holding\" width=\"400\" height=\"267\" align=\"middle\" data-name=\"url$https%3A%2F%2Fmma.prnewswire.com%2Fmedia%2F2835110%2FIpek_Ilicak_Kayaalp.jpg\" \/><\/div>\n<p><b>Unindo ambi\u00e7\u00e3o e oportunidade<\/b><\/p>\n<p>Como parceiro pioneiro da iniciativa, a R\u00f6nesans Holding abrir\u00e1 as portas do Hospital Municipal de Gaziantep &#8211; uma das unidades de sa\u00fade mais avan\u00e7adas da Turquia &#8211; a 120 estudantes do ensino m\u00e9dio profissional de sa\u00fade. Aqui, os estudantes ir\u00e3o sair da sala de aula e entrar em fun\u00e7\u00f5es do mundo real, adquirindo experi\u00eancia pr\u00e1tica em desenvolvimento de software, servi\u00e7os de alimenta\u00e7\u00e3o e bebidas, manuten\u00e7\u00e3o e repara\u00e7\u00e3o industrial, canaliza\u00e7\u00e3o e sistemas energ\u00e9ticos, e tecnologias de automa\u00e7\u00e3o industrial. Ao ligar diretamente a educa\u00e7\u00e3o \u00e0s exig\u00eancias do local de trabalho moderno, o programa capacita a juventude turca a transformar as suas ambi\u00e7\u00f5es em carreiras gratificantes.<\/p>\n<p>O representante do UNICEF na Turquia, Paolo Marchi, disse: &#8220;Como UNICEF, queremos apoiar todos os jovens a atingir seu potencial m\u00e1ximo, adquirindo o conhecimento, as habilidades e as compet\u00eancias necess\u00e1rias. Compet\u00eancias que tamb\u00e9m correspondem \u00e0s necessidades do mercado de trabalho. Esta parceria faz as duas coisas &#8211; apoiar o Minist\u00e9rio da Educa\u00e7\u00e3o Nacional a fornecer educa\u00e7\u00e3o profissional e t\u00e9cnica de qualidade e inclusiva; e alavancar a experi\u00eancia de parceiros do setor privado como a R\u00f6nesans Holding para trazer inova\u00e7\u00e3o e oportunidades aos jovens.<\/p>\n<p>\u00c9 importante ressaltar que a colabora\u00e7\u00e3o tamb\u00e9m fortalece o sistema al\u00e9m dos alunos diretamente visados. As atualiza\u00e7\u00f5es do curr\u00edculo de TVET, os padr\u00f5es aprimorados de seguran\u00e7a e aprendizado no local de trabalho e a amplia\u00e7\u00e3o da capacidade dos professores beneficiar\u00e3o um n\u00famero muito maior de alunos de TVET em toda a Turquia &#8212; ajudando a garantir que as habilidades de qualidade, relevantes e preparadas para o futuro se tornem a norma, n\u00e3o a exce\u00e7\u00e3o.&#8221;<\/p>\n<p>A diretora administrativa do EBRD para a Turquia e o C\u00e1ucaso, Elisabetta Falcetti, disse que &#8220;estamos orgulhosos de contribuir para esta iniciativa intersetorial, que defende a diversidade da for\u00e7a de trabalho, aumenta a competitividade por meio do desenvolvimento de habilidades e ajuda as ind\u00fastrias a construir bases mais s\u00f3lidas. O acesso desigual \u00e0s oportunidades econ\u00f4micas limita o crescimento, e \u00e9 por isso que o EBRD est\u00e1 comprometido em promover a igualdade de oportunidades em todas as suas regi\u00f5es. Guiados por nossas estrat\u00e9gias de igualdade e inclus\u00e3o de g\u00eanero, nos esfor\u00e7amos, com nossos parceiros do setor privado, para liberar o potencial de diversas for\u00e7as de trabalho. Estou confiante de que esta iniciativa ir\u00e1 abordar um desafio cr\u00edtico em termos de capital humano na \u00e1rea da sa\u00fade, e esperamos replicar o seu sucesso noutros setores.&#8221;<\/p>\n<p><b>O compromisso da R\u00f6nesans Holding com o crescimento sustent\u00e1vel<\/b><\/p>\n<p>As iniciativas educacionais da R\u00f6nesans j\u00e1 incluem escolas secund\u00e1rias t\u00e9cnicas e cient\u00edficas, apoio a mais de 14.000 estudantes bolsistas e um programa de &#8220;Sustentabilidade desde a concep\u00e7\u00e3o&#8221; (&#8220;Sustainability by Design&#8221;) com uma d\u00e9cada de exist\u00eancia, que promove a conscientiza\u00e7\u00e3o sobre a sustentabilidade a n\u00edvel universit\u00e1rio. A parceria de longo prazo da empresa com o UNICEF come\u00e7ou em 2023, incluindo colabora\u00e7\u00f5es vitais em regi\u00f5es afetadas pelo terremoto para garantir o acesso \u00e0 educa\u00e7\u00e3o de qualidade e apoio psicossocial para quase 13.000 mulheres e crian\u00e7as.<\/p>\n<p><a href=\"https:\/\/ronesans.com\/en\/senior-management\/ipek-ilicak-kayaalp\" target=\"_blank\" rel=\"nofollow\">?pek Il?cak Kayaalp<\/a>, presidente do conselho da R\u00f6nesans Holding, disse: &#8220;Como R\u00f6nesans, estamos possibilitando que 120 alunos se preparem para suas profiss\u00f5es sob a orienta\u00e7\u00e3o de instrutores mestres no Hospital Municipal de Gaziantep, que est\u00e1 equipado com os dispositivos mais modernos e novos de hoje. Esses alunos receber\u00e3o treinamento em nosso hospital quatro dias por semana, dentro da estrutura do programa. Este projeto &#8220;n\u00e3o \u00e9 apenas uma iniciativa educacional, mas um modelo pioneiro de colabora\u00e7\u00e3o entre o setor privado, organiza\u00e7\u00f5es internacionais e o setor p\u00fablico na Turquia &#8211; e que poderia servir de exemplo para o mundo inteiro.&#8221;<\/p>\n<p>Il?cak Kayaalp continuou: &#8220;O setor privado contribui com produ\u00e7\u00e3o e experi\u00eancia, o setor p\u00fablico assume o papel regulat\u00f3rio e o UNICEF fornece a perspectiva do benef\u00edcio social. A combina\u00e7\u00e3o dessas tr\u00eas for\u00e7as cria impactos que n\u00e3o poderiam ser alcan\u00e7ados individualmente. Afinal, nosso maior objetivo \u00e9 oferecer um futuro repleto de esperan\u00e7a, oportunidades e confian\u00e7a aos jovens. Continuaremos a dedicar todos os nossos esfor\u00e7os para garantir que os jovens a quem confiamos nosso futuro se tornem indiv\u00edduos curiosos e produtivos que se adaptem \u00e0s demandas da \u00e9poca.&#8221;<\/p>\n<p><b>Moldando o amanh\u00e3<\/b><\/p>\n<p>A Turquia enfrenta um desafio cr\u00edtico: quase um em cada quatro jovens entre 15 e 24 anos n\u00e3o est\u00e1 estudando, trabalhando ou fazendo algum tipo de treinamento. O programa &#8220;From Learning to Earning for Youth&#8221; aborda isso de frente, preparando os jovens para o mundo do trabalho em r\u00e1pida mudan\u00e7a, criando ambientes seguros e de apoio e suprindo a lacuna de habilidades. O treinamento ser\u00e1 ministrado por funcion\u00e1rios do hospital que receberam instru\u00e7\u00f5es especializadas, garantindo que os alunos aprendam com os melhores e, ao mesmo tempo, apoiem a igualdade de g\u00eanero e a diversidade no local de trabalho.<\/p>\n<p><a href=\"https:\/\/ronesans.com\/en\" target=\"_blank\" rel=\"nofollow\">R\u00f6nesans Holding<\/a> est\u00e1 empenhada em expandir o seu apoio \u00e0 educa\u00e7\u00e3o de jovens, trabalhando em estreita colabora\u00e7\u00e3o com a UNICEF para levar o modelo &#8220;From Learning to Earning for Youth&#8221; a novos setores de neg\u00f3cios e comunidades. A empresa continua firme em seu investimento na juventude da Turquia, aprofundando parcerias com universidades e a sociedade civil para abrir ainda mais oportunidades para a pr\u00f3xima gera\u00e7\u00e3o.<\/p>\n<p>Foto &#8211; <a href=\"https:\/\/mma.prnewswire.com\/media\/2835110\/Ipek_Ilicak_Kayaalp.jpg\" target=\"_blank\" rel=\"nofollow\"> https:\/\/mma.prnewswire.com\/media\/2835110\/Ipek_Ilicak_Kayaalp.jpg<\/a><br \/>Foto &#8211; <a href=\"https:\/\/mma.prnewswire.com\/media\/2835111\/Ronesans_UNICEF.jpg\" target=\"_blank\" rel=\"nofollow\"> https:\/\/mma.prnewswire.com\/media\/2835111\/Ronesans_UNICEF.jpg<\/a><br \/>Logotipo &#8211; <a href=\"https:\/\/mma.prnewswire.com\/media\/2835123\/Ronesans_Holding_logo.jpg\" target=\"_blank\" rel=\"nofollow\"> https:\/\/mma.prnewswire.com\/media\/2835123\/Ronesans_Holding_logo.jpg<\/a><\/p>\n<div id=\"prni_dvprnejpg2cecleft\" dir=\"ltr\" style=\"width: 100%;text-align: left\"><img loading=\"lazy\" decoding=\"async\" id=\"prnejpg2cecleft\" title=\"A partir da esquerda, Elisabetta Falcetti (diretora administrativa do EBRD para a Turquia e o C\u00e1ucaso), ?pek Il?cak Kayaalp (presidente do Conselho da R\u00f6nesans Holding), Paolo Marchi (representante da UNICEF na Turquia)\" src=\"https:\/\/mma.prnewswire.com\/media\/2835111\/Ronesans_UNICEF.jpg\" alt=\"From left, Elisabetta Falcetti (EBRD Managing Director for T\u00fcrkiye and the Caucasus), ?pek Il?cak Kayaalp (Chair of the Board of R\u00f6nesans Holding), Paolo Marchi (UNICEF T\u00fcrkiye Representative)\" width=\"400\" height=\"267\" align=\"middle\" data-name=\"url$https%3A%2F%2Fmma.prnewswire.com%2Fmedia%2F2835111%2FRonesans_UNICEF.jpg\" \/><\/div>\n<\/p>\n<div id=\"prni_dvprnejpgbf09left\" dir=\"ltr\" style=\"width: 100%;text-align: left\"><img decoding=\"async\" id=\"prnejpgbf09left\" title=\"R\u00f6nesans Holding logo\" src=\"https:\/\/mma.prnewswire.com\/media\/2835123\/Ronesans_Holding_logo.jpg\" alt=\"R\u00f6nesans Holding logo\" align=\"middle\" data-name=\"url$https%3A%2F%2Fmma.prnewswire.com%2Fmedia%2F2835123%2FRonesans_Holding_logo.jpg\" \/><\/div>\n<\/p>\n<p id=\"PURL\"><img loading=\"lazy\" decoding=\"async\" title=\"Cision\" width=\"12\" height=\"12\" alt=\"Cision\" src=\"https:\/\/edge.prnewswire.com\/c\/img\/favicon.png?sn=PT35887&amp;sd=2025-12-02\" \/> View original content:<a id=\"PRNURL\" rel=\"nofollow\" href=\"https:\/\/www.prnewswire.com\/br\/comunicados-para-a-imprensa\/unicef-e-ronesans-unem-forcas-para-transformar-a-educacao-profissional-juvenil-na-turquia-302630623.html\" target=\"_blank\">https:\/\/www.prnewswire.com\/br\/comunicados-para-a-imprensa\/unicef-e-ronesans-unem-forcas-para-transformar-a-educacao-profissional-juvenil-na-turquia-302630623.html<\/a><\/p>\n<p>FONTE R\u00f6nesans Holding<\/p>\n<\/div>\n<p>  <img decoding=\"async\" alt=\"\" src=\"https:\/\/rt.prnewswire.com\/rt.gif?NewsItemId=PT35887&amp;Transmission_Id=202512021036PR_NEWS_LATAM____PT35887&amp;DateId=20251202\" style=\"border:0px;width:1px;height:1px\" \/><\/p>\n<p><strong>T\u00f3picos Relacionados:<\/strong> Sem Fins Lucrativos, Software de Computador, Diversidade, Equidade e Inclus\u00e3o, Computador\/Eletr\u00f4nica, Educa\u00e7\u00e3o, Sa\u00fade\/Hospitais, Joint Ventures, Responsabilidade Social Corporativa, Not\u00edcias Relacionadas a Crian\u00e7as, Gest\u00e3o de For\u00e7a de Trabalho\/RH, Servi\u00e7os Banc\u00e1rios\/Financeiros<\/p>\n<p>A <b>OESP<\/b> n\u00e3o \u00e9(s\u00e3o) respons\u00e1vel(is) por erros, incorre\u00e7\u00f5es, atrasos ou quaisquer decis\u00f5es tomadas por seus clientes com base nos Conte\u00fados ora disponibilizados, bem como tais Conte\u00fados n\u00e3o representam a opini\u00e3o da <b>OESP<\/b> e s\u00e3o de inteira responsabilidade da <b>PR Newswire Ltda<\/b><\/p>\n","protected":false},"excerpt":{"rendered":"ISTAMBUL, 2 de dezembro de 2025 \/PRNewswire\/ &#8212; A R\u00f6nesans Holding anunciou seu papel como um importante parceiro do setor privado no programa &#8220;From Learning to Earning for Youth&#8221;","protected":false},"author":1,"featured_media":120372,"comment_status":"open","ping_status":"closed","sticky":false,"template":"","format":"standard","meta":{"_acf_changed":false,"inline_featured_image":false,"_monsterinsights_skip_tracking":false,"_monsterinsights_sitenote_active":false,"_monsterinsights_sitenote_note":"","_monsterinsights_sitenote_category":0,"footnotes":""},"categories":[27],"tags":[5233],"class_list":["post-120371","post","type-post","status-publish","format-standard","has-post-thumbnail","hentry","category-prnewswire","tag-a-ronesans-holding-anunciou-seu-papel-como-um-importante-parceiro-do-setor-privado-no-programa-from-learning-to-earning-for-youth-do-aprendizado-ao-trabalho-para-a-juventude-d"],"acf":[],"_links":{"self":[{"href":"https:\/\/bluestudio.estadao.com.br\/agencia-de-comunicacao\/wp-json\/wp\/v2\/posts\/120371","targetHints":{"allow":["GET"]}}],"collection":[{"href":"https:\/\/bluestudio.estadao.com.br\/agencia-de-comunicacao\/wp-json\/wp\/v2\/posts"}],"about":[{"href":"https:\/\/bluestudio.estadao.com.br\/agencia-de-comunicacao\/wp-json\/wp\/v2\/types\/post"}],"author":[{"embeddable":true,"href":"https:\/\/bluestudio.estadao.com.br\/agencia-de-comunicacao\/wp-json\/wp\/v2\/users\/1"}],"replies":[{"embeddable":true,"href":"https:\/\/bluestudio.estadao.com.br\/agencia-de-comunicacao\/wp-json\/wp\/v2\/comments?post=120371"}],"version-history":[{"count":0,"href":"https:\/\/bluestudio.estadao.com.br\/agencia-de-comunicacao\/wp-json\/wp\/v2\/posts\/120371\/revisions"}],"wp:featuredmedia":[{"embeddable":true,"href":"https:\/\/bluestudio.estadao.com.br\/agencia-de-comunicacao\/wp-json\/wp\/v2\/media\/120372"}],"wp:attachment":[{"href":"https:\/\/bluestudio.estadao.com.br\/agencia-de-comunicacao\/wp-json\/wp\/v2\/media?parent=120371"}],"wp:term":[{"taxonomy":"category","embeddable":true,"href":"https:\/\/bluestudio.estadao.com.br\/agencia-de-comunicacao\/wp-json\/wp\/v2\/categories?post=120371"},{"taxonomy":"post_tag","embeddable":true,"href":"https:\/\/bluestudio.estadao.com.br\/agencia-de-comunicacao\/wp-json\/wp\/v2\/tags?post=120371"}],"curies":[{"name":"wp","href":"https:\/\/api.w.org\/{rel}","templated":true}]}}