{"id":120317,"date":"2025-12-01T12:12:00","date_gmt":"2025-12-01T15:12:00","guid":{"rendered":"https:\/\/bluestudio.estadao.com.br\/agencia-de-comunicacao\/prnewswire\/aos-100-anos-duas-rodas-apresenta-sua-nova-marca-dr-aromas-ingredientes-e-inicia-um-novo-ciclo-de-evolucao\/"},"modified":"2025-12-01T12:12:00","modified_gmt":"2025-12-01T15:12:00","slug":"aos-100-anos-duas-rodas-apresenta-sua-nova-marca-dr-aromas-ingredientes-e-inicia-um-novo-ciclo-de-evolucao","status":"publish","type":"post","link":"https:\/\/bluestudio.estadao.com.br\/agencia-de-comunicacao\/prnewswire\/aos-100-anos-duas-rodas-apresenta-sua-nova-marca-dr-aromas-ingredientes-e-inicia-um-novo-ciclo-de-evolucao\/","title":{"rendered":"Aos 100 anos, Duas Rodas apresenta sua nova marca DR Aromas &amp; Ingredientes e inicia um novo ciclo de evolu\u00e7\u00e3o"},"content":{"rendered":"\n<div class=\"xn-content\">\nJARAGU\u00c1 DO SUL, Brasil, <span class=\"legendSpanClass\">1\u00ba de dezembro de 2025<\/span> \/PRNewswire\/ &#8212; A Duas Rodas inicia um novo cap\u00edtulo em sua hist\u00f3ria ao adotar o nome DR Aromas &amp; Ingredientes (DR Flavors &amp; Ingredients, na vers\u00e3o internacional), movimento que marca os 100 anos da multinacional brasileira fundada em Jaragu\u00e1 do Sul, Santa Catarina. A mudan\u00e7a celebra uma trajet\u00f3ria de vitalidade, inova\u00e7\u00e3o e crescimento cont\u00ednuo no Brasil e no exterior, que consolidou a empresa como l\u00edder latino-americana em aromas, extratos bot\u00e2nicos e outros insumos para a ind\u00fastria de alimentos e bebidas.<\/p>\n<p>Ao longo de um s\u00e9culo de hist\u00f3ria, a DR Aromas &amp; Ingredientes construiu uma opera\u00e7\u00e3o que abrange oito pa\u00edses, incluindo tr\u00eas unidades fabris no Brasil (Santa Catarina, S\u00e3o Paulo e Sergipe), M\u00e9xico, Chile e Col\u00f4mbia, al\u00e9m de escrit\u00f3rios, centros tecnol\u00f3gicos e centros log\u00edsticos na Alemanha, Pol\u00f4nia, China e Estados Unidos. Presente em mais de 70 pa\u00edses, a DR se guia pelo prop\u00f3sito de &#8220;conectar pessoas e marcas por meio de solu\u00e7\u00f5es que despertam sentidos, geram valor e inspiram o futuro da alimenta\u00e7\u00e3o, com responsabilidade&#8221;.<\/p>\n<p>A nova identidade nasce como uma evolu\u00e7\u00e3o natural, mantendo viva a ess\u00eancia da companhia. O nome escolhido &#8211; DR Aromas &amp; Ingredientes &#8211; reflete o foco estrat\u00e9gico em humanizar sua comunica\u00e7\u00e3o e valorizar os aspectos sensoriais e afetivos que conectam as pessoas com os alimentos, em um movimento cada vez mais relevante na comunica\u00e7\u00e3o global do setor.<\/p>\n<p>A transi\u00e7\u00e3o de marca e os planos de desenvolvimento cont\u00ednuo da empresa s\u00e3o conduzidos pelo Presidente do Conselho de Administra\u00e7\u00e3o, Leonardo Fausto Zipf, e pela Presidente-Executiva, Rosemeri Francener. &#8220;Somos fruto do trabalho de pessoas comprometidas, vision\u00e1rias e determinadas&#8221;, diz Zipf. &#8220;Esta empresa sempre soube se reinventar, mantendo-se fiel \u00e0 sua ess\u00eancia. Nosso olhar est\u00e1 no futuro, mas os valores que nos trouxeram at\u00e9 aqui seguem inabal\u00e1veis.&#8221;<\/p>\n<p>Rosemeri Francener refor\u00e7a o sentimento de responsabilidade do novo ciclo. &#8220;Completar 100 anos \u00e9 uma conquista rara.  Mas, mais do que isso, \u00e9 uma responsabilidade. Estamos honrando a nossa hist\u00f3ria ao continuar crescendo com foco, prop\u00f3sito e paix\u00e3o pelo que fazemos. Estamos apenas no come\u00e7o de um novo ciclo de conquistas&#8221;, afirma.<\/p>\n<p id=\"PURL\"><img loading=\"lazy\" decoding=\"async\" title=\"Cision\" width=\"12\" height=\"12\" alt=\"Cision\" src=\"https:\/\/edge.prnewswire.com\/c\/img\/favicon.png?sn=PT35607&amp;sd=2025-12-01\" \/> View original content:<a id=\"PRNURL\" rel=\"nofollow\" href=\"https:\/\/www.prnewswire.com\/br\/comunicados-para-a-imprensa\/aos-100-anos-duas-rodas-apresenta-sua-nova-marca-dr-aromas--ingredientes-e-inicia-um-novo-ciclo-de-evolucao-302629166.html\" target=\"_blank\">https:\/\/www.prnewswire.com\/br\/comunicados-para-a-imprensa\/aos-100-anos-duas-rodas-apresenta-sua-nova-marca-dr-aromas&#8211;ingredientes-e-inicia-um-novo-ciclo-de-evolucao-302629166.html<\/a><\/p>\n<p>FONTE Duas Rodas<\/p>\n<\/div>\n<p>  <img decoding=\"async\" alt=\"\" src=\"https:\/\/rt.prnewswire.com\/rt.gif?NewsItemId=PT35607&amp;Transmission_Id=202512011000PR_NEWS_LATAM____PT35607&amp;DateId=20251201\" style=\"border:0px;width:1px;height:1px\" \/><\/p>\n<p><strong>T\u00f3picos Relacionados:<\/strong> Novos Produtos\/Servi\u00e7os, Alimentos, Servi\u00e7os P\u00fablicos, Varejo, Petr\u00f3leo\/Energia<\/p>\n<p>A <b>OESP<\/b> n\u00e3o \u00e9(s\u00e3o) respons\u00e1vel(is) por erros, incorre\u00e7\u00f5es, atrasos ou quaisquer decis\u00f5es tomadas por seus clientes com base nos Conte\u00fados ora disponibilizados, bem como tais Conte\u00fados n\u00e3o representam a opini\u00e3o da <b>OESP<\/b> e s\u00e3o de inteira responsabilidade da <b>PR Newswire Ltda<\/b><\/p>\n","protected":false},"excerpt":{"rendered":"JARAGU\u00c1 DO SUL, Brasil, 1\u00ba de dezembro de 2025 \/PRNewswire\/ &#8212; A Duas Rodas inicia um novo cap\u00edtulo em sua hist\u00f3ria ao adotar o nome DR Aromas &amp; Ingredientes (DR Flavors &amp;","protected":false},"author":1,"featured_media":120318,"comment_status":"open","ping_status":"closed","sticky":false,"template":"","format":"standard","meta":{"_acf_changed":false,"inline_featured_image":false,"_monsterinsights_skip_tracking":false,"_monsterinsights_sitenote_active":false,"_monsterinsights_sitenote_note":"","_monsterinsights_sitenote_category":0,"footnotes":""},"categories":[27],"tags":[5202,5204,5203],"class_list":["post-120317","post","type-post","status-publish","format-standard","has-post-thumbnail","hentry","category-prnewswire","tag-a-duas-rodas-inicia-um-novo-capitulo-em-sua-historia-ao-adotar-o-nome-dr-aromas-ingredientes-dr-flavors-ingredients","tag-movimento-que-marca-os-100-anos","tag-na-versao-internacional"],"acf":[],"_links":{"self":[{"href":"https:\/\/bluestudio.estadao.com.br\/agencia-de-comunicacao\/wp-json\/wp\/v2\/posts\/120317","targetHints":{"allow":["GET"]}}],"collection":[{"href":"https:\/\/bluestudio.estadao.com.br\/agencia-de-comunicacao\/wp-json\/wp\/v2\/posts"}],"about":[{"href":"https:\/\/bluestudio.estadao.com.br\/agencia-de-comunicacao\/wp-json\/wp\/v2\/types\/post"}],"author":[{"embeddable":true,"href":"https:\/\/bluestudio.estadao.com.br\/agencia-de-comunicacao\/wp-json\/wp\/v2\/users\/1"}],"replies":[{"embeddable":true,"href":"https:\/\/bluestudio.estadao.com.br\/agencia-de-comunicacao\/wp-json\/wp\/v2\/comments?post=120317"}],"version-history":[{"count":0,"href":"https:\/\/bluestudio.estadao.com.br\/agencia-de-comunicacao\/wp-json\/wp\/v2\/posts\/120317\/revisions"}],"wp:featuredmedia":[{"embeddable":true,"href":"https:\/\/bluestudio.estadao.com.br\/agencia-de-comunicacao\/wp-json\/wp\/v2\/media\/120318"}],"wp:attachment":[{"href":"https:\/\/bluestudio.estadao.com.br\/agencia-de-comunicacao\/wp-json\/wp\/v2\/media?parent=120317"}],"wp:term":[{"taxonomy":"category","embeddable":true,"href":"https:\/\/bluestudio.estadao.com.br\/agencia-de-comunicacao\/wp-json\/wp\/v2\/categories?post=120317"},{"taxonomy":"post_tag","embeddable":true,"href":"https:\/\/bluestudio.estadao.com.br\/agencia-de-comunicacao\/wp-json\/wp\/v2\/tags?post=120317"}],"curies":[{"name":"wp","href":"https:\/\/api.w.org\/{rel}","templated":true}]}}