{"id":120158,"date":"2025-11-27T10:27:00","date_gmt":"2025-11-27T13:27:00","guid":{"rendered":"https:\/\/bluestudio.estadao.com.br\/agencia-de-comunicacao\/prnewswire\/coletiva-de-imprensa-do-sul-global-sobre-o-porto-de-livre-comercio-plc-de-hainan-realizada-em-haikou\/"},"modified":"2025-11-27T10:27:00","modified_gmt":"2025-11-27T13:27:00","slug":"coletiva-de-imprensa-do-sul-global-sobre-o-porto-de-livre-comercio-plc-de-hainan-realizada-em-haikou","status":"publish","type":"post","link":"https:\/\/bluestudio.estadao.com.br\/agencia-de-comunicacao\/prnewswire\/coletiva-de-imprensa-do-sul-global-sobre-o-porto-de-livre-comercio-plc-de-hainan-realizada-em-haikou\/","title":{"rendered":"Coletiva de imprensa do Sul Global sobre o Porto de Livre Com\u00e9rcio (PLC) de Hainan realizada em Haikou"},"content":{"rendered":"\n<div class=\"xn-content\">\n<span class=\"legendSpanClass\">HAIKOU, China<\/span>, <span class=\"legendSpanClass\">27 de novembro de 2025<\/span> \/PRNewswire\/ &#8212; Um relat\u00f3rio do Centro Internacional de M\u00eddia de Hainan:<\/p>\n<p>Em 24 de novembro, foi realizada em Haikou a coletiva de imprensa sobre o Porto de Livre Com\u00e9rcio de Hainan para a imprensa do Sul Global. Altos funcion\u00e1rios de ag\u00eancias locais participaram da coletiva e responderam \u00e0s perguntas de jornalistas provenientes de 33 pa\u00edses.<\/p>\n<div class=\"PRN_ImbeddedAssetReference\" id=\"DivAssetPlaceHolder9709\">\n<p title=\"A delega\u00e7\u00e3o da m\u00eddia do Sul Global realiza pesquisas presenciais e entrevistas no PLC de Hainan.\">\n<\/div>\n<p>Grandes avan\u00e7os nas opera\u00e7\u00f5es especiais alfandeg\u00e1rias em toda a ilha t\u00eam atra\u00eddo aten\u00e7\u00e3o. O arcabou\u00e7o pol\u00edtico e institucional relevante foi amplamente estabelecido, com a emiss\u00e3o de pol\u00edticas essenciais e outros documentos de apoio. As instala\u00e7\u00f5es f\u00edsicas relevantes foram conclu\u00eddas, com oito portos de &#8220;primeira linha&#8221; e dez portos de &#8220;segunda linha&#8221;. Um teste abrangente, em funcionamento 24 horas por dia, das opera\u00e7\u00f5es especiais alfandeg\u00e1rias em toda a ilha foi iniciado 30 dias antes de seu lan\u00e7amento oficial para garantir opera\u00e7\u00f5es cont\u00ednuas e ordenadas.<\/p>\n<p>Os desenvolvimentos no regime tribut\u00e1rio do PLC de Hainan tamb\u00e9m t\u00eam atra\u00eddo a aten\u00e7\u00e3o da imprensa estrangeira. Foram implementadas 18 pol\u00edticas tribut\u00e1rias do porto de livre com\u00e9rcio, incluindo tr\u00eas listas de &#8220;tarifa zero&#8221;, a pol\u00edtica de isen\u00e7\u00e3o de tarifas de importa\u00e7\u00e3o para produtos com valor agregado de pelo menos 30% ap\u00f3s o processamento, o &#8220;duplo teto de 15%&#8221; sobre o imposto de renda corporativo e individual, 14 pol\u00edticas de colheita antecipada, como compras duty-free na sa\u00edda da ilha, e quatro pol\u00edticas incrementais, incluindo a importa\u00e7\u00e3o com &#8220;tarifa zero&#8221; de aparelhos e instrumentos m\u00e9dicos para a Zona Piloto Internacional de Turismo M\u00e9dico de Boao Lecheng.<\/p>\n<p>Uma vez que o PLC de Hainan lance oficialmente as opera\u00e7\u00f5es especiais alfandeg\u00e1rias em toda a ilha, as pol\u00edticas originais de &#8220;tarifa zero&#8221; passar\u00e3o para um sistema de gest\u00e3o por lista negativa, que incluir\u00e1 a implementa\u00e7\u00e3o da lista de bens importados tribut\u00e1veis e das pol\u00edticas fiscais para a circula\u00e7\u00e3o de mercadorias. Naquele momento, as atuais pol\u00edticas tribut\u00e1rias ser\u00e3o consolidadas em 17 pol\u00edticas, incluindo 10 pol\u00edticas de &#8220;tarifa zero&#8221;. Essas incluem uma nova pol\u00edtica que eleva a propor\u00e7\u00e3o de bens sujeitos ao tratamento de &#8220;tarifa zero&#8221; de 21% para 74%, juntamente com duas pol\u00edticas de reembolso de IVA, isen\u00e7\u00f5es de imposto de selo para o com\u00e9rcio offshore e quatro pol\u00edticas de imposto de renda.<\/p>\n<p>O PLC de Hainan dar\u00e1 in\u00edcio oficial \u00e0s opera\u00e7\u00f5es especiais alfandeg\u00e1rias em toda a ilha em 18 de dezembro de 2025, com o objetivo de se consolidar como um importante portal da abertura da China na nova era. Ap\u00f3s o in\u00edcio das opera\u00e7\u00f5es especiais alfandeg\u00e1rias em toda a ilha, o Porto de Livre Com\u00e9rcio de Hainan passar\u00e1 a implementar ainda mais pol\u00edticas abertas, permitindo trocas mais livres com a comunidade internacional e uma conectividade mais eficiente com o interior da China.<\/p>\n<p>Ap\u00f3s a coletiva, a delega\u00e7\u00e3o da m\u00eddia do Sul Global iniciou sua turn\u00ea de cinco dias por Haikou, Danzhou, Qionghai, Wanning, Lingshui e Sanya, onde realizar\u00e1 pesquisas presenciais e entrevistas.<\/p>\n<p>V\u00eddeo &#8211; <a href=\"https:\/\/www.youtube.com\/watch?v=hQPA10fC_hc\" target=\"_blank\" rel=\"nofollow\">https:\/\/www.youtube.com\/watch?v=hQPA10fC_hc<\/a><\/p>\n<\/p>\n<div class=\"PRN_ImbeddedAssetReference\" id=\"DivAssetPlaceHolder0\"><\/div>\n<p id=\"PURL\"><img loading=\"lazy\" decoding=\"async\" title=\"Cision\" width=\"12\" height=\"12\" alt=\"Cision\" src=\"https:\/\/edge.prnewswire.com\/c\/img\/favicon.png?sn=PT33775&amp;sd=2025-11-27\" \/> View original content to download multimedia:<a id=\"PRNURL\" rel=\"nofollow\" href=\"https:\/\/www.prnewswire.com\/br\/comunicados-para-a-imprensa\/coletiva-de-imprensa-do-sul-global-sobre-o-porto-de-livre-comercio-plc-de-hainan-realizada-em-haikou-302627611.html\" target=\"_blank\">https:\/\/www.prnewswire.com\/br\/comunicados-para-a-imprensa\/coletiva-de-imprensa-do-sul-global-sobre-o-porto-de-livre-comercio-plc-de-hainan-realizada-em-haikou-302627611.html<\/a><\/p>\n<p>FONTE Hainan International Media Center (HIMC)<\/p>\n<\/div>\n<p>  <img decoding=\"async\" alt=\"\" src=\"https:\/\/rt.prnewswire.com\/rt.gif?NewsItemId=PT33775&amp;Transmission_Id=202511270821PR_NEWS_LATAM____PT33775&amp;DateId=20251127\" style=\"border:0px;width:1px;height:1px\" \/><\/p>\n<p><strong>T\u00f3picos Relacionados:<\/strong> Pol\u00edtica Comercial, Pol\u00edtica Externa\/Assuntos Internacionais, Publica\u00e7\u00e3o \/ Servi\u00e7os de Informa\u00e7\u00e3o, Tecnologia de Transmiss\u00e3o, An\u00fancios de Transmiss\u00e3o, Computador\/Eletr\u00f4nica<\/p>\n<p>A <b>OESP<\/b> n\u00e3o \u00e9(s\u00e3o) respons\u00e1vel(is) por erros, incorre\u00e7\u00f5es, atrasos ou quaisquer decis\u00f5es tomadas por seus clientes com base nos Conte\u00fados ora disponibilizados, bem como tais Conte\u00fados n\u00e3o representam a opini\u00e3o da <b>OESP<\/b> e s\u00e3o de inteira responsabilidade da <b>PR Newswire Ltda<\/b><\/p>\n","protected":false},"excerpt":{"rendered":"HAIKOU, China, 27 de novembro de 2025 \/PRNewswire\/ &#8212; Um relat\u00f3rio do Centro Internacional de M\u00eddia de Hainan: Em 24 de novembro, foi realizada em Haikou a coletiva de imprensa sobre o Porto de","protected":false},"author":1,"featured_media":120159,"comment_status":"open","ping_status":"closed","sticky":false,"template":"","format":"standard","meta":{"_acf_changed":false,"inline_featured_image":false,"_monsterinsights_skip_tracking":false,"_monsterinsights_sitenote_active":false,"_monsterinsights_sitenote_note":"","_monsterinsights_sitenote_category":0,"footnotes":""},"categories":[27],"tags":[5088,5087],"class_list":["post-120158","post","type-post","status-publish","format-standard","has-post-thumbnail","hentry","category-prnewswire","tag-foi-realizada-em-haikou-a-coletiva-de-imprensa-sobre-o-porto-de-livre-comercio-de-hainan-para-a-imp","tag-um-relatorio-do-centro-internacional-de-midia-de-hainan-em-24-de-novembro"],"acf":[],"_links":{"self":[{"href":"https:\/\/bluestudio.estadao.com.br\/agencia-de-comunicacao\/wp-json\/wp\/v2\/posts\/120158","targetHints":{"allow":["GET"]}}],"collection":[{"href":"https:\/\/bluestudio.estadao.com.br\/agencia-de-comunicacao\/wp-json\/wp\/v2\/posts"}],"about":[{"href":"https:\/\/bluestudio.estadao.com.br\/agencia-de-comunicacao\/wp-json\/wp\/v2\/types\/post"}],"author":[{"embeddable":true,"href":"https:\/\/bluestudio.estadao.com.br\/agencia-de-comunicacao\/wp-json\/wp\/v2\/users\/1"}],"replies":[{"embeddable":true,"href":"https:\/\/bluestudio.estadao.com.br\/agencia-de-comunicacao\/wp-json\/wp\/v2\/comments?post=120158"}],"version-history":[{"count":0,"href":"https:\/\/bluestudio.estadao.com.br\/agencia-de-comunicacao\/wp-json\/wp\/v2\/posts\/120158\/revisions"}],"wp:featuredmedia":[{"embeddable":true,"href":"https:\/\/bluestudio.estadao.com.br\/agencia-de-comunicacao\/wp-json\/wp\/v2\/media\/120159"}],"wp:attachment":[{"href":"https:\/\/bluestudio.estadao.com.br\/agencia-de-comunicacao\/wp-json\/wp\/v2\/media?parent=120158"}],"wp:term":[{"taxonomy":"category","embeddable":true,"href":"https:\/\/bluestudio.estadao.com.br\/agencia-de-comunicacao\/wp-json\/wp\/v2\/categories?post=120158"},{"taxonomy":"post_tag","embeddable":true,"href":"https:\/\/bluestudio.estadao.com.br\/agencia-de-comunicacao\/wp-json\/wp\/v2\/tags?post=120158"}],"curies":[{"name":"wp","href":"https:\/\/api.w.org\/{rel}","templated":true}]}}