{"id":120131,"date":"2025-11-26T15:27:00","date_gmt":"2025-11-26T18:27:00","guid":{"rendered":"https:\/\/bluestudio.estadao.com.br\/agencia-de-comunicacao\/prnewswire\/pow-festival-tera-shows-gratuitos-de-arnaldo-antunes-e-ze-ibarra\/"},"modified":"2025-11-26T15:27:00","modified_gmt":"2025-11-26T18:27:00","slug":"pow-festival-tera-shows-gratuitos-de-arnaldo-antunes-e-ze-ibarra","status":"publish","type":"post","link":"https:\/\/bluestudio.estadao.com.br\/agencia-de-comunicacao\/prnewswire\/pow-festival-tera-shows-gratuitos-de-arnaldo-antunes-e-ze-ibarra\/","title":{"rendered":"POW Festival ter\u00e1 shows gratuitos de Arnaldo Antunes e Z\u00e9 Ibarra"},"content":{"rendered":"\n<div class=\"xn-content\">\n<p class=\"prntac\"><i> Evento em Ribeir\u00e3o Preto acontece nos dias 6 e 7 de dezembro com programa\u00e7\u00e3o totalmente gratuita; Ingressos precisam ser garantidos antecipadamente pelo site <\/i><\/p>\n<p><span class=\"legendSpanClass\">RIBEIR\u00c3O PRETO, Brasil<\/span>, <span class=\"legendSpanClass\">26 de novembro de 2025<\/span> \/PRNewswire\/ &#8212; A 3\u00aa edi\u00e7\u00e3o do POW Festival promete movimentar Ribeir\u00e3o Preto com uma programa\u00e7\u00e3o que une m\u00fasica, tecnologia, arte, inova\u00e7\u00e3o e experi\u00eancias imersivas, nos dias 6 e 7 de dezembro, no espa\u00e7o A F\u00e1brica. <\/p>\n<div class=\"PRN_ImbeddedAssetReference\" id=\"DivAssetPlaceHolder9939\">\n<a href=\"https:\/\/mma.prnewswire.com\/media\/2833043\/AA_LeoAversa3240.html\" target=\"_blank\" rel=\"nofollow\"><img decoding=\"async\" src=\"https:\/\/mma.prnewswire.com\/media\/2833043\/AA_LeoAversa3240.jpg\" title=\"Arnaldo Antunes sobe pela primeira vez ao palco do POW Festival no domingo, \u00e0s 16h. cr\u00e9dito da foto: Leo Aversa\" alt=\"Arnaldo Antunes sobe pela primeira vez ao palco do POW Festival no domingo, \u00e0s 16h. cr\u00e9dito da foto: Leo Aversa\" \/><\/a><\/p>\n<\/div>\n<p>A agenda musical do evento apresenta no s\u00e1bado, 6 de dezembro, os shows de Z\u00e9 Ibarra e do grupo Percurtindo; j\u00e1 no domingo, 7, Arnaldo Antunes abre o line-up e a banda Debbie Smith Lipstick encerra o festival. Assim como as demais atividades culturais, educativas, imersivas e tecnol\u00f3gicas do festival, todos os shows s\u00e3o gratuitos, com ingressos limitados \u00e0 capacidade do local.<\/p>\n<p><b> S\u00e1bado, 6 &#8211; Percurtindo e Z\u00e9 Ibarra <\/b><\/p>\n<p>O grupo Percurtindo abre a programa\u00e7\u00e3o musical, \u00e0s 18h30, com uma performance energ\u00e9tica que combina percuss\u00e3o intensa e elementos eletr\u00f4nicos, preparando o p\u00fablico com criatividade e impacto visual.<\/p>\n<p> \u00c0s 20h, sobe ao palco Z\u00e9 Ibarra, que integrou o grupo Bala Desejo, vencedor do Grammy Latino em 2022, e agora se destaca em carreira solo com o \u00e1lbum &#8220;AFIM&#8221;. Aos 28 anos, o artista apresenta uma produ\u00e7\u00e3o mais madura e plural, marcada por arranjos contempor\u00e2neos e refer\u00eancias da m\u00fasica pop. No setlist est\u00e3o faixas como &#8220;Transe&#8221;, indicada ao Grammy Latino 2025, e &#8220;Infinito em N\u00f3s&#8221;, finalista do Pr\u00eamio Multishow.<\/p>\n<p><b> Domingo, 7 &#8211; Arnaldo Antunes e Debbie Smith Lipstick <\/b><\/p>\n<p>No domingo, \u00e0s 16h, o POW Festival recebe Arnaldo Antunes, um dos mais influentes cantores, compositores e poetas do Brasil. Ex-integrante dos Tit\u00e3s, cofundador dos Tribalistas e refer\u00eancia na fus\u00e3o entre palavra, m\u00fasica e experimenta\u00e7\u00e3o sonora, Arnaldo apresenta o repert\u00f3rio de seu \u00e1lbum &#8220;Novo Mundo&#8221;, lan\u00e7ado em 2025. No show, in\u00e9ditas convivem com grandes sucessos de sua carreira solo, al\u00e9m de cl\u00e1ssicos que marcaram gera\u00e7\u00f5es. Sua presen\u00e7a consolida o POW Festival como um dos eventos culturais mais relevantes e acess\u00edveis da regi\u00e3o, ao oferecer gratuitamente um artista com trajet\u00f3ria reconhecida nacional e internacionalmente.<\/p>\n<p>Encerrando a programa\u00e7\u00e3o musical, \u00e0s 20h, a banda de Ribeir\u00e3o Preto Debbie Smith Lipstick traz covers do p\u00f3s-punk e new wave dos anos 1980, com repert\u00f3rio que passa por The Cure, Siouxsie and The Banshees e a-ha.<\/p>\n<p><b> INGRESSOS <\/b>  &#8211; Para participar das atividades, o p\u00fablico deve baixar o ingresso e realizar a inscri\u00e7\u00e3o antecipada no site oficial. J\u00e1 para acompanhar as atra\u00e7\u00f5es musicais na \u00e1rea reservada em frente ao palco, \u00e9 necess\u00e1rio baixar o ingresso SHOW, chegar com anteced\u00eancia e retirar a pulseira de acesso, que \u00e9 limitada e distribu\u00edda por ordem de chegada, conforme a capacidade do local.<\/p>\n<p><b> Programe-se <\/b><\/p>\n<p>POW FESTIVAL &#8211; 3\u00aa edi\u00e7\u00e3o<\/p>\n<p>Data : 6 e 7 de dezembro de 2025<\/p>\n<p>Local : A F\u00e1brica (Rua Mariana Junqueira, 33)<\/p>\n<p>Ingressos *: powfestival.com.br<\/p>\n<p>Idealiza\u00e7\u00e3o : Instituto SEB<\/p>\n<p>*Entrada gratuita mediante ingresso baixado com anteced\u00eancia<\/p>\n<p> Realiza\u00e7\u00e3o: Minist\u00e9rio da Cultura, Lei de Incentivo \u00e0 Cultura, Governo do Brasil Do Lado do Povo Brasileiro<\/p>\n<p>Projeto: &#8220;POW Festival &#8211; 3\u00aa Edi\u00e7\u00e3o&#8221; \u00e9 aprovado na Lei de Incentivo \u00e0 Cultura &#8211; Federal: PRONAC 251387<\/p>\n<p>Foto &#8211; <a href=\"https:\/\/mma.prnewswire.com\/media\/2833043\/AA_LeoAversa3240.jpg\" target=\"_blank\" rel=\"nofollow\">https:\/\/mma.prnewswire.com\/media\/2833043\/AA_LeoAversa3240.jpg<\/a><\/p>\n<\/p>\n<div class=\"PRN_ImbeddedAssetReference\" id=\"DivAssetPlaceHolder0\"><\/div>\n<p id=\"PURL\"><img loading=\"lazy\" decoding=\"async\" title=\"Cision\" width=\"12\" height=\"12\" alt=\"Cision\" src=\"https:\/\/edge.prnewswire.com\/c\/img\/favicon.png?sn=PT34137&amp;sd=2025-11-26\" \/> View original content to download multimedia:<a id=\"PRNURL\" rel=\"nofollow\" href=\"https:\/\/www.prnewswire.com\/br\/comunicados-para-a-imprensa\/pow-festival-tera-shows-gratuitos-de-arnaldo-antunes-e-ze-ibarra-302626996.html\" target=\"_blank\">https:\/\/www.prnewswire.com\/br\/comunicados-para-a-imprensa\/pow-festival-tera-shows-gratuitos-de-arnaldo-antunes-e-ze-ibarra-302626996.html<\/a><\/p>\n<p>FONTE POW Festival<\/p>\n<\/div>\n<p>  <img decoding=\"async\" alt=\"\" src=\"https:\/\/rt.prnewswire.com\/rt.gif?NewsItemId=PT34137&amp;Transmission_Id=202511261311PR_NEWS_LATAM____PT34137&amp;DateId=20251126\" style=\"border:0px;width:1px;height:1px\" \/><\/p>\n<p><strong>T\u00f3picos Relacionados:<\/strong> Eventos Futuros, M\u00fasica, Arte, Cultura e Design, Entretenimento<\/p>\n<p>A <b>OESP<\/b> n\u00e3o \u00e9(s\u00e3o) respons\u00e1vel(is) por erros, incorre\u00e7\u00f5es, atrasos ou quaisquer decis\u00f5es tomadas por seus clientes com base nos Conte\u00fados ora disponibilizados, bem como tais Conte\u00fados n\u00e3o representam a opini\u00e3o da <b>OESP<\/b> e s\u00e3o de inteira responsabilidade da <b>PR Newswire Ltda<\/b><\/p>\n","protected":false},"excerpt":{"rendered":"Evento em Ribeir\u00e3o Preto acontece nos dias 6 e 7 de dezembro com programa\u00e7\u00e3o totalmente gratuita; Ingressos precisam ser garantidos antecipadamente pelo site RIBEIR\u00c3O PRETO, Brasil, 26 de novembro","protected":false},"author":1,"featured_media":120132,"comment_status":"open","ping_status":"closed","sticky":false,"template":"","format":"standard","meta":{"_acf_changed":false,"inline_featured_image":false,"_monsterinsights_skip_tracking":false,"_monsterinsights_sitenote_active":false,"_monsterinsights_sitenote_note":"","_monsterinsights_sitenote_category":0,"footnotes":""},"categories":[27],"tags":[5051],"class_list":["post-120131","post","type-post","status-publish","format-standard","has-post-thumbnail","hentry","category-prnewswire","tag-evento-em-ribeirao-preto-acontece-nos-dias-6-e-7-de-dezembro-com-programacao-totalmente-gratuita-ingressos-precisam-ser-garantidos-antecipadamente-pelo-site"],"acf":[],"_links":{"self":[{"href":"https:\/\/bluestudio.estadao.com.br\/agencia-de-comunicacao\/wp-json\/wp\/v2\/posts\/120131","targetHints":{"allow":["GET"]}}],"collection":[{"href":"https:\/\/bluestudio.estadao.com.br\/agencia-de-comunicacao\/wp-json\/wp\/v2\/posts"}],"about":[{"href":"https:\/\/bluestudio.estadao.com.br\/agencia-de-comunicacao\/wp-json\/wp\/v2\/types\/post"}],"author":[{"embeddable":true,"href":"https:\/\/bluestudio.estadao.com.br\/agencia-de-comunicacao\/wp-json\/wp\/v2\/users\/1"}],"replies":[{"embeddable":true,"href":"https:\/\/bluestudio.estadao.com.br\/agencia-de-comunicacao\/wp-json\/wp\/v2\/comments?post=120131"}],"version-history":[{"count":0,"href":"https:\/\/bluestudio.estadao.com.br\/agencia-de-comunicacao\/wp-json\/wp\/v2\/posts\/120131\/revisions"}],"wp:featuredmedia":[{"embeddable":true,"href":"https:\/\/bluestudio.estadao.com.br\/agencia-de-comunicacao\/wp-json\/wp\/v2\/media\/120132"}],"wp:attachment":[{"href":"https:\/\/bluestudio.estadao.com.br\/agencia-de-comunicacao\/wp-json\/wp\/v2\/media?parent=120131"}],"wp:term":[{"taxonomy":"category","embeddable":true,"href":"https:\/\/bluestudio.estadao.com.br\/agencia-de-comunicacao\/wp-json\/wp\/v2\/categories?post=120131"},{"taxonomy":"post_tag","embeddable":true,"href":"https:\/\/bluestudio.estadao.com.br\/agencia-de-comunicacao\/wp-json\/wp\/v2\/tags?post=120131"}],"curies":[{"name":"wp","href":"https:\/\/api.w.org\/{rel}","templated":true}]}}