{"id":120109,"date":"2025-11-26T13:27:00","date_gmt":"2025-11-26T16:27:00","guid":{"rendered":"https:\/\/bluestudio.estadao.com.br\/agencia-de-comunicacao\/prnewswire\/ia-na-justica-nao-pode-ser-atalho-para-decisoes-humanas-diz-presidente-do-cesa\/"},"modified":"2025-11-26T13:27:00","modified_gmt":"2025-11-26T16:27:00","slug":"ia-na-justica-nao-pode-ser-atalho-para-decisoes-humanas-diz-presidente-do-cesa","status":"publish","type":"post","link":"https:\/\/bluestudio.estadao.com.br\/agencia-de-comunicacao\/prnewswire\/ia-na-justica-nao-pode-ser-atalho-para-decisoes-humanas-diz-presidente-do-cesa\/","title":{"rendered":"IA na Justi\u00e7a n\u00e3o pode ser &#8216;atalho&#8217; para decis\u00f5es humanas, diz presidente do CESA"},"content":{"rendered":"\n<div class=\"xn-content\">\n<p class=\"prntac\"><b><i>Entidade re\u00fane, nesta quinta e sexta-feira, em S\u00e3o Paulo, representantes dos maiores escrit\u00f3rios de advocacia do pa\u00eds para discutir uso de IA em processos<\/i><\/b><\/p>\n<p><span class=\"legendSpanClass\">S\u00c3O PAULO<\/span>, <span class=\"legendSpanClass\">26 de novembro de 2025<\/span> \/PRNewswire\/ &#8212; O tributarista <b>Gustavo Brigag\u00e3o<\/b>, presidente nacional do Centro de Estudos das Sociedades de Advogados (CESA), reconhece os benef\u00edcios da intelig\u00eancia artificial (IA) na Justi\u00e7a, mas pondera que o Direito n\u00e3o pode renunciar \u00e0 autoria humana das decis\u00f5es: &#8220;A legitimidade de um julgamento, de uma autua\u00e7\u00e3o, de um parecer p\u00fablico vinculante ou de uma senten\u00e7a n\u00e3o decorre apenas da corre\u00e7\u00e3o l\u00f3gica do resultado, mas da explicabilidade do caminho que levou at\u00e9 ele. A IA pode organizar esse caminho, pode ilumin\u00e1-lo com dados e rapidez in\u00e9ditos, mas n\u00e3o pode substitu\u00ed-lo por um atalho&#8221;.<\/p>\n<div class=\"PRN_ImbeddedAssetReference\" id=\"DivAssetPlaceHolder8848\">\n<a href=\"https:\/\/mma.prnewswire.com\/media\/2832905\/cesa_tivoli.html\" target=\"_blank\" rel=\"nofollow\"><img decoding=\"async\" src=\"https:\/\/mma.prnewswire.com\/media\/2832905\/cesa_tivoli.jpg\" title=\"\" alt=\"\" \/><\/a><\/p>\n<\/div>\n<p>Brigag\u00e3o ser\u00e1 um dos juristas que, nos dias <b>27 e 28 de novembro<\/b>, no Tivoli Mofarrej S\u00e3o Paulo Hotel, discutir\u00e1 essa quest\u00e3o na <b>4\u00aa edi\u00e7\u00e3o do Congresso CESA das Sociedades de Advogados<\/b>. O evento, que ter\u00e1 como tema central do evento a &#8220;Transforma\u00e7\u00e3o Tecnol\u00f3gica na Advocacia&#8221;, reunir\u00e1 representantes dos tribunais superiores e diretores jur\u00eddicos de grandes empresas, bancas de advocacia e convidados.<\/p>\n<p>A utiliza\u00e7\u00e3o da IA na atividade jur\u00eddica tem, de fato, crescido, com a ado\u00e7\u00e3o do Sinapses, do Conecta e da Plataforma Digital do Poder Judici\u00e1rio (PDPJ-Br), no Conselho Nacional de Justi\u00e7a; do Projeto MARIA, no Supremo Tribunal Federal (STF) e do Athos, Superior Tribunal de Justi\u00e7a (STJ), al\u00e9m de projetos como o IARA, no CARF; o SPOILER, na PGFN, e ferramentas como Arpia e Iris, na Receita Federal.<\/p>\n<p><b>Falhas virtuais<\/b><\/p>\n<p>Mas, para o advogado <b>Alexandre Atheniense<\/b>, coordenador da Comiss\u00e3o de Direito Digital e Intelig\u00eancia Artificial do CESA, o problema n\u00e3o \u00e9 a tecnologia em si, mas a aus\u00eancia de protocolos que assegurem que ela sirva ao devido processo legal.<\/p>\n<p>&#8220;Participei de uma audi\u00eancia remota que evidenciou a precariedade tecnol\u00f3gica de nossos tribunais. Durante o depoimento, a testemunha repetidamente desviava o olhar, voltando-se para o lado esquerdo como se buscasse orienta\u00e7\u00e3o de algu\u00e9m fora do enquadramento. Imposs\u00edvel confirmar. Imposs\u00edvel questionar. Imposs\u00edvel documentar&#8221;, afirma Atheniense.<\/p>\n<p>Para ele, n\u00e3o se trata de defender a suspens\u00e3o da virtualiza\u00e7\u00e3o da Justi\u00e7a, mas exigir que ela seja feita corretamente: &#8220;Se o tribunal n\u00e3o consegue garantir ao advogado remoto as mesmas condi\u00e7\u00f5es de percep\u00e7\u00e3o do ambiente dispon\u00edveis no presencial, ent\u00e3o aquela audi\u00eancia espec\u00edfica n\u00e3o deveria ocorrer remotamente&#8221;.<\/p>\n<p>Informa\u00e7\u00f5es e inscri\u00e7\u00f5es: <a href=\"https:\/\/cesa.org.br\/evento\/4o-congresso-cesa-das-sociedades-de-advogados\/\" target=\"_blank\" rel=\"nofollow\">https:\/\/cesa.org.br\/evento\/4o-congresso-cesa-das-sociedades-de-advogados\/<\/a><\/p>\n<p>Contatos de imprensa: <br \/>Cristina Ferreira <br \/>(11) 999-598-686<br \/><a href=\"mailto:cristina@original123.com.br\" target=\"_blank\" rel=\"nofollow\">cristina@original123.com.br<\/a><\/p>\n<p>Gabriela Castro<br \/>(11) 951-631-969<br \/><a href=\"mailto:gabriela@original123.com.br\" target=\"_blank\" rel=\"nofollow\">gabriela@original123.com.br<\/a><\/p>\n<p>Foto &#8211; <a href=\"https:\/\/mma.prnewswire.com\/media\/2832905\/cesa_tivoli.jpg\" target=\"_blank\" rel=\"nofollow\">https:\/\/mma.prnewswire.com\/media\/2832905\/cesa_tivoli.jpg<\/a><\/p>\n<\/p>\n<div class=\"PRN_ImbeddedAssetReference\" id=\"DivAssetPlaceHolder0\"><\/div>\n<p id=\"PURL\"><img loading=\"lazy\" decoding=\"async\" title=\"Cision\" width=\"12\" height=\"12\" alt=\"Cision\" src=\"https:\/\/edge.prnewswire.com\/c\/img\/favicon.png?sn=PT33992&amp;sd=2025-11-26\" \/> View original content to download multimedia:<a id=\"PRNURL\" rel=\"nofollow\" href=\"https:\/\/www.prnewswire.com\/br\/comunicados-para-a-imprensa\/ia-na-justica-nao-pode-ser-atalho-para-decisoes-humanas-diz-presidente-do-cesa-302626901.html\" target=\"_blank\">https:\/\/www.prnewswire.com\/br\/comunicados-para-a-imprensa\/ia-na-justica-nao-pode-ser-atalho-para-decisoes-humanas-diz-presidente-do-cesa-302626901.html<\/a><\/p>\n<p>FONTE Centro de Estudos das Sociedades de Advogados (CESA)<\/p>\n<\/div>\n<p>  <img decoding=\"async\" alt=\"\" src=\"https:\/\/rt.prnewswire.com\/rt.gif?NewsItemId=PT33992&amp;Transmission_Id=202511261112PR_NEWS_LATAM____PT33992&amp;DateId=20251126\" style=\"border:0px;width:1px;height:1px\" \/><\/p>\n<p><strong>T\u00f3picos Relacionados:<\/strong> Not\u00edcias de Feiras Comerciais, Quest\u00f5es Jur\u00eddicas, Servi\u00e7os Jur\u00eddicos, Intelig\u00eancia Artificial<\/p>\n<p>A <b>OESP<\/b> n\u00e3o \u00e9(s\u00e3o) respons\u00e1vel(is) por erros, incorre\u00e7\u00f5es, atrasos ou quaisquer decis\u00f5es tomadas por seus clientes com base nos Conte\u00fados ora disponibilizados, bem como tais Conte\u00fados n\u00e3o representam a opini\u00e3o da <b>OESP<\/b> e s\u00e3o de inteira responsabilidade da <b>PR Newswire Ltda<\/b><\/p>\n","protected":false},"excerpt":{"rendered":"Entidade re\u00fane, nesta quinta e sexta-feira, em S\u00e3o Paulo, representantes dos maiores escrit\u00f3rios de advocacia do pa\u00eds para discutir uso de IA em processos S\u00c3O PAULO, 26 de novembro de 2025","protected":false},"author":1,"featured_media":120110,"comment_status":"open","ping_status":"closed","sticky":false,"template":"","format":"standard","meta":{"_acf_changed":false,"inline_featured_image":false,"_monsterinsights_skip_tracking":false,"_monsterinsights_sitenote_active":false,"_monsterinsights_sitenote_note":"","_monsterinsights_sitenote_category":0,"footnotes":""},"categories":[27],"tags":[2686,5037,5038,5039],"class_list":["post-120109","post","type-post","status-publish","format-standard","has-post-thumbnail","hentry","category-prnewswire","tag-em-sao-paulo","tag-entidade-reune","tag-nesta-quinta-e-sexta-feira","tag-representantes-dos-maiores-escritorios-de-advocacia-do-pais-para-discutir-uso-de-ia-em-processos"],"acf":[],"_links":{"self":[{"href":"https:\/\/bluestudio.estadao.com.br\/agencia-de-comunicacao\/wp-json\/wp\/v2\/posts\/120109","targetHints":{"allow":["GET"]}}],"collection":[{"href":"https:\/\/bluestudio.estadao.com.br\/agencia-de-comunicacao\/wp-json\/wp\/v2\/posts"}],"about":[{"href":"https:\/\/bluestudio.estadao.com.br\/agencia-de-comunicacao\/wp-json\/wp\/v2\/types\/post"}],"author":[{"embeddable":true,"href":"https:\/\/bluestudio.estadao.com.br\/agencia-de-comunicacao\/wp-json\/wp\/v2\/users\/1"}],"replies":[{"embeddable":true,"href":"https:\/\/bluestudio.estadao.com.br\/agencia-de-comunicacao\/wp-json\/wp\/v2\/comments?post=120109"}],"version-history":[{"count":0,"href":"https:\/\/bluestudio.estadao.com.br\/agencia-de-comunicacao\/wp-json\/wp\/v2\/posts\/120109\/revisions"}],"wp:featuredmedia":[{"embeddable":true,"href":"https:\/\/bluestudio.estadao.com.br\/agencia-de-comunicacao\/wp-json\/wp\/v2\/media\/120110"}],"wp:attachment":[{"href":"https:\/\/bluestudio.estadao.com.br\/agencia-de-comunicacao\/wp-json\/wp\/v2\/media?parent=120109"}],"wp:term":[{"taxonomy":"category","embeddable":true,"href":"https:\/\/bluestudio.estadao.com.br\/agencia-de-comunicacao\/wp-json\/wp\/v2\/categories?post=120109"},{"taxonomy":"post_tag","embeddable":true,"href":"https:\/\/bluestudio.estadao.com.br\/agencia-de-comunicacao\/wp-json\/wp\/v2\/tags?post=120109"}],"curies":[{"name":"wp","href":"https:\/\/api.w.org\/{rel}","templated":true}]}}