{"id":120041,"date":"2025-11-25T15:27:00","date_gmt":"2025-11-25T18:27:00","guid":{"rendered":"https:\/\/bluestudio.estadao.com.br\/agencia-de-comunicacao\/prnewswire\/siemens-revela-tecnologia-industrial-para-a-era-da-ia-no-discurso-de-abertura-da-ces-2026\/"},"modified":"2025-11-25T15:27:00","modified_gmt":"2025-11-25T18:27:00","slug":"siemens-revela-tecnologia-industrial-para-a-era-da-ia-no-discurso-de-abertura-da-ces-2026","status":"publish","type":"post","link":"https:\/\/bluestudio.estadao.com.br\/agencia-de-comunicacao\/prnewswire\/siemens-revela-tecnologia-industrial-para-a-era-da-ia-no-discurso-de-abertura-da-ces-2026\/","title":{"rendered":"Siemens revela tecnologia industrial para a era da IA no discurso de abertura da CES 2026"},"content":{"rendered":"\n<div class=\"xn-content\">\n<p class=\"prntac\"><i>O Presidente e CEO Roland Busch apresentar\u00e1 uma pilha tecnol\u00f3gica industrial impulsionada por IA e aplicativos que transformar\u00e3o a manufatura, a infraestrutura e o transporte<\/i><\/p>\n<p><span class=\"legendSpanClass\">ARLINGTON, Virg\u00ednia<\/span>, <span class=\"legendSpanClass\">25 de novembro de 2025<\/span> \/PRNewswire\/ &#8212; A <a href=\"https:\/\/edge.prnewswire.com\/c\/link\/?t=0&amp;l=pt&amp;o=4565277-1&amp;h=1886544289&amp;u=https%3A%2F%2Fedge.prnewswire.com%2Fc%2Flink%2F%3Ft%3D0%26l%3Den%26o%3D4565277-1%26h%3D2421209274%26u%3Dhttps%253A%252F%252Fwww.cta.tech%252F%26a%3DConsumer%2BTechnology%2BAssociation%2B(CTA)%25C2%25AE&amp;a=Consumer+Technology+Association+(CTA)%C2%AE\" target=\"_blank\" rel=\"nofollow\">Consumer Technology Association (CTA)(R)<\/a> e a Siemens anunciam que Roland Busch, Presidente e CEO da <a href=\"https:\/\/edge.prnewswire.com\/c\/link\/?t=0&amp;l=pt&amp;o=4565277-1&amp;h=1294540484&amp;u=https%3A%2F%2Fedge.prnewswire.com%2Fc%2Flink%2F%3Ft%3D0%26l%3Den%26o%3D4565277-1%26h%3D705167097%26u%3Dhttps%253A%252F%252Fwww.siemens.com%252Fglobal%252Fen.html%26a%3DSiemens%2BAG&amp;a=Siemens+AG\" target=\"_blank\" rel=\"nofollow\">Siemens AG<\/a>, far\u00e1 o discurso de abertura da <a href=\"https:\/\/edge.prnewswire.com\/c\/link\/?t=0&amp;l=pt&amp;o=4565277-1&amp;h=1193408950&amp;u=https%3A%2F%2Fedge.prnewswire.com%2Fc%2Flink%2F%3Ft%3D0%26l%3Den%26o%3D4565277-1%26h%3D2237035335%26u%3Dhttps%253A%252F%252Fwww.ces.tech%252F%26a%3DCES%25C2%25AE&amp;a=CES%C2%AE\" target=\"_blank\" rel=\"nofollow\">CES(R)<\/a> 2026, o evento de tecnologia mais importante do mundo. Roland Busch mostrar\u00e1 como a Siemens est\u00e1 desenvolvendo tecnologia de IA, g\u00eameos digitais e automa\u00e7\u00e3o para gerar impacto real e inaugurar uma nova era de manufatura, infraestrutura e transporte preparados para IA &#8211; onde os mundos real e digital se combinam para transformar o cotidiano.<\/p>\n<div class=\"PRN_ImbeddedAssetReference\" id=\"DivAssetPlaceHolder1\">\n<a href=\"https:\/\/mma.prnewswire.com\/media\/2830601\/Roland_Busch_President_and_CEO_of_Siemens_AG.html\" target=\"_blank\" rel=\"nofollow\">  <img decoding=\"async\" src=\"https:\/\/mma.prnewswire.com\/media\/2830601\/Roland_Busch_President_and_CEO_of_Siemens_AG.jpg\" title=\"Roland Busch, Presidente e CEO da Siemens AG\" alt=\"Roland Busch, Presidente e CEO da Siemens AG\" \/><\/a>\n <\/p>\n<\/p><\/div>\n<p>&#8220;IA e g\u00eameos digitais v\u00e3o revolucionar os ambientes industriais, simplificando design, planejamento, engenharia, opera\u00e7\u00f5es e manuten\u00e7\u00e3o&#8221;, disse Gary Shapiro, CEO e Vice-presidente da CTA. &#8220;Roland Busch e a Siemens est\u00e3o mostrando como a IA, combinada com dados e profundo conhecimento do setor, pode reinventar setores inteiros. Estamos muito felizes em receber Roland novamente no palco principal da CES para explorar como a IA est\u00e1 transformando a forma como o mundo projeta, constr\u00f3i e se conecta.&#8221;<\/p>\n<p>A Siemens tamb\u00e9m mostrar\u00e1 como suas tecnologias impulsionadas por IA, sua especializa\u00e7\u00e3o no setor e um ecossistema complementar de parceiros est\u00e3o permitindo que a IA se expanda no mundo real. Junto com clientes e parceiros, a Siemens apresentar\u00e1 tecnologias de ponta que est\u00e3o transformando a manufatura, a infraestrutura e o transporte.<\/p>\n<p>&#8220;Sempre \u00e9 um momento decisivo quando surge uma nova tecnologia de uso geral: havia um mundo antes da eletricidade; hoje a eletricidade \u00e9 onipresente. Havia um mundo antes da IA, e agora estamos fazendo a transi\u00e7\u00e3o para um mundo que faz uso total dela &#8211; inclusive em f\u00e1bricas, edif\u00edcios, redes e transporte&#8221;, disse Busch. &#8220;A Siemens \u00e9 l\u00edder global em IA industrial &#8211; IA para o mundo real &#8211; levando intelig\u00eancia a cada m\u00e1quina, cada dispositivo e cada pe\u00e7a de infraestrutura. Temos os dados, o conhecimento do setor e a confian\u00e7a de nossos clientes e parceiros, com quem estamos expandindo a IA industrial. Na CES, mostraremos como estamos transformando essa oportunidade \u00fanica em benef\u00edcios concretos para os setores e para a sociedade.&#8221;<\/p>\n<p>Com doutorado em F\u00edsica e mais de 30 anos na Siemens, Roland Busch se consolidou como um defensor da digitaliza\u00e7\u00e3o e da infraestrutura inteligente em todo o mundo. Sob sua lideran\u00e7a, a Siemens foi nomeada uma das Melhores Empresas do Mundo pela TIME em 2025. Da automa\u00e7\u00e3o industrial e sistemas de energia preparados para o futuro \u00e0 infraestrutura adaptativa, a Siemens est\u00e1 tra\u00e7ando uma trajet\u00f3ria de IA industrial que permite que os setores se tornem mais competitivos, resilientes e sustent\u00e1veis.<\/p>\n<p>&#8220;A Siemens incorpora o esp\u00edrito da CES &#8211; onde a criatividade humana encontra a transforma\u00e7\u00e3o tecnol\u00f3gica&#8221;, disse Kinsey Fabrizio, Presidente da CTA. &#8220;\u00c0 medida que exploramos como a IA est\u00e1 redefinindo as rela\u00e7\u00f5es entre humanos, m\u00e1quinas e ideias, a lideran\u00e7a da Siemens ajuda a estabelecer o tom para o futuro.&#8221;<\/p>\n<p>Roland Busch falar\u00e1 ap\u00f3s o discurso State of the Industry da CTA \u00e0s 8h30 PST na ter\u00e7a-feira, 6 de janeiro de 2026, no Palazzo Ballroom, no Venetian. Dra. Lisa Su, da AMD, Joe Creed, da Caterpillar, Yannick Bollor\u00e9, da Havas e Vivendi, e Yuanqing Yang, da Lenovo, tamb\u00e9m <a href=\"https:\/\/edge.prnewswire.com\/c\/link\/?t=0&amp;l=pt&amp;o=4565277-1&amp;h=1425634925&amp;u=https%3A%2F%2Fedge.prnewswire.com%2Fc%2Flink%2F%3Ft%3D0%26l%3Den%26o%3D4565277-1%26h%3D1389515396%26u%3Dhttps%253A%252F%252Fwww.ces.tech%252Fattend%252Fkeynotes%252F%26a%3Dkeynote%2Bat%2BCES%2B2026&amp;a=far%C3%A3o+o+discurso+de+abertura+na+CES+2026\" target=\"_blank\" rel=\"nofollow\">far\u00e3o o discurso de abertura na CES 2026<\/a>. O palco principal tamb\u00e9m apresentar\u00e1 uma entrevista completa com a McKinsey e a General Catalyst. O palco principal tamb\u00e9m apresentar\u00e1 uma entrevista completa com a McKinsey e a General Catalyst.<\/p>\n<p>Visite o estande da Siemens, n\u00famero 8725, no North Hall do Las Vegas Convention Center. Os visitantes da CES poder\u00e3o experimentar em primeira m\u00e3o algumas das tecnologias e casos de uso de clientes que est\u00e3o definindo a pr\u00f3xima onda de inova\u00e7\u00e3o no centro m\u00f3vel de experi\u00eancias da Siemens. A Siemens tamb\u00e9m far\u00e1 uma transmiss\u00e3o ao vivo de uma s\u00e9rie de entrevistas a partir de uma cabine de transmiss\u00e3o, com a participa\u00e7\u00e3o de Roland Busch, bem como de Peter Koerte, membro do Conselho de Administra\u00e7\u00e3o da Siemens, Diretor de Tecnologia e Diretor de Estrat\u00e9gia, al\u00e9m de especialistas do setor e clientes que compartilhar\u00e3o suas perspectivas claras e voltadas para o futuro. Ambas as experi\u00eancias adicionais acontecer\u00e3o no estande 8011 do LVCC North Hall. <a href=\"https:\/\/edge.prnewswire.com\/c\/link\/?t=0&amp;l=pt&amp;o=4565277-1&amp;h=3673827995&amp;u=https%3A%2F%2Fedge.prnewswire.com%2Fc%2Flink%2F%3Ft%3D0%26l%3Den%26o%3D4565277-1%26h%3D57614838%26u%3Dhttp%253A%252F%252Fces.tech%252Fregister%26a%3DRegister%2Bfor%2BCES%2B2026&amp;a=Inscreva-se+na+CES+2026\" target=\"_blank\" rel=\"nofollow\">Inscreva-se na CES 2026<\/a> para conhecer o futuro da IA, do setor e da inova\u00e7\u00e3o.<\/p>\n<p><b>Sobre a CES<sup>(R)<\/sup>: <br \/><\/b>A CES \u00e9 o evento de tecnologia mais importante do mundo &#8211; o campo de provas para tecnologias de ponta e inovadores globais. \u00c9 aqui que as maiores marcas do mundo fazem neg\u00f3cios e conhecem novos parceiros, e os inovadores mais brilhantes sobem ao palco. De propriedade e produzida pela Consumer Technology Association (CTA)(R), a CES apresenta todos os aspectos do setor de tecnologia. A CES 2026 acontece de 6 a 9 de janeiro em Las Vegas. Saiba mais em <a href=\"https:\/\/edge.prnewswire.com\/c\/link\/?t=0&amp;l=pt&amp;o=4565277-1&amp;h=2927208059&amp;u=https%3A%2F%2Fedge.prnewswire.com%2Fc%2Flink%2F%3Ft%3D0%26l%3Den%26o%3D4565277-1%26h%3D1349318089%26u%3Dhttps%253A%252F%252Fwww.ces.tech%252F%26a%3DCES.tech&amp;a=CES.tech\" target=\"_blank\" rel=\"nofollow\">CES.tech<\/a> e siga a CES nas <a href=\"https:\/\/edge.prnewswire.com\/c\/link\/?t=0&amp;l=pt&amp;o=4565277-1&amp;h=3353665525&amp;u=https%3A%2F%2Fedge.prnewswire.com%2Fc%2Flink%2F%3Ft%3D0%26l%3Den%26o%3D4565277-1%26h%3D2985678736%26u%3Dhttps%253A%252F%252Fx.com%252Fces%26a%3Dsocial&amp;a=redes%C2%A0sociais\" target=\"_blank\" rel=\"nofollow\">redes sociais<\/a>.  <\/p>\n<p>A <b>Siemens AG<\/b> (Berlim e Munique) \u00e9 uma empresa l\u00edder em tecnologia, focada em ind\u00fastria, infraestrutura, mobilidade e sa\u00fade. O prop\u00f3sito da empresa \u00e9 criar tecnologia para transformar o cotidiano, para todos. Ao combinar os mundos real e digital, a Siemens possibilita que os clientes acelerem suas transforma\u00e7\u00f5es digitais e de sustentabilidade, tornando f\u00e1bricas mais eficientes, cidades mais habit\u00e1veis e transporte mais sustent\u00e1vel. L\u00edder em IA industrial, a Siemens utiliza seu profundo conhecimento do setor para aplicar IA &#8211; incluindo IA generativa &#8211; em aplicativos do mundo real, tornando a IA acess\u00edvel e impactante para clientes em diversos setores. A Siemens tamb\u00e9m det\u00e9m participa\u00e7\u00e3o majorit\u00e1ria na empresa de capital aberto Siemens Healthineers, uma provedora global l\u00edder em tecnologia m\u00e9dica, pioneira em avan\u00e7os na \u00e1rea da sa\u00fade. Para todos. Em todos os lugares. Sustentavelmente.<\/p>\n<p>No ano fiscal de 2025, encerrado em 30 de setembro de 2025, o Siemens Group gerou receita de EUR 78,9 bilh\u00f5es e lucro l\u00edquido de EUR 10,4 bilh\u00f5es. Em 30 de setembro de 2025, a empresa empregava cerca de 318.000 pessoas em opera\u00e7\u00f5es cont\u00ednuas em todo o mundo. Mais informa\u00e7\u00f5es est\u00e3o dispon\u00edveis na Internet em <a href=\"https:\/\/edge.prnewswire.com\/c\/link\/?t=0&amp;l=pt&amp;o=4565277-1&amp;h=2402031516&amp;u=https%3A%2F%2Fedge.prnewswire.com%2Fc%2Flink%2F%3Ft%3D0%26l%3Den%26o%3D4565277-1%26h%3D1780760625%26u%3Dhttps%253A%252F%252Fwww.siemens.com%252F%26a%3Dhttps%253A%252F%252Fwww.siemens.com%252F&amp;a=https%3A%2F%2Fwww.siemens.com%2F\" target=\"_blank\" rel=\"nofollow\">https:\/\/www.siemens.com\/<\/a>.<\/p>\n<p><b>Sobre a Consumer Technology Association (CTA)<sup>(R)<\/sup>:<\/b><br \/>Como a maior associa\u00e7\u00e3o comercial de tecnologia da Am\u00e9rica do Norte, a CTA \u00e9 o setor de tecnologia. Nossos membros s\u00e3o os principais inovadores do mundo &#8211; de startups a marcas globais &#8211; ajudando a sustentar mais de 18 milh\u00f5es de empregos americanos. A CTA \u00e9 dona e produtora da CES(R) &#8211; o evento de tecnologia mais poderoso do mundo. Encontre-nos em <a href=\"https:\/\/edge.prnewswire.com\/c\/link\/?t=0&amp;l=pt&amp;o=4565277-1&amp;h=1710621164&amp;u=https%3A%2F%2Fedge.prnewswire.com%2Fc%2Flink%2F%3Ft%3D0%26l%3Den%26o%3D4565277-1%26h%3D2920305210%26u%3Dhttps%253A%252F%252Fwww.cta.tech%252F%26a%3DCTA.tech&amp;a=CTA.tech\" target=\"_blank\" rel=\"nofollow\">CTA.tech<\/a>. Siga-nos em <a href=\"https:\/\/edge.prnewswire.com\/c\/link\/?t=0&amp;l=pt&amp;o=4565277-1&amp;h=1744359960&amp;u=https%3A%2F%2Fedge.prnewswire.com%2Fc%2Flink%2F%3Ft%3D0%26l%3Den%26o%3D4565277-1%26h%3D2498547280%26u%3Dhttps%253A%252F%252Ftwitter.com%252FCTATech%26a%3D%2540CTAtech&amp;a=%40CTAtech\" target=\"_blank\" rel=\"nofollow\">@CTAtech<\/a>.  <\/p>\n<p>Foto &#8211; <a href=\"https:\/\/edge.prnewswire.com\/c\/link\/?t=0&amp;l=pt&amp;o=4565277-1&amp;h=1233030757&amp;u=https%3A%2F%2Fmma.prnewswire.com%2Fmedia%2F2830601%2FRoland_Busch_President_and_CEO_of_Siemens_AG.jpg&amp;a=https%3A%2F%2Fmma.prnewswire.com%2Fmedia%2F2830601%2FRoland_Busch_President_and_CEO_of_Siemens_AG.jpg\" target=\"_blank\" rel=\"nofollow\">https:\/\/mma.prnewswire.com\/media\/2830601\/Roland_Busch_President_and_CEO_of_Siemens_AG.jpg<\/a><br \/>Logo &#8211; <a href=\"https:\/\/edge.prnewswire.com\/c\/link\/?t=0&amp;l=pt&amp;o=4565277-1&amp;h=1285032077&amp;u=https%3A%2F%2Fmma.prnewswire.com%2Fmedia%2F2830602%2FSiemens_Logo.jpg&amp;a=https%3A%2F%2Fmma.prnewswire.com%2Fmedia%2F2830602%2FSiemens_Logo.jpg\" target=\"_blank\" rel=\"nofollow\">https:\/\/mma.prnewswire.com\/media\/2830602\/Siemens_Logo.jpg<\/a><br \/>Logo &#8211; <a href=\"https:\/\/edge.prnewswire.com\/c\/link\/?t=0&amp;l=pt&amp;o=4565277-1&amp;h=398141427&amp;u=https%3A%2F%2Fmma.prnewswire.com%2Fmedia%2F2520236%2F5639071%2FCESLogo_CLR_RGB_Logo.jpg&amp;a=https%3A%2F%2Fmma.prnewswire.com%2Fmedia%2F2520236%2F5639071%2FCESLogo_CLR_RGB_Logo.jpg\" target=\"_blank\" rel=\"nofollow\">https:\/\/mma.prnewswire.com\/media\/2520236\/5639071\/CESLogo_CLR_RGB_Logo.jpg<\/a><\/p>\n<div class=\"PRN_ImbeddedAssetReference\" id=\"DivAssetPlaceHolder2\">\n<a href=\"https:\/\/mma.prnewswire.com\/media\/2830602\/Siemens_Logo.html\" target=\"_blank\" rel=\"nofollow\">  <img decoding=\"async\" src=\"https:\/\/mma.prnewswire.com\/media\/2830602\/Siemens_Logo.jpg\" title=\"Logotipo da Siemens\" alt=\"Logotipo da Siemens\" \/><\/a>\n <\/p>\n<p><a href=\"https:\/\/mma.prnewswire.com\/media\/2520236\/CESLogo_CLR_RGB_Logo.html\" target=\"_blank\" rel=\"nofollow\">  <img decoding=\"async\" src=\"https:\/\/mma.prnewswire.com\/media\/2520236\/CESLogo_CLR_RGB_Logo.jpg\" title=\"(PRNewsfoto\/Consumer Technology Association) (PRNewsfoto\/Consumer Technology Association)\" alt=\"(PRNewsfoto\/Consumer Technology Association) (PRNewsfoto\/Consumer Technology Association)\" \/><\/a>\n <\/p>\n<\/div>\n<p id=\"PURL\"><img loading=\"lazy\" decoding=\"async\" title=\"Cision\" width=\"12\" height=\"12\" alt=\"Cision\" src=\"https:\/\/edge.prnewswire.com\/c\/img\/favicon.png?sn=PT31719&amp;sd=2025-11-24\" \/> View original content to download multimedia:<a id=\"PRNURL\" rel=\"nofollow\" href=\"https:\/\/www.prnewswire.com\/br\/comunicados-para-a-imprensa\/siemens-revela-tecnologia-industrial-para-a-era-da-ia-no-discurso-de-abertura-da-ces-2026-302625974.html\" target=\"_blank\">https:\/\/www.prnewswire.com\/br\/comunicados-para-a-imprensa\/siemens-revela-tecnologia-industrial-para-a-era-da-ia-no-discurso-de-abertura-da-ces-2026-302625974.html<\/a><\/p>\n<p>FONTE Consumer Technology Association<\/p>\n<\/div>\n<p>  <img decoding=\"async\" alt=\"\" src=\"https:\/\/rt.prnewswire.com\/rt.gif?NewsItemId=PT31719&amp;Transmission_Id=202511240905PR_NEWS_LATAM____PT31719&amp;DateId=20251125\" style=\"border:0px;width:1px;height:1px\" \/><\/p>\n<p><strong>T\u00f3picos Relacionados:<\/strong> Not\u00edcias de Feiras Comerciais, Eletr\u00f4nicos de Consumo, Computador\/Eletr\u00f4nica, Intelig\u00eancia Artificial<\/p>\n<p>A <b>OESP<\/b> n\u00e3o \u00e9(s\u00e3o) respons\u00e1vel(is) por erros, incorre\u00e7\u00f5es, atrasos ou quaisquer decis\u00f5es tomadas por seus clientes com base nos Conte\u00fados ora disponibilizados, bem como tais Conte\u00fados n\u00e3o representam a opini\u00e3o da <b>OESP<\/b> e s\u00e3o de inteira responsabilidade da <b>PR Newswire Ltda<\/b><\/p>\n","protected":false},"excerpt":{"rendered":"O Presidente e CEO Roland Busch apresentar\u00e1 uma pilha tecnol\u00f3gica industrial impulsionada por IA e aplicativos que transformar\u00e3o a manufatura, a infraestrutura e o transporte ARLINGTON, Virg\u00ednia,","protected":false},"author":1,"featured_media":120042,"comment_status":"open","ping_status":"closed","sticky":false,"template":"","format":"standard","meta":{"_acf_changed":false,"inline_featured_image":false,"_monsterinsights_skip_tracking":false,"_monsterinsights_sitenote_active":false,"_monsterinsights_sitenote_note":"","_monsterinsights_sitenote_category":0,"footnotes":""},"categories":[27],"tags":[4991,4990],"class_list":["post-120041","post","type-post","status-publish","format-standard","has-post-thumbnail","hentry","category-prnewswire","tag-a-infraestrutura-e-o-transporte","tag-o-presidente-e-ceo-roland-busch-apresentara-uma-pilha-tecnologica-industrial-impulsionada-por-ia-e-aplicativos-que-transformarao-a-manufatura"],"acf":[],"_links":{"self":[{"href":"https:\/\/bluestudio.estadao.com.br\/agencia-de-comunicacao\/wp-json\/wp\/v2\/posts\/120041","targetHints":{"allow":["GET"]}}],"collection":[{"href":"https:\/\/bluestudio.estadao.com.br\/agencia-de-comunicacao\/wp-json\/wp\/v2\/posts"}],"about":[{"href":"https:\/\/bluestudio.estadao.com.br\/agencia-de-comunicacao\/wp-json\/wp\/v2\/types\/post"}],"author":[{"embeddable":true,"href":"https:\/\/bluestudio.estadao.com.br\/agencia-de-comunicacao\/wp-json\/wp\/v2\/users\/1"}],"replies":[{"embeddable":true,"href":"https:\/\/bluestudio.estadao.com.br\/agencia-de-comunicacao\/wp-json\/wp\/v2\/comments?post=120041"}],"version-history":[{"count":0,"href":"https:\/\/bluestudio.estadao.com.br\/agencia-de-comunicacao\/wp-json\/wp\/v2\/posts\/120041\/revisions"}],"wp:featuredmedia":[{"embeddable":true,"href":"https:\/\/bluestudio.estadao.com.br\/agencia-de-comunicacao\/wp-json\/wp\/v2\/media\/120042"}],"wp:attachment":[{"href":"https:\/\/bluestudio.estadao.com.br\/agencia-de-comunicacao\/wp-json\/wp\/v2\/media?parent=120041"}],"wp:term":[{"taxonomy":"category","embeddable":true,"href":"https:\/\/bluestudio.estadao.com.br\/agencia-de-comunicacao\/wp-json\/wp\/v2\/categories?post=120041"},{"taxonomy":"post_tag","embeddable":true,"href":"https:\/\/bluestudio.estadao.com.br\/agencia-de-comunicacao\/wp-json\/wp\/v2\/tags?post=120041"}],"curies":[{"name":"wp","href":"https:\/\/api.w.org\/{rel}","templated":true}]}}