{"id":120032,"date":"2025-11-25T13:42:00","date_gmt":"2025-11-25T16:42:00","guid":{"rendered":"https:\/\/bluestudio.estadao.com.br\/agencia-de-comunicacao\/prnewswire\/ollin-inaugura-sistema-pioneiro-de-testes-geneticos\/"},"modified":"2025-11-25T13:42:00","modified_gmt":"2025-11-25T16:42:00","slug":"ollin-inaugura-sistema-pioneiro-de-testes-geneticos","status":"publish","type":"post","link":"https:\/\/bluestudio.estadao.com.br\/agencia-de-comunicacao\/prnewswire\/ollin-inaugura-sistema-pioneiro-de-testes-geneticos\/","title":{"rendered":"Ollin inaugura sistema pioneiro de testes gen\u00e9ticos"},"content":{"rendered":"\n<div class=\"xn-content\">\n<p class=\"prntac\"><i>Equipamento de R$ 9 milh\u00f5es j\u00e1 est\u00e1 em opera\u00e7\u00e3o e \u00e9 o \u00fanico modelo do tipo certificado para uso cl\u00ednico no pa\u00eds<\/i><i>.<\/i> <\/p>\n<p id=\"temp_ReleaseStart\"><span class=\"legendSpanClass\">S\u00c3O PAULO<\/span>, <span class=\"legendSpanClass\">25 de novembro de 2025<\/span> \/PRNewswire\/ &#8212; A Ollin, empresa de an\u00e1lises gen\u00f4micas do Grupo Eva especializada em pesquisas gen\u00e9ticas e gen\u00f4micas para detec\u00e7\u00e3o de doen\u00e7as raras, c\u00e2nceres e outras mol\u00e9stias com origem (ao menos em parte) em componentes heredit\u00e1rios, acaba de iniciar a opera\u00e7\u00e3o comercial do mais moderno equipamento para sequenciamento gen\u00f4mico do pa\u00eds. Trata-se do DNBSEQ-T7, um sequenciador de alto desempenho produzido pela chinesa MGI Tech. e adquirido pelo laborat\u00f3rio brasileiro por cerca de R$ 9 milh\u00f5es. \u00c9 o primeiro e \u00fanico equipamento IVD (diagn\u00f3stico <i>in vitro,<\/i> na sigla em ingl\u00eas) da empresa chinesa no Brasil.<\/p>\n<div class=\"PRN_ImbeddedAssetReference\" id=\"DivAssetPlaceHolder5697\">\n<a href=\"https:\/\/mma.prnewswire.com\/media\/2832049\/OLLIN_LABORATORIO_2.html\" target=\"_blank\" rel=\"nofollow\"><img decoding=\"async\" src=\"https:\/\/mma.prnewswire.com\/media\/2832049\/OLLIN_LABORATORIO_2.jpg\" title=\"\" alt=\"\" \/><\/a><\/p>\n<\/div>\n<p class=\"prntal\">&#8220;Com esse novo e avan\u00e7ado sistema, estamos oferecendo testes gen\u00e9ticos com resultados ainda mais assertivos, em prazos menores e a pre\u00e7os atraentes&#8221;, afirma Rene Pimenta, CEO da Ollin e cofundador do Grupo Eva, holding que atua em an\u00e1lises gen\u00f4micas voltadas \u00e0 sa\u00fade humana e animal, ao agroneg\u00f3cio e ao meio ambiente.<\/p>\n<p class=\"prntal\">O custo operacional do novo equipamento \u00e9 mais baixo, o que, aliado \u00e0 maior velocidade de processamento, de compara\u00e7\u00e3o e an\u00e1lise dos milh\u00f5es de fragmentos de DNA, contribui para democratizar o acesso da popula\u00e7\u00e3o brasileira a esse tipo de teste.<\/p>\n<p class=\"prntal\"><b>68 genomas em 24 horas<\/b><\/p>\n<p class=\"prntal\">O sequenciador DNBSEQ-T7 \u00e9 o primeiro dessa nova linha vendido no Brasil e pode ser usado tanto para diagn\u00f3sticos cl\u00ednicos como em pesquisa, uma vez que est\u00e1 homologado pelas autoridades brasileiras para ambas as aplica\u00e7\u00f5es. Ele \u00e9 capaz de sequenciar, em apenas 24 horas, 6,8 trilh\u00f5es de nucleot\u00eddeos, o equivalente a 68 genomas humanos completos.<\/p>\n<p class=\"prntal\">&#8220;O novo equipamento traz otimiza\u00e7\u00e3o dos processos, redu\u00e7\u00e3o de custos, de tempo e melhora da qualidade dos resultados&#8221;, afirma Gil Monteiro, diretor de Pesquisa e Desenvolvimento do Grupo Eva. Segundo ele, a integra\u00e7\u00e3o da plataforma da MGI, de alt\u00edssima capacidade e qualidade, aliada ao sequenciamento de <i>long-reads<\/i> (fragmentos de DNA com &#8216;peda\u00e7os&#8217; de at\u00e9 40.000 letras), \u00e9 indispens\u00e1vel para solucionar o problema da segmenta\u00e7\u00e3o interna e fornecer uma vis\u00e3o ampla de todos os tipos de altera\u00e7\u00f5es do genoma humano. &#8220;Dessa forma, conseguimos avaliar a grande maioria dos casos utilizando apenas duas t\u00e9cnicas unificadas e concomitantes, substituindo pelo menos cinco diferentes t\u00e9cnicas segregadas subsequentes&#8221;, diz Monteiro, explicando que segmenta\u00e7\u00e3o interna \u00e9 a separa\u00e7\u00e3o em laborat\u00f3rio de um \u00fanico processo em diversos outros, necess\u00e1ria para conseguir as respostas na an\u00e1lise gen\u00f4mica.<\/p>\n<p><span>Contatos de imprensa: Carlos Vieira (11) 98914-5810 &#8211; <a href=\"mailto:carlos@original123.com.br\" target=\"_blank\" rel=\"nofollow\">carlos@original123.com.br<\/a><\/span><\/p>\n<p><span>Foto &#8211; <a href=\"https:\/\/mma.prnewswire.com\/media\/2832049\/OLLIN_LABORATORIO_2.jpg\" target=\"_blank\" rel=\"nofollow\">https:\/\/mma.prnewswire.com\/media\/2832049\/OLLIN_LABORATORIO_2.jpg<\/a><\/span><\/p>\n<div class=\"PRN_ImbeddedAssetReference\" id=\"DivAssetPlaceHolder0\"><\/div>\n<p id=\"PURL\"><img loading=\"lazy\" decoding=\"async\" title=\"Cision\" width=\"12\" height=\"12\" alt=\"Cision\" src=\"https:\/\/edge.prnewswire.com\/c\/img\/favicon.png?sn=PT33146&amp;sd=2025-11-25\" \/> View original content to download multimedia:<a id=\"PRNURL\" rel=\"nofollow\" href=\"https:\/\/www.prnewswire.com\/br\/comunicados-para-a-imprensa\/ollin-inaugura-sistema-pioneiro-de-testes-geneticos-302625866.html\" target=\"_blank\">https:\/\/www.prnewswire.com\/br\/comunicados-para-a-imprensa\/ollin-inaugura-sistema-pioneiro-de-testes-geneticos-302625866.html<\/a><\/p>\n<p>FONTE Ollin<\/p>\n<\/div>\n<p>  <img decoding=\"async\" alt=\"\" src=\"https:\/\/rt.prnewswire.com\/rt.gif?NewsItemId=PT33146&amp;Transmission_Id=202511251130PR_NEWS_LATAM____PT33146&amp;DateId=20251125\" style=\"border:0px;width:1px;height:1px\" \/><\/p>\n<p><strong>T\u00f3picos Relacionados:<\/strong> Novos Produtos\/Servi\u00e7os, M\u00e9dico \/ Farmac\u00eautico, Equipamento M\u00e9dico, Sa\u00fade\/Hospitais<\/p>\n<p>A <b>OESP<\/b> n\u00e3o \u00e9(s\u00e3o) respons\u00e1vel(is) por erros, incorre\u00e7\u00f5es, atrasos ou quaisquer decis\u00f5es tomadas por seus clientes com base nos Conte\u00fados ora disponibilizados, bem como tais Conte\u00fados n\u00e3o representam a opini\u00e3o da <b>OESP<\/b> e s\u00e3o de inteira responsabilidade da <b>PR Newswire Ltda<\/b><\/p>\n","protected":false},"excerpt":{"rendered":"Equipamento de R$ 9 milh\u00f5es j\u00e1 est\u00e1 em opera\u00e7\u00e3o e \u00e9 o \u00fanico modelo do tipo certificado para uso cl\u00ednico no pa\u00eds. S\u00c3O PAULO, 25 de novembro de 2025 \/PRNewswire\/ &#8212; A Ollin, empresa de","protected":false},"author":1,"featured_media":120033,"comment_status":"open","ping_status":"closed","sticky":false,"template":"","format":"standard","meta":{"_acf_changed":false,"inline_featured_image":false,"_monsterinsights_skip_tracking":false,"_monsterinsights_sitenote_active":false,"_monsterinsights_sitenote_note":"","_monsterinsights_sitenote_category":0,"footnotes":""},"categories":[27],"tags":[4985],"class_list":["post-120032","post","type-post","status-publish","format-standard","has-post-thumbnail","hentry","category-prnewswire","tag-equipamento-de-r-9-milhoes-ja-esta-em-operacao-e-e-o-unico-modelo-do-tipo-certificado-para-uso-clinico-no-pais"],"acf":[],"_links":{"self":[{"href":"https:\/\/bluestudio.estadao.com.br\/agencia-de-comunicacao\/wp-json\/wp\/v2\/posts\/120032","targetHints":{"allow":["GET"]}}],"collection":[{"href":"https:\/\/bluestudio.estadao.com.br\/agencia-de-comunicacao\/wp-json\/wp\/v2\/posts"}],"about":[{"href":"https:\/\/bluestudio.estadao.com.br\/agencia-de-comunicacao\/wp-json\/wp\/v2\/types\/post"}],"author":[{"embeddable":true,"href":"https:\/\/bluestudio.estadao.com.br\/agencia-de-comunicacao\/wp-json\/wp\/v2\/users\/1"}],"replies":[{"embeddable":true,"href":"https:\/\/bluestudio.estadao.com.br\/agencia-de-comunicacao\/wp-json\/wp\/v2\/comments?post=120032"}],"version-history":[{"count":0,"href":"https:\/\/bluestudio.estadao.com.br\/agencia-de-comunicacao\/wp-json\/wp\/v2\/posts\/120032\/revisions"}],"wp:featuredmedia":[{"embeddable":true,"href":"https:\/\/bluestudio.estadao.com.br\/agencia-de-comunicacao\/wp-json\/wp\/v2\/media\/120033"}],"wp:attachment":[{"href":"https:\/\/bluestudio.estadao.com.br\/agencia-de-comunicacao\/wp-json\/wp\/v2\/media?parent=120032"}],"wp:term":[{"taxonomy":"category","embeddable":true,"href":"https:\/\/bluestudio.estadao.com.br\/agencia-de-comunicacao\/wp-json\/wp\/v2\/categories?post=120032"},{"taxonomy":"post_tag","embeddable":true,"href":"https:\/\/bluestudio.estadao.com.br\/agencia-de-comunicacao\/wp-json\/wp\/v2\/tags?post=120032"}],"curies":[{"name":"wp","href":"https:\/\/api.w.org\/{rel}","templated":true}]}}