{"id":120007,"date":"2025-11-25T10:58:16","date_gmt":"2025-11-25T13:58:16","guid":{"rendered":"https:\/\/bluestudio.estadao.com.br\/agencia-de-comunicacao\/?p=120007"},"modified":"2025-11-26T15:07:48","modified_gmt":"2025-11-26T18:07:48","slug":"associacao-materiais-criticos-brasil-amc","status":"publish","type":"post","link":"https:\/\/bluestudio.estadao.com.br\/agencia-de-comunicacao\/agencia-minera-brasil\/associacao-materiais-criticos-brasil-amc\/","title":{"rendered":"Associa\u00e7\u00e3o de Minerais Cr\u00edticos quer fortalecer cadeia produtiva no Brasil"},"content":{"rendered":"\n<p>Nova entidade surge para organizar um setor em expans\u00e3o acelerada e fortalecer o papel do pa\u00eds como pot\u00eancia em minerais cr\u00edticos. O evento de lan\u00e7amento da AMC ser\u00e1 nesta ter\u00e7a feira, dia 25\/9, em Bras\u00edlia e contar\u00e1 com a presen\u00e7a de autoridades do governo, parlamentares e executivos do setor.<\/p>\n\n\n\n<p>A Associa\u00e7\u00e3o de Minerais Cr\u00edticos (AMC) surge como uma entidade formada por empresas que atuam na cadeia produtiva desses insumos, desde a explora\u00e7\u00e3o e minera\u00e7\u00e3o at\u00e9 o processamento, tecnologia e inova\u00e7\u00e3o. A cria\u00e7\u00e3o da AMC marca um momento estrat\u00e9gico de expans\u00e3o acelerada do mercado, impulsionado pela corrida internacional por l\u00edtio, n\u00edquel, terras raras, grafite, cobre e outros minerais essenciais para baterias, energias renov\u00e1veis, eletrifica\u00e7\u00e3o e a nova economia de baixo carbono.<\/p>\n\n\n\n<p>Marisa Cesar, diretora de Assuntos Corporativos e Sustentabilidade da PLS, e presidente do conselho da AMC, explica que a entidade nasce para organizar e fortalecer um setor que cresce rapidamente, mas que exige coordena\u00e7\u00e3o t\u00e9cnica e institucional para que o Brasil aproveite plenamente sua vantagem competitiva. \u201cA Associa\u00e7\u00e3o de Minerais Cr\u00edticos foi criada para integrar as empresas que atuam nos minerais essenciais \u00e0 transi\u00e7\u00e3o energ\u00e9tica e consolidar o Brasil como refer\u00eancia global, com inova\u00e7\u00e3o, responsabilidade socioambiental e um ambiente regulat\u00f3rio est\u00e1vel\u201d, diz a executiva.<\/p>\n\n\n\n<p>\u201cParticipar desse ecossistema \u00e9 fundamental para contribuir com pol\u00edticas p\u00fablicas, impulsionar a inova\u00e7\u00e3o e garantir que a produ\u00e7\u00e3o de minerais estrat\u00e9gicos avance de forma segura, transparente e alinhada \u00e0s melhores pr\u00e1ticas globais\u201d, explica Ricardo Alves, diretor executivo da Graphcoa.<\/p>\n\n\n\n<p>Tr\u00eas press\u00f5es simult\u00e2neas explicam o surgimento da AMC. A primeira \u00e9 a din\u00e2mica global propriamente dita: a demanda por minerais cr\u00edticos est\u00e1 explodindo e pa\u00edses buscam fornecedores confi\u00e1veis, sustent\u00e1veis e geopoliticamente est\u00e1veis. A segunda \u00e9 a necessidade de uma representa\u00e7\u00e3o t\u00e9cnica dedicada, capaz de dialogar com governo, organismos multilaterais e investidores com profundidade, especialmente em um setor onde muitas empresas ainda s\u00e3o consideradas juniores. A terceira \u00e9 a provoca\u00e7\u00e3o dos pr\u00f3prios \u00f3rg\u00e3os p\u00fablicos, que estimularam o setor privado a se organizar para contribuir de forma estruturada com a discuss\u00e3o da Pol\u00edtica Nacional de Minerais Cr\u00edticos e Estrat\u00e9gicos.<\/p>\n\n\n\n<p>Marcelo Carvalho, diretor executivo da Meteoric Brasil e vice-presidente do conselho da AMC, refor\u00e7a que a associa\u00e7\u00e3o nasce conectada ao ecossistema institucional do setor. \u201cA AMC surge para complementar o trabalho j\u00e1 muito bem desenvolvido pelas demais entidades representativas, como o Ibram, e est\u00e1 alinhada aos anseios do estado brasileiro. A proposta \u00e9 preencher lacunas que afetam especialmente as empresas juniores do segmento, criando um ambiente mais estruturado para que possam dialogar com governo, investidores e organismos internacionais. Nosso objetivo \u00e9 fortalecer essa articula\u00e7\u00e3o e garantir que toda a cadeia avance com mais seguran\u00e7a jur\u00eddica, previsibilidade e competitividade.\u201d<\/p>\n\n\n\n<h2 class=\"wp-block-heading\"><strong>Eixos de Atua\u00e7\u00e3o&nbsp;<\/strong><\/h2>\n\n\n\n<p>A ANC surge como resposta a tr\u00eas press\u00f5es simult\u00e2neas. A primeira \u00e9 a pr\u00f3pria din\u00e2mica global: a demanda por minerais cr\u00edticos est\u00e1 explodindo e pa\u00edses buscam fornecedores confi\u00e1veis, sustent\u00e1veis e geopoliticamente est\u00e1veis. A segunda \u00e9 a necessidade de uma representa\u00e7\u00e3o t\u00e9cnica dedicada, capaz de dialogar com governo, organismos multilaterais e investidores com profundidade, especialmente em um setor onde muitas empresas ainda s\u00e3o consideradas juniores. A terceira \u00e9 a provoca\u00e7\u00e3o dos pr\u00f3prios \u00f3rg\u00e3os p\u00fablicos, que estimularam o setor privado a se organizar para contribuir de forma estruturada com a discuss\u00e3o da Pol\u00edtica Nacional de Minerais Cr\u00edticos e Estrat\u00e9gicos.<\/p>\n\n\n\n<p>O grupo fundador re\u00fane empresas do setor mineral e de servi\u00e7os associados, incluindo AClara, Atlantic Nickel, Centaurus, Graphcoa, Graph+, Meteoric, PLS, Viridis e Lithium Ionic, com apoio do escrit\u00f3rio Frederico Bedran Advogados, al\u00e9m de outras parceiras em fase final de formaliza\u00e7\u00e3o.<\/p>\n\n\n\n<p>Frederico Bedran, diretor executivo da AMC, contextualiza a filosofia fundacional da entidade. Todas as empresas e institui\u00e7\u00f5es que atuam ou investem em minerais cr\u00edticos s\u00e3o bem-vindas. A AMC nasce para unir o setor e qualificar o debate nacional. Nosso compromisso \u00e9 criar um espa\u00e7o de di\u00e1logo t\u00e9cnico estruturado que ajude a superar gargalos hist\u00f3ricos e fomente um ambiente favor\u00e1vel a investimentos.\u201d<\/p>\n\n\n\n<p>A associa\u00e7\u00e3o tamb\u00e9m ter\u00e1 papel direto no apoio \u00e0 formula\u00e7\u00e3o e implementa\u00e7\u00e3o de pol\u00edticas p\u00fablicas. Sua atua\u00e7\u00e3o ser\u00e1 complementar ao trabalho do Conselho Nacional de Pol\u00edtica Mineral (CNPM) e do Grupo de Trabalho de Minerais Cr\u00edticos, inst\u00e2ncias centrais na defini\u00e7\u00e3o de estrat\u00e9gias para o setor. A AMC contribuir\u00e1 com diagn\u00f3sticos t\u00e9cnicos, an\u00e1lises e propostas, al\u00e9m de integrar o GT de Minerais Cr\u00edticos.<\/p>\n\n\n\n<p>A cria\u00e7\u00e3o da AMC tem implica\u00e7\u00f5es diretas para a popula\u00e7\u00e3o. O desenvolvimento dos minerais cr\u00edticos gera empregos qualificados, cria novas oportunidades econ\u00f4micas em regi\u00f5es mineradoras, atrai investimentos em infraestrutura, fomenta inova\u00e7\u00e3o e reduz a depend\u00eancia de importa\u00e7\u00f5es em setores estrat\u00e9gicos como energia, tecnologia e telecomunica\u00e7\u00f5es. Al\u00e9m disso, padr\u00f5es ESG mais rigorosos garantem que o crescimento do setor seja acompanhado de benef\u00edcios sociais e ambientais concretos para comunidades.<\/p>\n\n\n\n<p>Marisa Cesar resume a vis\u00e3o da entidade: &#8220;O Brasil tem condi\u00e7\u00f5es \u00fanicas para liderar esse mercado, e a AMC vai ajudar a transformar esse potencial em realidade. Nosso compromisso \u00e9 fortalecer o pa\u00eds como um dos principais hubs globais de minerais cr\u00edticos, com seguran\u00e7a jur\u00eddica, competitividade e padr\u00f5es ESG robustos. A AMC pode acelerar a transi\u00e7\u00e3o energ\u00e9tica no Brasil e garantir que o desenvolvimento mineral gere benef\u00edcios reais para as pessoas, com mais empregos qualificados, inova\u00e7\u00e3o e oportunidades para as comunidades.&#8221;<\/p>\n\n\n\n<p>A\u00a0<strong>OESP<\/strong>\u00a0n\u00e3o \u00e9 respons\u00e1vel por erros, incorre\u00e7\u00f5es, atrasos ou quaisquer decis\u00f5es tomadas por seus clientes com base nos Conte\u00fados ora disponibilizados, bem como tais Conte\u00fados n\u00e3o representam a opini\u00e3o da\u00a0<strong>OESP<\/strong>\u00a0e s\u00e3o de inteira responsabilidade da\u00a0<strong>Ag\u00eancia Minera Brasil<\/strong>.<\/p>\n","protected":false},"excerpt":{"rendered":"A AMC re\u00fane empresas para fortalecer a cadeia de minerais cr\u00edticos no Brasil, impulsionar a transi\u00e7\u00e3o energ\u00e9tica e ampliar competitividade e inova\u00e7\u00e3o no setor.","protected":false},"author":16,"featured_media":120008,"comment_status":"open","ping_status":"closed","sticky":false,"template":"","format":"standard","meta":{"_acf_changed":false,"inline_featured_image":false,"_monsterinsights_skip_tracking":false,"_monsterinsights_sitenote_active":false,"_monsterinsights_sitenote_note":"","_monsterinsights_sitenote_category":0,"footnotes":""},"categories":[351],"tags":[],"class_list":["post-120007","post","type-post","status-publish","format-standard","has-post-thumbnail","hentry","category-agencia-minera-brasil"],"acf":[],"_links":{"self":[{"href":"https:\/\/bluestudio.estadao.com.br\/agencia-de-comunicacao\/wp-json\/wp\/v2\/posts\/120007","targetHints":{"allow":["GET"]}}],"collection":[{"href":"https:\/\/bluestudio.estadao.com.br\/agencia-de-comunicacao\/wp-json\/wp\/v2\/posts"}],"about":[{"href":"https:\/\/bluestudio.estadao.com.br\/agencia-de-comunicacao\/wp-json\/wp\/v2\/types\/post"}],"author":[{"embeddable":true,"href":"https:\/\/bluestudio.estadao.com.br\/agencia-de-comunicacao\/wp-json\/wp\/v2\/users\/16"}],"replies":[{"embeddable":true,"href":"https:\/\/bluestudio.estadao.com.br\/agencia-de-comunicacao\/wp-json\/wp\/v2\/comments?post=120007"}],"version-history":[{"count":3,"href":"https:\/\/bluestudio.estadao.com.br\/agencia-de-comunicacao\/wp-json\/wp\/v2\/posts\/120007\/revisions"}],"predecessor-version":[{"id":120126,"href":"https:\/\/bluestudio.estadao.com.br\/agencia-de-comunicacao\/wp-json\/wp\/v2\/posts\/120007\/revisions\/120126"}],"wp:featuredmedia":[{"embeddable":true,"href":"https:\/\/bluestudio.estadao.com.br\/agencia-de-comunicacao\/wp-json\/wp\/v2\/media\/120008"}],"wp:attachment":[{"href":"https:\/\/bluestudio.estadao.com.br\/agencia-de-comunicacao\/wp-json\/wp\/v2\/media?parent=120007"}],"wp:term":[{"taxonomy":"category","embeddable":true,"href":"https:\/\/bluestudio.estadao.com.br\/agencia-de-comunicacao\/wp-json\/wp\/v2\/categories?post=120007"},{"taxonomy":"post_tag","embeddable":true,"href":"https:\/\/bluestudio.estadao.com.br\/agencia-de-comunicacao\/wp-json\/wp\/v2\/tags?post=120007"}],"curies":[{"name":"wp","href":"https:\/\/api.w.org\/{rel}","templated":true}]}}