{"id":119998,"date":"2025-11-25T09:12:00","date_gmt":"2025-11-25T12:12:00","guid":{"rendered":"https:\/\/bluestudio.estadao.com.br\/agencia-de-comunicacao\/prnewswire\/impacto-amplia-parque-fabril-com-novo-galpao-de-2-900-m%c2%b2-e-reforca-modernizacao-da-operacao-industrial\/"},"modified":"2025-11-25T09:12:00","modified_gmt":"2025-11-25T12:12:00","slug":"impacto-amplia-parque-fabril-com-novo-galpao-de-2-900-m%c2%b2-e-reforca-modernizacao-da-operacao-industrial","status":"publish","type":"post","link":"https:\/\/bluestudio.estadao.com.br\/agencia-de-comunicacao\/prnewswire\/impacto-amplia-parque-fabril-com-novo-galpao-de-2-900-m%c2%b2-e-reforca-modernizacao-da-operacao-industrial\/","title":{"rendered":"Impacto amplia parque fabril com novo galp\u00e3o de 2.900 m\u00b2 e refor\u00e7a moderniza\u00e7\u00e3o da opera\u00e7\u00e3o industrial"},"content":{"rendered":"\n<div class=\"xn-content\">\nExpans\u00e3o amplia capacidade produtiva, otimiza prazos de entrega e consolida a estrat\u00e9gia de crescimento da empresa para 2026.<\/p>\n<p><span class=\"legendSpanClass\">SAO PAULO<\/span>, <span class=\"legendSpanClass\">25 de novembro de 2025<\/span> \/PRNewswire\/ &#8212; A Impacto, empresa brasileira especializada na fabrica\u00e7\u00e3o de equipamentos de apoio log\u00edstico, anuncia a constru\u00e7\u00e3o de um novo galp\u00e3o industrial, com 2.900 m\u00b2, em Ja\u00fa (SP).<br \/>A nova estrutura representa um avan\u00e7o significativo no processo de moderniza\u00e7\u00e3o e expans\u00e3o do parque fabril, refor\u00e7ando a estrat\u00e9gia de crescimento da companhia para 2025.<\/p>\n<div class=\"PRN_ImbeddedAssetReference\" id=\"DivAssetPlaceHolder1\">\n<a href=\"https:\/\/mma.prnewswire.com\/media\/2827627\/DJI_0054.html\" target=\"_blank\" rel=\"nofollow\">  <img decoding=\"async\" src=\"https:\/\/mma.prnewswire.com\/media\/2827627\/DJI_0054.jpg\" title=\"\" alt=\"\" \/><\/a>\n <\/p>\n<\/p><\/div>\n<p>Com o novo espa\u00e7o, a Impacto prev\u00ea ganhos expressivos em efici\u00eancia produtiva, incluindo redu\u00e7\u00e3o dos prazos de entrega, aumento da capacidade de produ\u00e7\u00e3o e eleva\u00e7\u00e3o da competitividade no mercado nacional de equipamentos rodovi\u00e1rios.<\/p>\n<p>O investimento contempla tamb\u00e9m a aquisi\u00e7\u00e3o de maquin\u00e1rios de \u00faltima gera\u00e7\u00e3o, entre eles sistemas de corte a laser de chapa e tubo, nova conformadora de tanques e tecnologias de automa\u00e7\u00e3o industrial, que refor\u00e7am o compromisso da empresa com inova\u00e7\u00e3o e precis\u00e3o t\u00e9cnica.<\/p>\n<p>Segundo a dire\u00e7\u00e3o da Impacto, a expans\u00e3o est\u00e1 alinhada ao prop\u00f3sito de gerar valor aos clientes e ao setor, por meio da moderniza\u00e7\u00e3o cont\u00ednua dos processos, otimiza\u00e7\u00e3o de custos e eleva\u00e7\u00e3o dos padr\u00f5es de qualidade. A empresa tamb\u00e9m destaca o investimento constante em treinamento e capacita\u00e7\u00e3o das equipes, pilares que sustentam sua cultura organizacional e o desenvolvimento t\u00e9cnico dos colaboradores.<\/p>\n<p>Mais do que uma amplia\u00e7\u00e3o f\u00edsica, o novo galp\u00e3o marca o in\u00edcio de um novo ciclo de evolu\u00e7\u00e3o industrial para a Impacto, em que inova\u00e7\u00e3o tecnol\u00f3gica, customiza\u00e7\u00e3o de resultados e vis\u00e3o de futuro consolidam a marca como refer\u00eancia nacional em equipamentos personalizados.<\/p>\n<p>Nos acompanhe em nossas redes sociais para saber mais!<\/p>\n<p>Contacto: <span>Kelen Alvin &#8211; 14 99846-1314<\/span> <\/p>\n<p>Foto &#8211; <a href=\"https:\/\/mma.prnewswire.com\/media\/2827627\/DJI_0054.jpg\" target=\"_blank\" rel=\"nofollow\">https:\/\/mma.prnewswire.com\/media\/2827627\/DJI_0054.jpg<\/a><\/p>\n<p id=\"PURL\"><img loading=\"lazy\" decoding=\"async\" title=\"Cision\" width=\"12\" height=\"12\" alt=\"Cision\" src=\"https:\/\/edge.prnewswire.com\/c\/img\/favicon.png?sn=PT28904&amp;sd=2025-11-25\" \/> View original content to download multimedia:<a id=\"PRNURL\" rel=\"nofollow\" href=\"https:\/\/www.prnewswire.com\/br\/comunicados-para-a-imprensa\/impacto-amplia-parque-fabril-com-novo-galpao-de-2-900-m-e-reforca-modernizacao-da-operacao-industrial-302623518.html\" target=\"_blank\">https:\/\/www.prnewswire.com\/br\/comunicados-para-a-imprensa\/impacto-amplia-parque-fabril-com-novo-galpao-de-2-900-m-e-reforca-modernizacao-da-operacao-industrial-302623518.html<\/a><\/p>\n<p>FONTE Impacto<\/p>\n<\/div>\n<p>  <img decoding=\"async\" alt=\"\" src=\"https:\/\/rt.prnewswire.com\/rt.gif?NewsItemId=PT28904&amp;Transmission_Id=202511250700PR_NEWS_LATAM____PT28904&amp;DateId=20251125\" style=\"border:0px;width:1px;height:1px\" \/><\/p>\n<p><strong>T\u00f3picos Relacionados:<\/strong> Transporte \/ Caminh\u00f5es \/ Ferrovias, Cadeia de Suprimentos\/Log\u00edstica, Fabrica\u00e7\u00e3o Geral, Minera\u00e7\u00e3o\/Metais, Ferramentas de M\u00e1quina, Metalurgia e Metal\u00fargica, Computador\/Eletr\u00f4nica, Expans\u00e3o Corporativa<\/p>\n<p>A <b>OESP<\/b> n\u00e3o \u00e9(s\u00e3o) respons\u00e1vel(is) por erros, incorre\u00e7\u00f5es, atrasos ou quaisquer decis\u00f5es tomadas por seus clientes com base nos Conte\u00fados ora disponibilizados, bem como tais Conte\u00fados n\u00e3o representam a opini\u00e3o da <b>OESP<\/b> e s\u00e3o de inteira responsabilidade da <b>PR Newswire Ltda<\/b><\/p>\n","protected":false},"excerpt":{"rendered":"Expans\u00e3o amplia capacidade produtiva, otimiza prazos de entrega e consolida a estrat\u00e9gia de crescimento da empresa para 2026. SAO PAULO, 25 de novembro de 2025 \/PRNewswire\/ &#8212; A Impacto,","protected":false},"author":1,"featured_media":119999,"comment_status":"open","ping_status":"closed","sticky":false,"template":"","format":"standard","meta":{"_acf_changed":false,"inline_featured_image":false,"_monsterinsights_skip_tracking":false,"_monsterinsights_sitenote_active":false,"_monsterinsights_sitenote_note":"","_monsterinsights_sitenote_category":0,"footnotes":""},"categories":[27],"tags":[926,4963,4964,4965,4962],"class_list":["post-119998","post","type-post","status-publish","format-standard","has-post-thumbnail","hentry","category-prnewswire","tag-a-impacto","tag-anuncia-a-construcao-de-um-novo-galpao-industrial","tag-com-2-900-m","tag-em-jau-sp-a-nova-e","tag-empresa-brasileira-especializada-na-fabricacao-de-equipamentos-de-apoio-logistico"],"acf":[],"_links":{"self":[{"href":"https:\/\/bluestudio.estadao.com.br\/agencia-de-comunicacao\/wp-json\/wp\/v2\/posts\/119998","targetHints":{"allow":["GET"]}}],"collection":[{"href":"https:\/\/bluestudio.estadao.com.br\/agencia-de-comunicacao\/wp-json\/wp\/v2\/posts"}],"about":[{"href":"https:\/\/bluestudio.estadao.com.br\/agencia-de-comunicacao\/wp-json\/wp\/v2\/types\/post"}],"author":[{"embeddable":true,"href":"https:\/\/bluestudio.estadao.com.br\/agencia-de-comunicacao\/wp-json\/wp\/v2\/users\/1"}],"replies":[{"embeddable":true,"href":"https:\/\/bluestudio.estadao.com.br\/agencia-de-comunicacao\/wp-json\/wp\/v2\/comments?post=119998"}],"version-history":[{"count":0,"href":"https:\/\/bluestudio.estadao.com.br\/agencia-de-comunicacao\/wp-json\/wp\/v2\/posts\/119998\/revisions"}],"wp:featuredmedia":[{"embeddable":true,"href":"https:\/\/bluestudio.estadao.com.br\/agencia-de-comunicacao\/wp-json\/wp\/v2\/media\/119999"}],"wp:attachment":[{"href":"https:\/\/bluestudio.estadao.com.br\/agencia-de-comunicacao\/wp-json\/wp\/v2\/media?parent=119998"}],"wp:term":[{"taxonomy":"category","embeddable":true,"href":"https:\/\/bluestudio.estadao.com.br\/agencia-de-comunicacao\/wp-json\/wp\/v2\/categories?post=119998"},{"taxonomy":"post_tag","embeddable":true,"href":"https:\/\/bluestudio.estadao.com.br\/agencia-de-comunicacao\/wp-json\/wp\/v2\/tags?post=119998"}],"curies":[{"name":"wp","href":"https:\/\/api.w.org\/{rel}","templated":true}]}}