{"id":119913,"date":"2025-11-22T18:12:00","date_gmt":"2025-11-22T21:12:00","guid":{"rendered":"https:\/\/bluestudio.estadao.com.br\/agencia-de-comunicacao\/prnewswire\/pri-in-person-2025-realizado-no-brasil\/"},"modified":"2025-11-22T18:12:00","modified_gmt":"2025-11-22T21:12:00","slug":"pri-in-person-2025-realizado-no-brasil","status":"publish","type":"post","link":"https:\/\/bluestudio.estadao.com.br\/agencia-de-comunicacao\/prnewswire\/pri-in-person-2025-realizado-no-brasil\/","title":{"rendered":"PRI in Person 2025 realizado no Brasil"},"content":{"rendered":"\n<div class=\"xn-content\">\n<p class=\"prntac\"><b> <i>O Fundo Econ\u00f4mico Europeu (E Fund) troca opini\u00f5es com institui\u00e7\u00f5es internacionais sobre solu\u00e7\u00f5es econ\u00f4micas sustent\u00e1veis.<\/i> <\/b><\/p>\n<p><span class=\"legendSpanClass\">S\u00c3O PAULO<\/span>, <span class=\"legendSpanClass\">22 de novembro de 2025<\/span> \/PRNewswire\/ &#8212; De 4 a 6 de novembro, o PRI in Person 2025, organizado pelos Princ\u00edpios para o Investimento Respons\u00e1vel (PRI), ocorreu em S\u00e3o Paulo, Brasil. O evento serve como a principal reuni\u00e3o anual da comunidade global de investimentos respons\u00e1veis e tem como tema &#8220;Desafios globais, estrat\u00e9gias resilientes, oportunidades de investimento.&#8221; Foi tamb\u00e9m reconhecido como componente oficial do F\u00f3rum de Neg\u00f3cios e Finan\u00e7as da COP30.<\/p>\n<p>A confer\u00eancia reuniu quase 1.300 participantes de reguladores, institui\u00e7\u00f5es financeiras e acad\u00eamicas l\u00edderes em S\u00e3o Paulo para explorar maneiras de acelerar solu\u00e7\u00f5es econ\u00f4micas sustent\u00e1veis por meio dos neg\u00f3cios e das finan\u00e7as.  A E Fund Management Co., Ltd., uma empresa de gerenciamento de ativos que adotou pr\u00e1ticas de investimento respons\u00e1vel no in\u00edcio da China e se tornou uma das primeiras institui\u00e7\u00f5es chinesas a ingressar no PRI em 2017, mant\u00e9m a integra\u00e7\u00e3o cont\u00ednua de investimento e pesquisa ESG. Por meio de um gerenciamento robusto e respons\u00e1vel, o E Fund apoia empresas chinesas na melhoria de seu desempenho ESG e participa ativamente de f\u00f3runs internacionais para compartilhar insights pr\u00e1ticos sobre a experi\u00eancia da China em investimento respons\u00e1vel. Como l\u00edder reconhecida no campo ESG na China, o E Fund foi convidado para a confer\u00eancia pelo terceiro ano consecutivo, participando de di\u00e1logos com participantes de todo o mundo.<\/p>\n<p>Os mercados asi\u00e1ticos s\u00e3o uma for\u00e7a motriz por tr\u00e1s da expans\u00e3o econ\u00f4mica global. Uma sess\u00e3o importante do f\u00f3rum, &#8220;Navegando pelo Risco e Desbloqueando Oportunidades nos Mercados de Alto Crescimento da \u00c1sia&#8221;, analisou tend\u00eancias e desafios de sustentabilidade em toda a regi\u00e3o. Jane Cheng, chefe de pesquisa ESG do E Fund, participou da conversa como representante das institui\u00e7\u00f5es chinesas, ao lado de participantes da Neuberger Berman, Seviora Group (uma empresa da Temasek), DSP Asset Managers da \u00cdndia e PRI \u00c1sia-Pac\u00edfico. Cheng observou que, embora o desenvolvimento ESG na \u00c1sia tenha come\u00e7ado mais tarde do que em algumas regi\u00f5es, os quadros regulat\u00f3rios se fortaleceram nos \u00faltimos anos e novas inova\u00e7\u00f5es continuam surgindo. A China, em particular, fez progressos consider\u00e1veis em seu sistema de pol\u00edticas ESG, acessibilidade de dados, expertise de gestores de ativos e conscientiza\u00e7\u00e3o corporativa. Guiada pelas metas &#8220;Carbono Duplo&#8221; (pico de carbono e neutralidade de carbono), a estrutura industrial e o sistema financeiro da China est\u00e3o passando por uma mudan\u00e7a cont\u00ednua em dire\u00e7\u00e3o a caminhos de desenvolvimento ambientalmente respons\u00e1veis, inclusivos e de baixo carbono. Os gerentes de ativos est\u00e3o passando do estudo de conceitos e estrat\u00e9gias ESG para sua aplica\u00e7\u00e3o na tomada de decis\u00f5es de investimento, melhorias na governan\u00e7a corporativa est\u00e3o gerando resultados e as perspectivas permanecem favor\u00e1veis.<\/p>\n<div class=\"PRN_ImbeddedAssetReference\" id=\"DivAssetPlaceHolder4315\">\n<a href=\"https:\/\/mma.prnewswire.com\/media\/2829581\/Cheng_Jie_Head_ESG_Research_E_Fund__3rd_left__participates.html\" target=\"_blank\" rel=\"nofollow\"><img decoding=\"async\" src=\"https:\/\/mma.prnewswire.com\/media\/2829581\/Cheng_Jie_Head_ESG_Research_E_Fund__3rd_left__participates.jpg\" title=\"Cheng Jie, chefe de pesquisa ESG do E Fund (terceiro da esquerda para a direita), participa da discuss\u00e3o principal do f\u00f3rum (PRNewsfoto\/E Fund)\" alt=\"Cheng Jie, chefe de pesquisa ESG do E Fund (terceiro da esquerda para a direita), participa da discuss\u00e3o principal do f\u00f3rum (PRNewsfoto\/E Fund)\" \/><\/a><\/p>\n<\/div>\n<p>Os mercados emergentes desempenham um papel central no avan\u00e7o do desenvolvimento sustent\u00e1vel global. Em um evento paralelo intitulado &#8220;Pr\u00e1tica de Investimento Respons\u00e1vel em Mercados Emergentes &#8211; China e Brasil&#8221;, Wilson Wei, analista-chefe ESG do E Fund, moderou um painel com convidados do FAIRR, HSBC Asset Management, Ita\u00fa Asset Management e B3 (Brasil Bolsa Balc\u00e3o, a Bolsa de Valores Brasileira). Partindo das liga\u00e7\u00f5es da cadeia de suprimentos transfronteiri\u00e7a entre China e Brasil, a sess\u00e3o combinou perspectivas globais e locais para identificar pr\u00e1ticas ESG inovadoras em ambos os mercados e discutir maneiras de fortalecer a coopera\u00e7\u00e3o em sustentabilidade.<\/p>\n<div class=\"PRN_ImbeddedAssetReference\" id=\"DivAssetPlaceHolder1294\">\n<a href=\"https:\/\/mma.prnewswire.com\/media\/2829582\/1.html\" target=\"_blank\" rel=\"nofollow\"><img decoding=\"async\" src=\"https:\/\/mma.prnewswire.com\/media\/2829582\/1.jpg\" title=\"Na sess\u00e3o paralela organizada pelo E Fund. (PRNewsfoto\/E Fund)\" alt=\"Na sess\u00e3o paralela organizada pelo E Fund. (PRNewsfoto\/E Fund)\" \/><\/a><\/p>\n<\/div>\n<p>Durante o evento paralelo, o E Fund e a Ita\u00fa Asset Management lan\u00e7aram conjuntamente o Artigo T\u00e9cnico sobre Investimento Respons\u00e1vel na China &amp; Brasil. O artigo t\u00e9cnico apresenta os desenvolvimentos recentes e exemplos pr\u00e1ticos em ambos os pa\u00edses sobre estruturas de divulga\u00e7\u00e3o de sustentabilidade, padr\u00f5es de taxonomia e diretrizes de produtos.<\/p>\n<div class=\"PRN_ImbeddedAssetReference\" id=\"DivAssetPlaceHolder7780\">\n<a href=\"https:\/\/mma.prnewswire.com\/media\/2085383\/_Logo.html\" target=\"_blank\" rel=\"nofollow\"><img decoding=\"async\" src=\"https:\/\/mma.prnewswire.com\/media\/2085383\/_Logo.jpg\" title=\"(PRNewsfoto\/E Fund Management)\" alt=\"(PRNewsfoto\/E Fund Management)\" \/><\/a><\/p>\n<\/div>\n<p>Foto &#8211; <a href=\"https:\/\/mma.prnewswire.com\/media\/2829581\/Cheng_Jie_Head_ESG_Research_E_Fund__3rd_left__participates.jpg\" target=\"_blank\" rel=\"nofollow\">https:\/\/mma.prnewswire.com\/media\/2829581\/Cheng_Jie_Head_ESG_Research_E_Fund__3rd_left__participates.jpg<\/a><br \/>Foto &#8211; <a href=\"https:\/\/mma.prnewswire.com\/media\/2829582\/1.jpg\" target=\"_blank\" rel=\"nofollow\">https:\/\/mma.prnewswire.com\/media\/2829582\/1.jpg<\/a><br \/>Logotipo &#8211; <a href=\"https:\/\/mma.prnewswire.com\/media\/2085383\/_Logo.jpg\" target=\"_blank\" rel=\"nofollow\">https:\/\/mma.prnewswire.com\/media\/2085383\/_Logo.jpg<\/a><\/p>\n<div class=\"PRN_ImbeddedAssetReference\" id=\"DivAssetPlaceHolder0\"><\/div>\n<p id=\"PURL\"><img loading=\"lazy\" decoding=\"async\" title=\"Cision\" width=\"12\" height=\"12\" alt=\"Cision\" src=\"https:\/\/edge.prnewswire.com\/c\/img\/favicon.png?sn=PT30884&amp;sd=2025-11-22\" \/> View original content to download multimedia:<a id=\"PRNURL\" rel=\"nofollow\" href=\"https:\/\/www.prnewswire.com\/br\/comunicados-para-a-imprensa\/pri-in-person-2025-realizado-no-brasil-302623929.html\" target=\"_blank\">https:\/\/www.prnewswire.com\/br\/comunicados-para-a-imprensa\/pri-in-person-2025-realizado-no-brasil-302623929.html<\/a><\/p>\n<p>FONTE E Fund<\/p>\n<\/div>\n<p>  <img decoding=\"async\" alt=\"\" src=\"https:\/\/rt.prnewswire.com\/rt.gif?NewsItemId=PT30884&amp;Transmission_Id=202511221610PR_NEWS_LATAM____PT30884&amp;DateId=20251122\" style=\"border:0px;width:1px;height:1px\" \/><\/p>\n<p><strong>T\u00f3picos Relacionados:<\/strong> Quest\u00f5es Ambientais, Responsabilidade Social Corporativa, Produtos e Servi\u00e7os Ambientais, Servi\u00e7os Banc\u00e1rios\/Financeiros<\/p>\n<p>A <b>OESP<\/b> n\u00e3o \u00e9(s\u00e3o) respons\u00e1vel(is) por erros, incorre\u00e7\u00f5es, atrasos ou quaisquer decis\u00f5es tomadas por seus clientes com base nos Conte\u00fados ora disponibilizados, bem como tais Conte\u00fados n\u00e3o representam a opini\u00e3o da <b>OESP<\/b> e s\u00e3o de inteira responsabilidade da <b>PR Newswire Ltda<\/b><\/p>\n","protected":false},"excerpt":{"rendered":"O Fundo Econ\u00f4mico Europeu (E Fund) troca opini\u00f5es com institui\u00e7\u00f5es internacionais sobre solu\u00e7\u00f5es econ\u00f4micas sustent\u00e1veis. S\u00c3O PAULO, 22 de novembro de 2025 \/PRNewswire\/ &#8212; De 4 a 6 de","protected":false},"author":1,"featured_media":119914,"comment_status":"open","ping_status":"closed","sticky":false,"template":"","format":"standard","meta":{"_acf_changed":false,"inline_featured_image":false,"_monsterinsights_skip_tracking":false,"_monsterinsights_sitenote_active":false,"_monsterinsights_sitenote_note":"","_monsterinsights_sitenote_category":0,"footnotes":""},"categories":[27],"tags":[4898],"class_list":["post-119913","post","type-post","status-publish","format-standard","has-post-thumbnail","hentry","category-prnewswire","tag-o-fundo-economico-europeu-e-fund-troca-opinioes-com-instituicoes-internacionais-sobre-solucoes-economicas-sustentaveis"],"acf":[],"_links":{"self":[{"href":"https:\/\/bluestudio.estadao.com.br\/agencia-de-comunicacao\/wp-json\/wp\/v2\/posts\/119913","targetHints":{"allow":["GET"]}}],"collection":[{"href":"https:\/\/bluestudio.estadao.com.br\/agencia-de-comunicacao\/wp-json\/wp\/v2\/posts"}],"about":[{"href":"https:\/\/bluestudio.estadao.com.br\/agencia-de-comunicacao\/wp-json\/wp\/v2\/types\/post"}],"author":[{"embeddable":true,"href":"https:\/\/bluestudio.estadao.com.br\/agencia-de-comunicacao\/wp-json\/wp\/v2\/users\/1"}],"replies":[{"embeddable":true,"href":"https:\/\/bluestudio.estadao.com.br\/agencia-de-comunicacao\/wp-json\/wp\/v2\/comments?post=119913"}],"version-history":[{"count":0,"href":"https:\/\/bluestudio.estadao.com.br\/agencia-de-comunicacao\/wp-json\/wp\/v2\/posts\/119913\/revisions"}],"wp:featuredmedia":[{"embeddable":true,"href":"https:\/\/bluestudio.estadao.com.br\/agencia-de-comunicacao\/wp-json\/wp\/v2\/media\/119914"}],"wp:attachment":[{"href":"https:\/\/bluestudio.estadao.com.br\/agencia-de-comunicacao\/wp-json\/wp\/v2\/media?parent=119913"}],"wp:term":[{"taxonomy":"category","embeddable":true,"href":"https:\/\/bluestudio.estadao.com.br\/agencia-de-comunicacao\/wp-json\/wp\/v2\/categories?post=119913"},{"taxonomy":"post_tag","embeddable":true,"href":"https:\/\/bluestudio.estadao.com.br\/agencia-de-comunicacao\/wp-json\/wp\/v2\/tags?post=119913"}],"curies":[{"name":"wp","href":"https:\/\/api.w.org\/{rel}","templated":true}]}}