{"id":119884,"date":"2025-11-21T14:27:00","date_gmt":"2025-11-21T17:27:00","guid":{"rendered":"https:\/\/bluestudio.estadao.com.br\/agencia-de-comunicacao\/prnewswire\/gac-revela-quatro-motores-de-crescimento-reforcando-um-novo-gac-no-salao-do-automovel-de-guangzhou-de-2025\/"},"modified":"2025-11-21T14:27:00","modified_gmt":"2025-11-21T17:27:00","slug":"gac-revela-quatro-motores-de-crescimento-reforcando-um-novo-gac-no-salao-do-automovel-de-guangzhou-de-2025","status":"publish","type":"post","link":"https:\/\/bluestudio.estadao.com.br\/agencia-de-comunicacao\/prnewswire\/gac-revela-quatro-motores-de-crescimento-reforcando-um-novo-gac-no-salao-do-automovel-de-guangzhou-de-2025\/","title":{"rendered":"GAC Revela &#8220;Quatro Motores de Crescimento&#8221;, Refor\u00e7ando um Novo GAC no Sal\u00e3o do Autom\u00f3vel de Guangzhou de 2025"},"content":{"rendered":"\n<div class=\"xn-content\">\n<span class=\"legendSpanClass\">GUANGZHOU, China<\/span>, <span class=\"legendSpanClass\">21 de novembro de 2025<\/span> \/PRNewswire\/ &#8212; Em 21 de novembro, a 23\u00aa Exposi\u00e7\u00e3o Internacional de Autom\u00f3veis de Guangzhou foi inaugurada no Canton Fair Complex. Na feira deste ano, a GAC apresentou as principais realiza\u00e7\u00f5es da &#8220;A\u00e7\u00e3o Panyu&#8221; um ano ap\u00f3s seu lan\u00e7amento, marcando um progresso significativo na reforma organizacional e na inova\u00e7\u00e3o.<\/p>\n<p>Com o foco no usu\u00e1rio, o GAC est\u00e1 aprimorando sua competitividade central em torno de &#8220;entender melhor os usu\u00e1rios, responder mais rapidamente e promover tecnologias mais fortes&#8221;. O GAC apresentou oficialmente seus Quatro Motores de Crescimento &#8211; nova tecnologia, novos produtos, novos servi\u00e7os e um novo ecossistema &#8211; para acelerar a cria\u00e7\u00e3o de um &#8220;Novo GAC&#8221;.<\/p>\n<div id=\"prni_dvprnejpg5642left\" dir=\"ltr\" style=\"width: 100%;text-align: left\"><img decoding=\"async\" id=\"prnejpg5642left\" title=\" \" src=\"https:\/\/mma.prnewswire.com\/media\/2829686\/image.jpg\" alt=\" \" align=\"middle\" \/><\/div>\n<p>Nova tecnologia: o GAC impulsionar\u00e1 avan\u00e7os em sistemas de transmiss\u00e3o de novas energias, seguran\u00e7a, sistemas de chassi inteligentes e tecnologias de IA, com o objetivo de aprimorar a experi\u00eancia do usu\u00e1rio e enriquecer a mobilidade.<\/p>\n<p>Novos produtos: Ao construir um sistema abrangente de P&amp;D para suas pr\u00f3prias marcas, a GAC responder\u00e1 precisamente \u00e0s expectativas dos usu\u00e1rios, oferecendo solu\u00e7\u00f5es diversificadas que atendam \u00e0s necessidades, desde deslocamentos di\u00e1rios at\u00e9 experi\u00eancias de viagem premium.<\/p>\n<p>Novos Servi\u00e7os: O GAC est\u00e1 avan\u00e7ando na transforma\u00e7\u00e3o de canais para tornar os servi\u00e7os mais acess\u00edveis, ao mesmo tempo em que aprimora continuamente os recursos de OTA. Mais de 300 recursos e atualiza\u00e7\u00f5es de experi\u00eancia foram adicionados ou otimizados, garantindo que os ve\u00edculos permane\u00e7am &#8220;sempre atualizados e melhorando continuamente em valor&#8221;.<\/p>\n<p>Novo ecossistema: o GAC aprofundar\u00e1 a colabora\u00e7\u00e3o aberta entre ecossistemas de energia, redes de carregamento, plataformas inteligentes e inova\u00e7\u00e3o de modelos de neg\u00f3cios, forjando um ecossistema centrado no usu\u00e1rio com benef\u00edcios compartilhados.<\/p>\n<p>No Sal\u00e3o do Autom\u00f3vel de Guangzhou de 2025, a GAC apresentou um amplo portf\u00f3lio de ve\u00edculos inteligentes e solu\u00e7\u00f5es de mobilidade. Entre suas pr\u00f3prias marcas, o carro-chefe HYPTEC A800 &#8211; desenvolvido em conjunto com a HUAWEI &#8211; fez sua estreia oficial. O GAC apresentou v\u00e1rias vers\u00f5es do S7, M8 Qian Kun e S9 Qian Kun. AION exibiu o AION UT Super e o AION i60.<\/p>\n<p>No segmento de joint-venture, a GAC Honda exibiu modelos populares, incluindo o Accord e o Odyssey. Toyota destacou as \u00faltimas conquistas de sua estrat\u00e9gia &#8220;Poderosa em gasolina e h\u00edbrida&#8221;.<\/p>\n<p>Em ve\u00edculos comerciais, o caminh\u00e3o pesado de nova energia T9 da GAC Commercial Vehicles foi lan\u00e7ado oficialmente. A plataforma de servi\u00e7os de mobilidade Ruqi Mobility (OnTime) e a GAC Toyota Engine tamb\u00e9m se juntaram \u00e0 exposi\u00e7\u00e3o.<\/p>\n<p>Com os Quatro Motores de Crescimento como base, a GAC continua comprometida em oferecer uma melhor experi\u00eancia de mobilidade para os usu\u00e1rios em todo o mundo &#8211; criando viagens de maior qualidade, inteligentes e mais ecol\u00f3gicas para o futuro.<\/p>\n<p>Foto &#8211; <a href=\"https:\/\/mma.prnewswire.com\/media\/2829686\/image.jpg\" target=\"_blank\" rel=\"nofollow\">https:\/\/mma.prnewswire.com\/media\/2829686\/image.jpg<\/a><\/p>\n<p id=\"PURL\"><img loading=\"lazy\" decoding=\"async\" title=\"Cision\" width=\"12\" height=\"12\" alt=\"Cision\" src=\"https:\/\/edge.prnewswire.com\/c\/img\/favicon.png?sn=PT30937&amp;sd=2025-11-21\" \/> View original content:<a id=\"PRNURL\" rel=\"nofollow\" href=\"https:\/\/www.prnewswire.com\/br\/comunicados-para-a-imprensa\/gac-revela-quatro-motores-de-crescimento-reforcando-um-novo-gac-no-salao-do-automovel-de-guangzhou-de-2025-302623414.html\" target=\"_blank\">https:\/\/www.prnewswire.com\/br\/comunicados-para-a-imprensa\/gac-revela-quatro-motores-de-crescimento-reforcando-um-novo-gac-no-salao-do-automovel-de-guangzhou-de-2025-302623414.html<\/a><\/p>\n<p>FONTE GAC<\/p>\n<\/div>\n<p>  <img decoding=\"async\" alt=\"\" src=\"https:\/\/rt.prnewswire.com\/rt.gif?NewsItemId=PT30937&amp;Transmission_Id=202511211214PR_NEWS_LATAM____PT30937&amp;DateId=20251121\" style=\"border:0px;width:1px;height:1px\" \/><\/p>\n<p><strong>T\u00f3picos Relacionados:<\/strong> Novos Produtos\/Servi\u00e7os, Not\u00edcias de Feiras Comerciais, Transporte \/ Caminh\u00f5es \/ Ferrovias, Automotivo, Fabrica\u00e7\u00e3o Geral<\/p>\n<p>A <b>OESP<\/b> n\u00e3o \u00e9(s\u00e3o) respons\u00e1vel(is) por erros, incorre\u00e7\u00f5es, atrasos ou quaisquer decis\u00f5es tomadas por seus clientes com base nos Conte\u00fados ora disponibilizados, bem como tais Conte\u00fados n\u00e3o representam a opini\u00e3o da <b>OESP<\/b> e s\u00e3o de inteira responsabilidade da <b>PR Newswire Ltda<\/b><\/p>\n","protected":false},"excerpt":{"rendered":"GUANGZHOU, China, 21 de novembro de 2025 \/PRNewswire\/ &#8212; Em 21 de novembro, a 23\u00aa Exposi\u00e7\u00e3o Internacional de Autom\u00f3veis de Guangzhou foi inaugurada no Canton Fair Complex. Na feira deste ano,","protected":false},"author":1,"featured_media":119885,"comment_status":"open","ping_status":"closed","sticky":false,"template":"","format":"standard","meta":{"_acf_changed":false,"inline_featured_image":false,"_monsterinsights_skip_tracking":false,"_monsterinsights_sitenote_active":false,"_monsterinsights_sitenote_note":"","_monsterinsights_sitenote_category":0,"footnotes":""},"categories":[27],"tags":[4865,4866,4864],"class_list":["post-119884","post","type-post","status-publish","format-standard","has-post-thumbnail","hentry","category-prnewswire","tag-a-23a-exposicao-internacional-de-automoveis-de-guangzhou-foi-inaugurada-no-canton-fair-complex-na-feira-deste-ano","tag-a-gac-apresentou-as-principais-realizacoes-d","tag-em-21-de-novembro"],"acf":[],"_links":{"self":[{"href":"https:\/\/bluestudio.estadao.com.br\/agencia-de-comunicacao\/wp-json\/wp\/v2\/posts\/119884","targetHints":{"allow":["GET"]}}],"collection":[{"href":"https:\/\/bluestudio.estadao.com.br\/agencia-de-comunicacao\/wp-json\/wp\/v2\/posts"}],"about":[{"href":"https:\/\/bluestudio.estadao.com.br\/agencia-de-comunicacao\/wp-json\/wp\/v2\/types\/post"}],"author":[{"embeddable":true,"href":"https:\/\/bluestudio.estadao.com.br\/agencia-de-comunicacao\/wp-json\/wp\/v2\/users\/1"}],"replies":[{"embeddable":true,"href":"https:\/\/bluestudio.estadao.com.br\/agencia-de-comunicacao\/wp-json\/wp\/v2\/comments?post=119884"}],"version-history":[{"count":0,"href":"https:\/\/bluestudio.estadao.com.br\/agencia-de-comunicacao\/wp-json\/wp\/v2\/posts\/119884\/revisions"}],"wp:featuredmedia":[{"embeddable":true,"href":"https:\/\/bluestudio.estadao.com.br\/agencia-de-comunicacao\/wp-json\/wp\/v2\/media\/119885"}],"wp:attachment":[{"href":"https:\/\/bluestudio.estadao.com.br\/agencia-de-comunicacao\/wp-json\/wp\/v2\/media?parent=119884"}],"wp:term":[{"taxonomy":"category","embeddable":true,"href":"https:\/\/bluestudio.estadao.com.br\/agencia-de-comunicacao\/wp-json\/wp\/v2\/categories?post=119884"},{"taxonomy":"post_tag","embeddable":true,"href":"https:\/\/bluestudio.estadao.com.br\/agencia-de-comunicacao\/wp-json\/wp\/v2\/tags?post=119884"}],"curies":[{"name":"wp","href":"https:\/\/api.w.org\/{rel}","templated":true}]}}