{"id":119872,"date":"2025-11-21T13:30:33","date_gmt":"2025-11-21T16:30:33","guid":{"rendered":"https:\/\/bluestudio.estadao.com.br\/agencia-de-comunicacao\/?p=119872"},"modified":"2025-11-21T13:38:47","modified_gmt":"2025-11-21T16:38:47","slug":"mineracao-mercado-livre-energia-economia-sustentabilidade","status":"publish","type":"post","link":"https:\/\/bluestudio.estadao.com.br\/agencia-de-comunicacao\/agencia-minera-brasil\/mineracao-mercado-livre-energia-economia-sustentabilidade\/","title":{"rendered":"Setor de minera\u00e7\u00e3o est\u00e1 entre os maiores consumidores no mercado livre de energia"},"content":{"rendered":"\n<p>Migra\u00e7\u00e3o para o Ambiente de Contrata\u00e7\u00e3o Livre garante economia, efici\u00eancia operacional e queda expressiva nas emiss\u00f5es de CO\u00b2, refor\u00e7ando a transi\u00e7\u00e3o energ\u00e9tica no setor.<\/p>\n\n\n\n<p>A minera\u00e7\u00e3o se consolidou como um dos maiores consumidores do mercado livre de energia no Brasil, impulsionado pela busca por competitividade, previsibilidade de custos e alinhamento \u00e0s metas de sustentabilidade. No mercado livre de energia, empresas e consumidores escolhem seus fornecedores e negociam pre\u00e7os e fontes de gera\u00e7\u00e3o. Isso permite acesso direto a energia renov\u00e1vel e maior controle sobre custos.<\/p>\n\n\n\n<p>Levantamento da plataforma ePowerBay, com dados da C\u00e2mara de Comercializa\u00e7\u00e3o de Energia El\u00e9trica (CCEE), mostra que cadeias como minera\u00e7\u00e3o, metalurgia e petroqu\u00edmica lideram a ades\u00e3o ao Ambiente de Contrata\u00e7\u00e3o Livre (ACL).<\/p>\n\n\n\n<h2 class=\"wp-block-heading\"><strong>Mineradora reduz 25% dos custos ao migrar para o mercado livre<\/strong><\/h2>\n\n\n\n<p>O aumento da presen\u00e7a de mineradoras no ACL reflete o peso da energia como insumo estrat\u00e9gico em atividades de alta intensidade energ\u00e9tica. A Xilolite, sediada em Brumado (BA) e atuante nos mercados de talco e magnesita, \u00e9 um exemplo dessa tend\u00eancia.<\/p>\n\n\n\n<p>A empresa migrou para o mercado livre em janeiro de 2024 e registrou uma redu\u00e7\u00e3o de cerca de 25% nos custos mensais de energia, al\u00e9m de eliminar a depend\u00eancia de geradores a diesel \u2014 tradicionalmente de tr\u00eas a quatro vezes mais caros que a eletricidade adquirida no novo modelo.<\/p>\n\n\n\n<p>A mudan\u00e7a tamb\u00e9m resultou em ganhos operacionais, permitindo que a companhia utilizasse o hor\u00e1rio de ponta, antes oneroso no mercado cativo.<\/p>\n\n\n\n<p><em>\u201cA energia \u00e9 um dos maiores insumos da nossa atividade. Essa transi\u00e7\u00e3o foi essencial para ampliar a competitividade da companhia\u201d<\/em>, destacou William Porto, gerente-geral da Xilolite.<\/p>\n\n\n\n<h2 class=\"wp-block-heading\"><strong>Uso de geradores cai 90% e emiss\u00f5es de CO\u00b2 despencam<\/strong><\/h2>\n\n\n\n<p>Al\u00e9m da economia, a migra\u00e7\u00e3o contribuiu para metas ambientais. Segundo Renata Camargo, diretora da unidade Brumado, a redu\u00e7\u00e3o no uso de geradores diminuiu significativamente as emiss\u00f5es da mineradora. Ela explica que o movimento fortaleceu a agenda sustent\u00e1vel da empresa, que criou um departamento espec\u00edfico e se prepara para auditoria de diagn\u00f3stico ESG.<\/p>\n\n\n\n<p><em>\u201cEm 2024, apenas com a redu\u00e7\u00e3o do uso do gerador ap\u00f3s ingresso no mercado livre de energia, emitimos 90% a menos de CO\u00b2, quando comparamos com os n\u00fameros de 2023. O uso de energia renov\u00e1vel est\u00e1 totalmente conectado ao nosso prop\u00f3sito de impacto positivo. Queremos ser refer\u00eancia e inspirar outras ind\u00fastrias do setor a fazer a transi\u00e7\u00e3o energ\u00e9tica\u201d<\/em>, afirmou Renata.<\/p>\n\n\n\n<h2 class=\"wp-block-heading\"><strong>Economia no ACL pode chegar a 35% com contratos customizados<\/strong><\/h2>\n\n\n\n<p>Para o diretor de Varejo e Marketing da Serena, C\u00edcero Lima, empresas que aderem ao mercado livre conseguem equilibrar previsibilidade financeira e responsabilidade socioambiental, posicionando-se na dianteira da transi\u00e7\u00e3o energ\u00e9tica brasileira.<\/p>\n\n\n\n<p><em>\u201cA migra\u00e7\u00e3o para o ambiente livre permite n\u00e3o apenas previsibilidade or\u00e7ament\u00e1ria, mas tamb\u00e9m acesso a fontes renov\u00e1veis e contratos customizados. Essa modalidade possibilita que os aumentos tarif\u00e1rios do mercado cativo n\u00e3o impactem a competitividade das empresas. Na Serena, contamos com uma plataforma 100% digital, que nos ajuda a entender o perfil de consumo de energia de cada uma dessas empresas, permitindo apresentar possibilidades de economia que podem chegar a at\u00e9 35%.\u201d<\/em><\/p>\n\n\n\n<p>A\u00a0<strong>OESP<\/strong>\u00a0n\u00e3o \u00e9 respons\u00e1vel por erros, incorre\u00e7\u00f5es, atrasos ou quaisquer decis\u00f5es tomadas por seus clientes com base nos Conte\u00fados ora disponibilizados, bem como tais Conte\u00fados n\u00e3o representam a opini\u00e3o da\u00a0<strong>OESP<\/strong>\u00a0e s\u00e3o de inteira responsabilidade da\u00a0<strong>Ag\u00eancia Minera Brasil<\/strong>.<\/p>\n\n\n\n<p><\/p>\n","protected":false},"excerpt":{"rendered":"A migra\u00e7\u00e3o da minera\u00e7\u00e3o para o mercado livre de energia garante economia, previsibilidade e redu\u00e7\u00e3o de emiss\u00f5es, impulsionando a transi\u00e7\u00e3o energ\u00e9tica no Brasil.","protected":false},"author":16,"featured_media":119873,"comment_status":"open","ping_status":"closed","sticky":false,"template":"","format":"standard","meta":{"_acf_changed":false,"inline_featured_image":false,"_monsterinsights_skip_tracking":false,"_monsterinsights_sitenote_active":false,"_monsterinsights_sitenote_note":"","_monsterinsights_sitenote_category":0,"footnotes":""},"categories":[351],"tags":[],"class_list":["post-119872","post","type-post","status-publish","format-standard","has-post-thumbnail","hentry","category-agencia-minera-brasil"],"acf":[],"_links":{"self":[{"href":"https:\/\/bluestudio.estadao.com.br\/agencia-de-comunicacao\/wp-json\/wp\/v2\/posts\/119872","targetHints":{"allow":["GET"]}}],"collection":[{"href":"https:\/\/bluestudio.estadao.com.br\/agencia-de-comunicacao\/wp-json\/wp\/v2\/posts"}],"about":[{"href":"https:\/\/bluestudio.estadao.com.br\/agencia-de-comunicacao\/wp-json\/wp\/v2\/types\/post"}],"author":[{"embeddable":true,"href":"https:\/\/bluestudio.estadao.com.br\/agencia-de-comunicacao\/wp-json\/wp\/v2\/users\/16"}],"replies":[{"embeddable":true,"href":"https:\/\/bluestudio.estadao.com.br\/agencia-de-comunicacao\/wp-json\/wp\/v2\/comments?post=119872"}],"version-history":[{"count":5,"href":"https:\/\/bluestudio.estadao.com.br\/agencia-de-comunicacao\/wp-json\/wp\/v2\/posts\/119872\/revisions"}],"predecessor-version":[{"id":119880,"href":"https:\/\/bluestudio.estadao.com.br\/agencia-de-comunicacao\/wp-json\/wp\/v2\/posts\/119872\/revisions\/119880"}],"wp:featuredmedia":[{"embeddable":true,"href":"https:\/\/bluestudio.estadao.com.br\/agencia-de-comunicacao\/wp-json\/wp\/v2\/media\/119873"}],"wp:attachment":[{"href":"https:\/\/bluestudio.estadao.com.br\/agencia-de-comunicacao\/wp-json\/wp\/v2\/media?parent=119872"}],"wp:term":[{"taxonomy":"category","embeddable":true,"href":"https:\/\/bluestudio.estadao.com.br\/agencia-de-comunicacao\/wp-json\/wp\/v2\/categories?post=119872"},{"taxonomy":"post_tag","embeddable":true,"href":"https:\/\/bluestudio.estadao.com.br\/agencia-de-comunicacao\/wp-json\/wp\/v2\/tags?post=119872"}],"curies":[{"name":"wp","href":"https:\/\/api.w.org\/{rel}","templated":true}]}}