{"id":119851,"date":"2025-11-21T10:12:00","date_gmt":"2025-11-21T13:12:00","guid":{"rendered":"https:\/\/bluestudio.estadao.com.br\/agencia-de-comunicacao\/prnewswire\/mercan-faz-parceria-com-o-governo-do-panama-para-renovar-seu-programa-de-investimento-estrangeiro\/"},"modified":"2025-11-21T10:12:00","modified_gmt":"2025-11-21T13:12:00","slug":"mercan-faz-parceria-com-o-governo-do-panama-para-renovar-seu-programa-de-investimento-estrangeiro","status":"publish","type":"post","link":"https:\/\/bluestudio.estadao.com.br\/agencia-de-comunicacao\/prnewswire\/mercan-faz-parceria-com-o-governo-do-panama-para-renovar-seu-programa-de-investimento-estrangeiro\/","title":{"rendered":"MERCAN FAZ PARCERIA COM O GOVERNO DO PANAM\u00c1 PARA RENOVAR SEU PROGRAMA DE INVESTIMENTO ESTRANGEIRO"},"content":{"rendered":"\n<div class=\"xn-content\">\n<span class=\"legendSpanClass\">CIDADE DO PANAM\u00c1, Panam\u00e1<\/span>, <span class=\"legendSpanClass\">21 de novembro de 2025<\/span> \/PRNewswire\/ &#8212; O Mercan Group, l\u00edder em investimentos, consultoria em imigra\u00e7\u00e3o e recrutamento, com mais de 35 anos de experi\u00eancia, tem o prazer de anunciar seu novo cap\u00edtulo na \u00e1rea de investimentos em imigra\u00e7\u00e3o, como o principal parceiro estrat\u00e9gico do governo do Panam\u00e1 para apoiar a promo\u00e7\u00e3o e a reformula\u00e7\u00e3o internacional do Programa de Investidores Qualificados do pa\u00eds.<\/p>\n<div id=\"prni_dvprnejpgb5b5left\" dir=\"ltr\" style=\"width: 100%;text-align: left\"><img decoding=\"async\" id=\"prnejpgb5b5left\" title=\"Mercan Group Logo\" src=\"https:\/\/mma.prnewswire.com\/media\/2828680\/Mercan_Group_Logo.jpg\" alt=\"Mercan Group Logo\" align=\"middle\" data-name=\"url$https%3A%2F%2Fmma.prnewswire.com%2Fmedia%2F2828680%2FMercan_Group_Logo.jpg\" \/><\/div>\n<p>De acordo com Eduardo Arango, vice-ministro do Com\u00e9rcio e Ind\u00fastrias do Panam\u00e1, o pa\u00eds &#8220;<i>virou uma p\u00e1gina em sua hist\u00f3ria de migra\u00e7\u00e3o de investimentos. Ap\u00f3s anos de in\u00e9rcia administrativa, o Governo est\u00e1 agora implementando o Programa de Investidores Qualificados conforme originalmente previsto &#8211; transparente, eficiente e consistente&#8221;<\/i>.<\/p>\n<p>Por meio dessa colabora\u00e7\u00e3o, o governo panamenho refor\u00e7a o alcance global e a competitividade de seu programa de investimentos, contando com a experi\u00eancia comprovada da Mercan para elev\u00e1-lo a um novo patamar, nas palavras de Eduardo Arango: &#8220;<i> Projetar o segundo f\u00f4lego do programa, lado a lado com a Mercan, e defini-los como nosso parceiro estrat\u00e9gico foi uma decis\u00e3o f\u00e1cil&#8221;.<\/i><\/p>\n<p>O Panam\u00e1 \u00e9 um dos pa\u00edses mais conectados internacionalmente da regi\u00e3o e \u00e9 um importante centro de com\u00e9rcio e investimento internacional, com uma economia est\u00e1vel e baseada no d\u00f3lar, um setor financeiro robusto e o Canal do Panam\u00e1 respons\u00e1vel por cerca de 5% do com\u00e9rcio global. O Programa de Investidores Qualificados oferece um caminho confi\u00e1vel para a cidadania panamenha ap\u00f3s cinco anos, exigindo um investimento m\u00ednimo de $ 300.000 e requisitos de resid\u00eancia flex\u00edveis.<\/p>\n<p>Para Jordi Vilanova, presidente da Mercan Properties Portugal, &#8220;<i> o Panam\u00e1 representa uma combina\u00e7\u00e3o \u00fanica de confian\u00e7a institucional, estabilidade jur\u00eddica e uma vis\u00e3o ambiciosa. Nosso sucesso se baseia em tomar as decis\u00f5es certas, e acreditamos firmemente que o Programa de Investidores Qualificados do Panam\u00e1 \u00e9 uma delas&#8221;. <\/i><\/p>\n<p><i>&#8220;A presen\u00e7a da Mercan no Panam\u00e1 reflete estabilidade, longevidade e compromisso genu\u00edno com o projeto que compartilhamos. Com d\u00e9cadas de experi\u00eancia e uma reputa\u00e7\u00e3o confi\u00e1vel no mundo da migra\u00e7\u00e3o de investimentos, ter a Mercan a bordo fortalece nosso compromisso de garantir que todos os participantes se beneficiem de um programa baseado em transpar\u00eancia, desempenho e investimento real no pa\u00eds&#8221;<\/i>, acrescenta o Vice-Ministro do Com\u00e9rcio e Ind\u00fastrias do Panam\u00e1.<\/p>\n<p>Jerry Morgan, CEO do Mercan Group, diz que este \u00e9 &#8220;<i>um passo importante na jornada da Mercan. Nosso compromisso sempre foi estabelecer parcerias de longo prazo com pa\u00edses que priorizam a oportunidade, a transpar\u00eancia e a confian\u00e7a dos investidores. O Panam\u00e1 representa tudo isso &#8212; e estamos orgulhosos de unir for\u00e7as com um governo que compartilha nossa vis\u00e3o de crescimento econ\u00f4mico e social sustent\u00e1vel e de criar um ambiente atraente para investidores internacionais e suas fam\u00edlias<\/i>&#8220;.<\/p>\n<p>O compromisso da Mercan com o Panam\u00e1 \u00e9 refor\u00e7ado pelo recente investimento do Grupo no pa\u00eds: um desenvolvimento de hospitalidade de refer\u00eancia atualmente em fase de planejamento, que contar\u00e1 com um hotel de marca, resid\u00eancias com servi\u00e7os e um cassino &#8211; projetado para ser um dos projetos mais distintos de seu tipo na regi\u00e3o.<\/p>\n<p>&#8220;O Panam\u00e1 <i> \u00e9 exatamente o tipo de ambiente que a Mercan procura ao entrar em um novo mercado. Na Europa, nosso hist\u00f3rico \u00e9 evidente &#8212; com 34 projetos de hospitalidade, incluindo 16 j\u00e1 em opera\u00e7\u00e3o, em Portugal e na Gr\u00e9cia&#8221;, <\/i> de acordo com Jordi Vilanova.<\/p>\n<p>Os projetos que a Mercan est\u00e1 desenvolvendo no Panam\u00e1 oferecer\u00e3o aos investidores um ponto de entrada seguro para um desenvolvimento de alta qualidade, apoiado por um cronograma de aplica\u00e7\u00e3o claro e confi\u00e1vel. Segue o mesmo modelo de neg\u00f3cios que a Mercan implementou com sucesso em Portugal e na Gr\u00e9cia, onde o Grupo entregou uma d\u00e9cada de projetos de hospitalidade de alta qualidade que combinam parcerias confi\u00e1veis com as principais marcas globais de hot\u00e9is e um hist\u00f3rico comprovado de abertura de 15 hot\u00e9is apenas em Portugal, todos com forte desempenho.<\/p>\n<p>Este novo cap\u00edtulo no Panam\u00e1 segue os mesmos princ\u00edpios de excel\u00eancia, consist\u00eancia e valor a longo prazo.<\/p>\n<p><b> Para mais informa\u00e7\u00f5es, clique <\/b> <a href=\"https:\/\/www.mercan.com\/panama-qualified-investor-program\/\" target=\"_blank\" rel=\"nofollow\"> <b>aqui<\/b> <\/a><\/p>\n<p>Logo: <a href=\"https:\/\/mma.prnewswire.com\/media\/2828680\/Mercan_Group_Logo.jpg\" target=\"_blank\" rel=\"nofollow\"> https:\/\/mma.prnewswire.com\/media\/2828680\/Mercan_Group_Logo.jpg<\/a><\/p>\n<p id=\"PURL\"><img loading=\"lazy\" decoding=\"async\" title=\"Cision\" width=\"12\" height=\"12\" alt=\"Cision\" src=\"https:\/\/edge.prnewswire.com\/c\/img\/favicon.png?sn=PT29934&amp;sd=2025-11-21\" \/> View original content:<a id=\"PRNURL\" rel=\"nofollow\" href=\"https:\/\/www.prnewswire.com\/br\/comunicados-para-a-imprensa\/mercan-faz-parceria-com-o-governo-do-panama-para-renovar-seu-programa-de-investimento-estrangeiro-302622211.html\" target=\"_blank\">https:\/\/www.prnewswire.com\/br\/comunicados-para-a-imprensa\/mercan-faz-parceria-com-o-governo-do-panama-para-renovar-seu-programa-de-investimento-estrangeiro-302622211.html<\/a><\/p>\n<p>FONTE Mercan Group<\/p>\n<\/div>\n<p>  <img decoding=\"async\" alt=\"\" src=\"https:\/\/rt.prnewswire.com\/rt.gif?NewsItemId=PT29934&amp;Transmission_Id=202511210805PR_NEWS_LATAM____PT29934&amp;DateId=20251121\" style=\"border:0px;width:1px;height:1px\" \/><\/p>\n<p><strong>T\u00f3picos Relacionados:<\/strong> Novos Produtos\/Servi\u00e7os, Pol\u00edtica Externa\/Assuntos Internacionais, Viagens, Joint Ventures, Hot\u00e9is e Resorts<\/p>\n<p>A <b>OESP<\/b> n\u00e3o \u00e9(s\u00e3o) respons\u00e1vel(is) por erros, incorre\u00e7\u00f5es, atrasos ou quaisquer decis\u00f5es tomadas por seus clientes com base nos Conte\u00fados ora disponibilizados, bem como tais Conte\u00fados n\u00e3o representam a opini\u00e3o da <b>OESP<\/b> e s\u00e3o de inteira responsabilidade da <b>PR Newswire Ltda<\/b><\/p>\n","protected":false},"excerpt":{"rendered":"CIDADE DO PANAM\u00c1, Panam\u00e1, 21 de novembro de 2025 \/PRNewswire\/ &#8212; O Mercan Group, l\u00edder em investimentos, consultoria em imigra\u00e7\u00e3o e recrutamento, com mais de 35 anos de experi\u00eancia, tem o","protected":false},"author":1,"featured_media":119852,"comment_status":"open","ping_status":"closed","sticky":false,"template":"","format":"standard","meta":{"_acf_changed":false,"inline_featured_image":false,"_monsterinsights_skip_tracking":false,"_monsterinsights_sitenote_active":false,"_monsterinsights_sitenote_note":"","_monsterinsights_sitenote_category":0,"footnotes":""},"categories":[27],"tags":[4847,4846,4845,4844,4848],"class_list":["post-119851","post","type-post","status-publish","format-standard","has-post-thumbnail","hentry","category-prnewswire","tag-com-mais-de-35-anos-de-experiencia","tag-consultoria-em-imigracao-e-recrutamento","tag-lider-em-investimentos","tag-o-mercan-group","tag-tem-o-prazer-de-anunciar-seu-novo-capitulo-na-area-de-investim"],"acf":[],"_links":{"self":[{"href":"https:\/\/bluestudio.estadao.com.br\/agencia-de-comunicacao\/wp-json\/wp\/v2\/posts\/119851","targetHints":{"allow":["GET"]}}],"collection":[{"href":"https:\/\/bluestudio.estadao.com.br\/agencia-de-comunicacao\/wp-json\/wp\/v2\/posts"}],"about":[{"href":"https:\/\/bluestudio.estadao.com.br\/agencia-de-comunicacao\/wp-json\/wp\/v2\/types\/post"}],"author":[{"embeddable":true,"href":"https:\/\/bluestudio.estadao.com.br\/agencia-de-comunicacao\/wp-json\/wp\/v2\/users\/1"}],"replies":[{"embeddable":true,"href":"https:\/\/bluestudio.estadao.com.br\/agencia-de-comunicacao\/wp-json\/wp\/v2\/comments?post=119851"}],"version-history":[{"count":0,"href":"https:\/\/bluestudio.estadao.com.br\/agencia-de-comunicacao\/wp-json\/wp\/v2\/posts\/119851\/revisions"}],"wp:featuredmedia":[{"embeddable":true,"href":"https:\/\/bluestudio.estadao.com.br\/agencia-de-comunicacao\/wp-json\/wp\/v2\/media\/119852"}],"wp:attachment":[{"href":"https:\/\/bluestudio.estadao.com.br\/agencia-de-comunicacao\/wp-json\/wp\/v2\/media?parent=119851"}],"wp:term":[{"taxonomy":"category","embeddable":true,"href":"https:\/\/bluestudio.estadao.com.br\/agencia-de-comunicacao\/wp-json\/wp\/v2\/categories?post=119851"},{"taxonomy":"post_tag","embeddable":true,"href":"https:\/\/bluestudio.estadao.com.br\/agencia-de-comunicacao\/wp-json\/wp\/v2\/tags?post=119851"}],"curies":[{"name":"wp","href":"https:\/\/api.w.org\/{rel}","templated":true}]}}