{"id":119834,"date":"2025-11-20T19:43:00","date_gmt":"2025-11-20T22:43:00","guid":{"rendered":"https:\/\/bluestudio.estadao.com.br\/agencia-de-comunicacao\/prnewswire\/os-astros-de-bollywood-shah-rukh-khan-e-salman-khan-participam-da-inauguracao-vip-do-museu-de-historia-natural-de-abu-dhabi\/"},"modified":"2025-11-20T19:43:00","modified_gmt":"2025-11-20T22:43:00","slug":"os-astros-de-bollywood-shah-rukh-khan-e-salman-khan-participam-da-inauguracao-vip-do-museu-de-historia-natural-de-abu-dhabi","status":"publish","type":"post","link":"https:\/\/bluestudio.estadao.com.br\/agencia-de-comunicacao\/prnewswire\/os-astros-de-bollywood-shah-rukh-khan-e-salman-khan-participam-da-inauguracao-vip-do-museu-de-historia-natural-de-abu-dhabi\/","title":{"rendered":"Os astros de Bollywood Shah Rukh Khan e Salman Khan participam da inaugura\u00e7\u00e3o VIP do Museu de Hist\u00f3ria Natural de Abu Dhabi"},"content":{"rendered":"\n<div class=\"xn-content\">\n<p class=\"prntac\"><i> As celebridades favoritas dos f\u00e3s foram vistas em turn\u00ea pelo mais novo marco cultural de Abu Dhabi antes de sua inaugura\u00e7\u00e3o<\/i><\/p>\n<p><span class=\"legendSpanClass\">ABU DHABI, Emirados \u00c1rabes Unidos<\/span>, <span class=\"legendSpanClass\">20 de novembro de 2025<\/span> \/PRNewswire\/ &#8212; O Museu de Hist\u00f3ria Natural de Abu Dhabi, a mais recente adi\u00e7\u00e3o ao Distrito Cultural de Saadiyat, marcou sua t\u00e3o esperada inaugura\u00e7\u00e3o com uma pr\u00e9via VIP exclusiva na noite de quinta-feira, reunindo talentos globais, l\u00edderes culturais e convidados especiais para uma primeira olhada no mais novo marco da regi\u00e3o.<\/p>\n<div id=\"prni_dvprnejpg7b08left\" dir=\"ltr\" style=\"width: 100%;text-align: left\"><img decoding=\"async\" id=\"prnejpg7b08left\" title=\"As superestrelas de Bollywood Shah Rukh Khan e Salman Khan participam da abertura VIP do Museu de Hist\u00f3ria Natural de Abu Dhabi\" src=\"https:\/\/mma.prnewswire.com\/media\/2829085\/Experience_Abu_Dhabi_1.jpg\" alt=\"As superestrelas de Bollywood Shah Rukh Khan e Salman Khan participam da abertura VIP do Museu de Hist\u00f3ria Natural de Abu Dhabi\" align=\"middle\" \/><\/div>\n<p>Antes da abertura p\u00fablica oficial em 22 de novembro de 2025 em Abu Dhabi, os astros de Bollywood <b> Shah Rukh Khan<\/b> e <b> Salman Khan<\/b> foram vistos explorando o museu e desfrutando de uma primeira olhada exclusiva em suas cole\u00e7\u00f5es e exposi\u00e7\u00f5es din\u00e2micas. Os atores experimentaram as exibi\u00e7\u00f5es imersivas que d\u00e3o vida \u00e0 hist\u00f3ria natural e encontraram destaques importantes como &#8220;<b> Stan&#8221;<\/b>, de 67 milh\u00f5es de anos, um dos exemplos mais bem preservados de um esqueleto fossilizado de <i> T. rex<\/i> j\u00e1 descoberto.<\/p>\n<p>A abertura VIP tamb\u00e9m recebeu uma empolgante lista de celebridades internacionais de cinema, televis\u00e3o, m\u00fasica, arte e cultura. Liderando o tapete vermelho estavam o residente de Abu Dhabi e \u00edcone global da TV <b> Steve Harvey<\/b>; o aclamado designer de efeitos especiais e estrela de <i> MythBusters <\/i> <b> Adam Savage<\/b>; e os talentos de Hollywood em ascens\u00e3o <b> David Iacono <\/b> e <b> Audrina Miranda<\/b>, estrelas do recente filme <i> Jurassic World<\/i>. Juntaram-se a eles o premiado produtor e empres\u00e1rio <b> Swizz Beatz<\/b>; os c\u00e9lebres atores <b> Ron Perlman<\/b> (<i> Hellboy<\/i>, <i> Sons of Anarchy<\/i>) e <b> Giancarlo Esposito<\/b> (<i> Breaking Bad<\/i>, <i> The Mandalorian<\/i>); o modelo e \u00edcone cultural tunisino-italiano <b> Afef Jnifen <\/b>; e uma s\u00e9rie de outros ilustres convidados.<\/p>\n<p>O Museu de Hist\u00f3ria Natural de Abu Dhabi, a maior institui\u00e7\u00e3o do g\u00eanero no Oriente M\u00e9dio, tem um foco especial na hist\u00f3ria natural dos Emirados e da regi\u00e3o em geral. As galerias levam os visitantes de volta no tempo para sete milh\u00f5es de anos atr\u00e1s, quando o clima \u00e1rabe era muito diferente, dando vida a uma paisagem verde e exuberante de savana vagando por animais agora extintos, incluindo um Elephant gigante com quatro presas, que tamb\u00e9m est\u00e1 em exibi\u00e7\u00e3o para os visitantes descobrirem.<\/p>\n<p>As galerias apresentam exposi\u00e7\u00f5es extraordin\u00e1rias que d\u00e3o vida \u00e0s maiores hist\u00f3rias da natureza, incluindo vislumbres inspiradores da era dos dinossauros. A primeira exibi\u00e7\u00e3o do mundo de um rebanho de dinossauros saur\u00f3podes pode ser encontrada no \u00e1trio do museu, com cinco esp\u00e9cies diferentes desses gigantes de pesco\u00e7o comprido em p\u00e9 majestosamente para cumprimentar os visitantes ao entrar. Mais fundo nas galerias, outra novidade mundial aguarda: uma exibi\u00e7\u00e3o com Tiranossauros rexes trancados em batalha pela carca\u00e7a de um Tricer\u00e1topo, que \u00e9 a primeira vez que dois f\u00f3sseis de T. rexes s\u00e3o exibidos em uma cena t\u00e3o din\u00e2mica.<\/p>\n<p>O Museu de Hist\u00f3ria Natural de Abu Dhabi se junta a uma crescente comunidade de institui\u00e7\u00f5es de classe mundial na Ilha Saadiyat, incluindo o Louvre Abu Dhabi, o teamLab Phenomena Abu Dhabi e o pr\u00f3ximo Museu Nacional Zayed e o Guggenheim Abu Dhabi. Juntas, essas institui\u00e7\u00f5es definem o Distrito Cultural de Saadiyat como um destino global de cultura, criatividade e interc\u00e2mbio interdisciplinar, um lugar onde arte, ci\u00eancia e patrim\u00f4nio s\u00e3o reunidos para moldar as gera\u00e7\u00f5es futuras.<\/p>\n<p>Reserve j\u00e1 os seus bilhetes para o Museu de Hist\u00f3ria Natural de Abu Dhabi em <u><a href=\"https:\/\/www.nhmad.ae\/en?gad_source=1&amp;gad_campaignid=22983466240&amp;gbraid=0AAAAADl2Ym34EkC6bQPoyfSkNxLvrfO1R&amp;gclid=Cj0KCQiAiKzIBhCOARIsAKpKLANBh7PdMt_O6_--WJXB8uVmAdblhYIKe-E7vx5Ultvo1_tiI6MlLS0aAtVkEALw_wcB\" target=\"_blank\" rel=\"nofollow\">nhmad.ae <\/a><\/u><\/p>\n<p><b> Sobre o Departamento de Cultura e Turismo &#8211; Abu Dhabi:<\/b><\/p>\n<p>O Departamento de Cultura e Turismo &#8211; Abu Dhabi (DCT Abu Dhabi) impulsiona o crescimento sustent\u00e1vel dos setores de cultura e turismo de Abu Dhabi e suas ind\u00fastrias criativas, impulsionando o progresso econ\u00f4mico e ajudando a alcan\u00e7ar as ambi\u00e7\u00f5es globais mais amplas de Abu Dhabi.<\/p>\n<p>Ao trabalhar em parceria com as organiza\u00e7\u00f5es que definem a posi\u00e7\u00e3o do emirado como um destino internacional de destaque, o DCT Abu Dhabi se esfor\u00e7a para unir o ecossistema em torno de uma vis\u00e3o compartilhada do potencial do emirado, coordenar esfor\u00e7os e investimentos, oferecer solu\u00e7\u00f5es inovadoras e utilizar as melhores ferramentas, pol\u00edticas e sistemas para apoiar os setores de cultura e turismo.<\/p>\n<p>A vis\u00e3o do DCT Abu Dhabi \u00e9 definida pelo povo, patrim\u00f4nio e paisagem do emirado. Trabalhamos para melhorar o status de Abu Dhabi como um lugar de autenticidade, inova\u00e7\u00e3o e experi\u00eancias incompar\u00e1veis, representadas por suas tradi\u00e7\u00f5es vivas de hospitalidade, iniciativas pioneiras e pensamento criativo.<\/p>\n<p>Para obter mais informa\u00e7\u00f5es sobre o Departamento de Cultura e Turismo &#8211; Abu Dhabi e o destino, acesse: <a href=\"http:\/\/dct.gov.ae\/\" target=\"_blank\" rel=\"nofollow\"> dct.gov.ae<\/a> e <a href=\"http:\/\/www.visitabudhabi.ae\/\" target=\"_blank\" rel=\"nofollow\"> visitabudhabi.ae\/<\/a> <\/p>\n<p>Foto &#8211; <a href=\"https:\/\/mma.prnewswire.com\/media\/2829085\/Experience_Abu_Dhabi_1.jpg?p=original\" target=\"_blank\" rel=\"nofollow\"> https:\/\/mma.prnewswire.com\/media\/2829085\/Experience_Abu_Dhabi_1.jpg<\/a><br \/>Foto &#8211; <a href=\"https:\/\/mma.prnewswire.com\/media\/2829086\/Experience_Abu_Dhabi_2.jpg?p=original\" target=\"_blank\" rel=\"nofollow\"> https:\/\/mma.prnewswire.com\/media\/2829086\/Experience_Abu_Dhabi_2.jpg<\/a><br \/>Foto &#8211; <a href=\"https:\/\/mma.prnewswire.com\/media\/2829087\/Experience_Abu_Dhabi_3.jpg\" target=\"_blank\" rel=\"nofollow\"> https:\/\/mma.prnewswire.com\/media\/2829087\/Experience_Abu_Dhabi_3.jpg<\/a><\/p>\n<div id=\"prni_dvprnejpg5152left\" dir=\"ltr\" style=\"width: 100%;text-align: left\"><img decoding=\"async\" id=\"prnejpg5152left\" title=\"As superestrelas de Bollywood Shah Rukh Khan e Salman Khan participam da abertura VIP do Museu de Hist\u00f3ria Natural de Abu Dhabi\" src=\"https:\/\/mma.prnewswire.com\/media\/2829086\/Experience_Abu_Dhabi_2.jpg\" alt=\"As superestrelas de Bollywood Shah Rukh Khan e Salman Khan participam da abertura VIP do Museu de Hist\u00f3ria Natural de Abu Dhabi\" align=\"middle\" \/><\/div>\n<div id=\"prni_dvprnejpgb1c9left\" dir=\"ltr\" style=\"width: 100%;text-align: left\"><img decoding=\"async\" id=\"prnejpgb1c9left\" title=\"As superestrelas de Bollywood Shah Rukh Khan e Salman Khan participam da abertura VIP do Museu de Hist\u00f3ria Natural de Abu Dhabi\" src=\"https:\/\/mma.prnewswire.com\/media\/2829087\/Experience_Abu_Dhabi_3.jpg\" alt=\"As superestrelas de Bollywood Shah Rukh Khan e Salman Khan participam da abertura VIP do Museu de Hist\u00f3ria Natural de Abu Dhabi\" align=\"middle\" \/><\/div>\n<p id=\"PURL\"><img loading=\"lazy\" decoding=\"async\" title=\"Cision\" width=\"12\" height=\"12\" alt=\"Cision\" src=\"https:\/\/edge.prnewswire.com\/c\/img\/favicon.png?sn=PT30226&amp;sd=2025-11-20\" \/> View original content:<a id=\"PRNURL\" rel=\"nofollow\" href=\"https:\/\/www.prnewswire.com\/br\/comunicados-para-a-imprensa\/os-astros-de-bollywood-shah-rukh-khan-e-salman-khan-participam-da-inauguracao-vip-do-museu-de-historia-natural-de-abu-dhabi-302622453.html\" target=\"_blank\">https:\/\/www.prnewswire.com\/br\/comunicados-para-a-imprensa\/os-astros-de-bollywood-shah-rukh-khan-e-salman-khan-participam-da-inauguracao-vip-do-museu-de-historia-natural-de-abu-dhabi-302622453.html<\/a><\/p>\n<p>FONTE Department of Culture and Tourism &#8211; Abu Dhabi; Experience Abu Dhabi<\/p>\n<\/div>\n<p>  <img decoding=\"async\" alt=\"\" src=\"https:\/\/rt.prnewswire.com\/rt.gif?NewsItemId=PT30226&amp;Transmission_Id=202511201730PR_NEWS_LATAM____PT30226&amp;DateId=20251120\" style=\"border:0px;width:1px;height:1px\" \/><\/p>\n<p><strong>T\u00f3picos Relacionados:<\/strong> Viagens, Arte, Cultura e Design, Parques de Divers\u00f5es e Atra\u00e7\u00f5es Tur\u00edsticas, Entretenimento<\/p>\n<p>A <b>OESP<\/b> n\u00e3o \u00e9(s\u00e3o) respons\u00e1vel(is) por erros, incorre\u00e7\u00f5es, atrasos ou quaisquer decis\u00f5es tomadas por seus clientes com base nos Conte\u00fados ora disponibilizados, bem como tais Conte\u00fados n\u00e3o representam a opini\u00e3o da <b>OESP<\/b> e s\u00e3o de inteira responsabilidade da <b>PR Newswire Ltda<\/b><\/p>\n","protected":false},"excerpt":{"rendered":"As celebridades favoritas dos f\u00e3s foram vistas em turn\u00ea pelo mais novo marco cultural de Abu Dhabi antes de sua inaugura\u00e7\u00e3o ABU DHABI, Emirados \u00c1rabes Unidos, 20 de novembro de 2025 \/PRNewswire\/","protected":false},"author":1,"featured_media":119835,"comment_status":"open","ping_status":"closed","sticky":false,"template":"","format":"standard","meta":{"_acf_changed":false,"inline_featured_image":false,"_monsterinsights_skip_tracking":false,"_monsterinsights_sitenote_active":false,"_monsterinsights_sitenote_note":"","_monsterinsights_sitenote_category":0,"footnotes":""},"categories":[27],"tags":[4831],"class_list":["post-119834","post","type-post","status-publish","format-standard","has-post-thumbnail","hentry","category-prnewswire","tag-as-celebridades-favoritas-dos-fas-foram-vistas-em-turne-pelo-mais-novo-marco-cultural-de-abu-dhabi-antes-de-sua-inauguracao"],"acf":[],"_links":{"self":[{"href":"https:\/\/bluestudio.estadao.com.br\/agencia-de-comunicacao\/wp-json\/wp\/v2\/posts\/119834","targetHints":{"allow":["GET"]}}],"collection":[{"href":"https:\/\/bluestudio.estadao.com.br\/agencia-de-comunicacao\/wp-json\/wp\/v2\/posts"}],"about":[{"href":"https:\/\/bluestudio.estadao.com.br\/agencia-de-comunicacao\/wp-json\/wp\/v2\/types\/post"}],"author":[{"embeddable":true,"href":"https:\/\/bluestudio.estadao.com.br\/agencia-de-comunicacao\/wp-json\/wp\/v2\/users\/1"}],"replies":[{"embeddable":true,"href":"https:\/\/bluestudio.estadao.com.br\/agencia-de-comunicacao\/wp-json\/wp\/v2\/comments?post=119834"}],"version-history":[{"count":0,"href":"https:\/\/bluestudio.estadao.com.br\/agencia-de-comunicacao\/wp-json\/wp\/v2\/posts\/119834\/revisions"}],"wp:featuredmedia":[{"embeddable":true,"href":"https:\/\/bluestudio.estadao.com.br\/agencia-de-comunicacao\/wp-json\/wp\/v2\/media\/119835"}],"wp:attachment":[{"href":"https:\/\/bluestudio.estadao.com.br\/agencia-de-comunicacao\/wp-json\/wp\/v2\/media?parent=119834"}],"wp:term":[{"taxonomy":"category","embeddable":true,"href":"https:\/\/bluestudio.estadao.com.br\/agencia-de-comunicacao\/wp-json\/wp\/v2\/categories?post=119834"},{"taxonomy":"post_tag","embeddable":true,"href":"https:\/\/bluestudio.estadao.com.br\/agencia-de-comunicacao\/wp-json\/wp\/v2\/tags?post=119834"}],"curies":[{"name":"wp","href":"https:\/\/api.w.org\/{rel}","templated":true}]}}