{"id":119653,"date":"2025-11-18T10:20:00","date_gmt":"2025-11-18T13:20:00","guid":{"rendered":"https:\/\/bluestudio.estadao.com.br\/agencia-de-comunicacao\/saftec-digital\/a-trajetoria-de-valderci-malagosini-machado-e-o-impacto-da-engenharia-civil-no-desenvolvimento-do-setor-de-artefatos-de-cimento-no-brasil\/"},"modified":"2025-11-18T10:20:00","modified_gmt":"2025-11-18T13:20:00","slug":"a-trajetoria-de-valderci-malagosini-machado-e-o-impacto-da-engenharia-civil-no-desenvolvimento-do-setor-de-artefatos-de-cimento-no-brasil","status":"publish","type":"post","link":"https:\/\/bluestudio.estadao.com.br\/agencia-de-comunicacao\/saftec-digital\/a-trajetoria-de-valderci-malagosini-machado-e-o-impacto-da-engenharia-civil-no-desenvolvimento-do-setor-de-artefatos-de-cimento-no-brasil\/","title":{"rendered":"A trajet\u00f3ria de Valderci Malagosini Machado e o impacto da engenharia civil no desenvolvimento do setor de artefatos de cimento no Brasil"},"content":{"rendered":"<p><b>Da inf\u00e2ncia na lavoura \u00e0 lideran\u00e7a t\u00e9cnica na ind\u00fastria e no poder p\u00fablico, uma hist\u00f3ria marcada por trabalho, engenharia e desenvolvimento urbano.<\/b><\/p>\n<p>Valderci Malagosini Machado, Engenheiro Civil e Diretor T\u00e9cnico, construiu uma trajet\u00f3ria que representa a for\u00e7a transformadora da engenharia no desenvolvimento urbano e na moderniza\u00e7\u00e3o da constru\u00e7\u00e3o civil brasileira. Nascido em 1967 em Alvinl\u00e2ndia (SP), iniciou sua vida profissional aos oito anos de idade na lavoura de caf\u00e9, experi\u00eancia que moldou seu senso de disciplina, resili\u00eancia e dedica\u00e7\u00e3o, caracter\u00edsticas que mais tarde definiriam seu caminho como empres\u00e1rio, gestor p\u00fablico e especialista em estruturas e artefatos de cimento.<\/p>\n<p><b>Da inf\u00e2ncia na zona rural \u00e0 constru\u00e7\u00e3o de uma carreira t\u00e9cnica s\u00f3lida<\/b><\/p>\n<p>A mudan\u00e7a da fam\u00edlia para a Zona Sul de S\u00e3o Paulo, quando Valderci Malagosini Machado tinha 16 anos, marcou o in\u00edcio de uma jornada urbana que ampliaria sua vis\u00e3o sobre desigualdade, habita\u00e7\u00e3o, infraestrutura e planejamento territorial. J\u00e1 na juventude, acumulou experi\u00eancias que revelavam seu esp\u00edrito empreendedor: foi office boy em 1984 e, aos 18 anos, fundou sua primeira empresa, a Marcosval Terraplanagem, iniciativa precoce que antecipou seu futuro como l\u00edder empresarial.<br \/>\nSua forma\u00e7\u00e3o em Engenharia Civil pela Faculdade de Engenharia S\u00e3o Paulo, conclu\u00edda em 1994, abriu caminho para especializa\u00e7\u00f5es em estruturas planas, lajes e alvenaria estrutural, \u00e1reas que se tornariam a base t\u00e9cnica de toda a sua atua\u00e7\u00e3o profissional.<\/p>\n<p><b>Lideran\u00e7a na ind\u00fastria: inova\u00e7\u00e3o em blocos de concreto, lajes treli\u00e7adas e pain\u00e9is estruturais<\/b><\/p>\n<p>Ao longo de sua carreira, Valderci Malagosini Machado consolidou-se como refer\u00eancia na fabrica\u00e7\u00e3o de artefatos de cimento, segmento que impulsiona a moderniza\u00e7\u00e3o dos sistemas construtivos no pa\u00eds. \u00c0 frente de empresas como Lajes Itaim e Malagosini Empreendimentos, atuou diretamente na produ\u00e7\u00e3o e evolu\u00e7\u00e3o de solu\u00e7\u00f5es como:<br \/>\n&#8211; Blocos de concreto para veda\u00e7\u00e3o<br \/>\n&#8211; Blocos de concreto de alta resist\u00eancia para alvenaria estrutural<br \/>\n&#8211; Paver para pisos intertravados<br \/>\n&#8211; Lajes treli\u00e7adas e lajes nervuradas treli\u00e7adas<br \/>\n&#8211; Painel treli\u00e7ado e painel nervurado treli\u00e7ado- Mini-pain\u00e9is treli\u00e7ados<br \/>\n&#8211; Pain\u00e9is duplos para conten\u00e7\u00e3o e cortina de conten\u00e7\u00e3o<br \/>\nEssas tecnologias contribuem para obras mais r\u00e1pidas, eficientes e seguras, ao mesmo tempo em que ampliam o acesso \u00e0 constru\u00e7\u00e3o de qualidade por pequenas, m\u00e9dias e grandes empresas do setor.<\/p>\n<p><b>Atua\u00e7\u00e3o estrat\u00e9gica na constru\u00e7\u00e3o de edif\u00edcios e no desenvolvimento urbano<\/b><\/p>\n<p>Al\u00e9m da ind\u00fastria de artefatos de cimento, Valderci Malagosini Machado expandiu sua influ\u00eancia para a incorpora\u00e7\u00e3o e constru\u00e7\u00e3o de edif\u00edcios residenciais, trazendo ao mercado solu\u00e7\u00f5es estruturais que conciliam desempenho t\u00e9cnico, viabilidade econ\u00f4mica e padr\u00f5es elevados de qualidade.<br \/>\nSua vis\u00e3o sobre ocupa\u00e7\u00e3o urbana, habita\u00e7\u00e3o e modelos construtivos sustent\u00e1veis o levou a desempenhar papel relevante em projetos de impacto regional, especialmente em \u00e1reas sens\u00edveis como mananciais, onde planejamento detalhado e responsabilidade ambiental s\u00e3o fundamentais.<\/p>\n<p><b>Engenharia aplicada ao setor p\u00fablico: planejamento, habita\u00e7\u00e3o e gest\u00e3o territorial<\/b><\/p>\n<p>A experi\u00eancia de Valderci Malagosini Machado tamb\u00e9m inclui passagens importantes pelo servi\u00e7o p\u00fablico, onde exerceu fun\u00e7\u00f5es de grande responsabilidade. Como Secret\u00e1rio de Obras, Planejamento e Via\u00e7\u00e3o de Embu-Gua\u00e7u, liderou a reestrutura\u00e7\u00e3o da secretaria e coordenou propostas de Plano Diretor voltadas para moradia popular em \u00e1reas de prote\u00e7\u00e3o ambiental.<br \/>\nPosteriormente, atuou como Chefe de Gabinete e Subprefeito de Santo Amaro, al\u00e9m de Subprefeito da Capela do Socorro. Nesses cargos, lidou diretamente com demandas de infraestrutura, urbanismo, zeladoria, mobilidade e gest\u00e3o territorial, temas centrais para o desenvolvimento das grandes cidades brasileiras.<\/p>\n<p><b>Participa\u00e7\u00e3o decisiva em comit\u00eas de bacia e entidades empresariais<\/b><\/p>\n<p>Fora da esfera governamental, Valderci Malagosini Machado mant\u00e9m contribui\u00e7\u00e3o cont\u00ednua em entidades como:<br \/>\n&#8211; AESUL  &#8211;  Associa\u00e7\u00e3o Empresarial da Regi\u00e3o Sul<br \/>\n&#8211; SIMPROCIM  &#8211;  Sindicato da Ind\u00fastria de Artefatos de Cimento do Estado de S\u00e3o Paulo<br \/>\n&#8211; Comit\u00ea de Bacias Cotia\/Guarapiranga<br \/>\n&#8211; Comit\u00ea de Bacias do Alto Tiet\u00ea<br \/>\nSua atua\u00e7\u00e3o nesses espa\u00e7os fortalece a integra\u00e7\u00e3o entre sociedade civil, setor produtivo e poder p\u00fablico, especialmente em temas ligados \u00e0 \u00e1gua, meio ambiente, mananciais e desenvolvimento urbano, \u00e1reas fundamentais para a engenharia contempor\u00e2nea.<\/p>\n<p><b>Uma trajet\u00f3ria que conecta t\u00e9cnica, gest\u00e3o e desenvolvimento urbano<\/b><\/p>\n<p>A hist\u00f3ria de Valderci Malagosini Machado demonstra como a engenharia civil pode transformar cidades, impulsionar setores produtivos e contribuir para pol\u00edticas p\u00fablicas mais eficientes. Sua trajet\u00f3ria combina conhecimento t\u00e9cnico, experi\u00eancia empresarial e servi\u00e7o p\u00fablico, elementos essenciais para enfrentar os desafios urbanos do Brasil.<br \/>\nDa inf\u00e2ncia na ro\u00e7a ao protagonismo na ind\u00fastria de artefatos de cimento, passando pela gest\u00e3o em subprefeituras estrat\u00e9gicas de S\u00e3o Paulo, sua atua\u00e7\u00e3o refor\u00e7a a import\u00e2ncia da engenharia como instrumento de desenvolvimento econ\u00f4mico, social e ambiental.<\/p>\n<p>A <b>OESP<\/b> n\u00e3o \u00e9(s\u00e3o) respons\u00e1vel(is) por erros, incorre\u00e7\u00f5es, atrasos ou quaisquer decis\u00f5es tomadas por seus clientes com base nos Conte\u00fados ora disponibilizados, bem como tais Conte\u00fados n\u00e3o representam a opini\u00e3o da <b>OESP<\/b> e s\u00e3o de inteira responsabilidade da <b>Ag\u00eancia Saftec<\/b><\/p>\n","protected":false},"excerpt":{"rendered":"Da inf\u00e2ncia na lavoura \u00e0 lideran\u00e7a t\u00e9cnica na ind\u00fastria e no poder p\u00fablico, uma hist\u00f3ria marcada por trabalho, engenharia e desenvolvimento urbano. Valderci Malagosini Machado, Engenheiro Civil","protected":false},"author":1,"featured_media":119654,"comment_status":"open","ping_status":"closed","sticky":false,"template":"","format":"standard","meta":{"_acf_changed":false,"inline_featured_image":false,"_monsterinsights_skip_tracking":false,"_monsterinsights_sitenote_active":false,"_monsterinsights_sitenote_note":"","_monsterinsights_sitenote_category":0,"footnotes":""},"categories":[525],"tags":[],"class_list":["post-119653","post","type-post","status-publish","format-standard","has-post-thumbnail","hentry","category-saftec-digital"],"acf":[],"_links":{"self":[{"href":"https:\/\/bluestudio.estadao.com.br\/agencia-de-comunicacao\/wp-json\/wp\/v2\/posts\/119653","targetHints":{"allow":["GET"]}}],"collection":[{"href":"https:\/\/bluestudio.estadao.com.br\/agencia-de-comunicacao\/wp-json\/wp\/v2\/posts"}],"about":[{"href":"https:\/\/bluestudio.estadao.com.br\/agencia-de-comunicacao\/wp-json\/wp\/v2\/types\/post"}],"author":[{"embeddable":true,"href":"https:\/\/bluestudio.estadao.com.br\/agencia-de-comunicacao\/wp-json\/wp\/v2\/users\/1"}],"replies":[{"embeddable":true,"href":"https:\/\/bluestudio.estadao.com.br\/agencia-de-comunicacao\/wp-json\/wp\/v2\/comments?post=119653"}],"version-history":[{"count":0,"href":"https:\/\/bluestudio.estadao.com.br\/agencia-de-comunicacao\/wp-json\/wp\/v2\/posts\/119653\/revisions"}],"wp:featuredmedia":[{"embeddable":true,"href":"https:\/\/bluestudio.estadao.com.br\/agencia-de-comunicacao\/wp-json\/wp\/v2\/media\/119654"}],"wp:attachment":[{"href":"https:\/\/bluestudio.estadao.com.br\/agencia-de-comunicacao\/wp-json\/wp\/v2\/media?parent=119653"}],"wp:term":[{"taxonomy":"category","embeddable":true,"href":"https:\/\/bluestudio.estadao.com.br\/agencia-de-comunicacao\/wp-json\/wp\/v2\/categories?post=119653"},{"taxonomy":"post_tag","embeddable":true,"href":"https:\/\/bluestudio.estadao.com.br\/agencia-de-comunicacao\/wp-json\/wp\/v2\/tags?post=119653"}],"curies":[{"name":"wp","href":"https:\/\/api.w.org\/{rel}","templated":true}]}}