{"id":119645,"date":"2025-11-18T04:12:00","date_gmt":"2025-11-18T07:12:00","guid":{"rendered":"https:\/\/bluestudio.estadao.com.br\/agencia-de-comunicacao\/releases\/releases-geral\/uma-inovacao-natural-na-protecao-de-cereais-e-culturas-agricolas\/"},"modified":"2025-11-18T04:12:00","modified_gmt":"2025-11-18T07:12:00","slug":"uma-inovacao-natural-na-protecao-de-cereais-e-culturas-agricolas","status":"publish","type":"post","link":"https:\/\/bluestudio.estadao.com.br\/agencia-de-comunicacao\/releases\/releases-geral\/uma-inovacao-natural-na-protecao-de-cereais-e-culturas-agricolas\/","title":{"rendered":"Uma inova\u00e7\u00e3o natural na prote\u00e7\u00e3o de cereais e culturas agr\u00edcolas"},"content":{"rendered":"<p align=\"justify\">Basileia, Su\u00ed\u00e7a Chassieu, Fran\u00e7a, Nov.  18, 2025  (GLOBE NEWSWIRE) &#8212; <strong>Uma inova\u00e7\u00e3o natural na prote\u00e7\u00e3o de cereais e culturas agr\u00edcolas<\/strong><\/p>\n<p align=\"justify\"><strong>Syngenta e Amo\u00e9ba SA v\u00e3o desenvolver e comercializar solu\u00e7\u00f5es de biocontrolo na UE e no Reino Unido<\/strong><\/p>\n<p align=\"justify\">As amebas, microrganismos unicelulares, est\u00e3o hoje no centro de uma das mais recentes inova\u00e7\u00f5es biol\u00f3gicas aplicadas \u00e0 agricultura : um biofungicida capaz de proteger o trigo e outros cereais contra doen\u00e7as f\u00fangicas devastadoras, respons\u00e1veis de perdas anuais de milhares de milh\u00f5es de d\u00f3lares em quebras de produ\u00e7\u00e3o e redu\u00e7\u00e3o da qualidade das colheitas.<\/p>\n<p align=\"justify\">Este novo produto, fabricado a partir do lisado da ameba Willaertia magna C2c Maky, apresenta um forte potencial para fazer evoluir a prote\u00e7\u00e3o biol\u00f3gica das culturas. Durante os ensaois realizados, a solu\u00e7\u00e3o demonstrou efic\u00e1cia contra os fungos causadores dessas doen\u00e7as e mostrou capacidade para ativar os mecanismos naturais de defesa das plantas. Trata-se de uma solu\u00e7\u00e3o biol\u00f3gica de nova gera\u00e7\u00e3o, desenvolvida a partir de uma subst\u00e2ncia ativa natural e concebida para se integrar plenamente na gest\u00e3o agr\u00edcola moderna.<\/p>\n<p align=\"justify\">Syngenta Crop Protection, l\u00edder mundial em biocontrolo e tecnologias inovadoras de prote\u00e7\u00e3o das culturas, e Amo\u00e9ba SA, uma greentech francesa de refer\u00eancia, assinaram um Memorando de Entendimento para desenvolver e comercializar solu\u00e7\u00f5es inovadoras de biocontrolo destinadas aos mercados da Uni\u00e3o Europeia e do Reino Unido, com prioridade para os cereais e as grandes culturas. As duas empresas tencionam concluir um acordo de distribui\u00e7\u00e3o definitivo at\u00e9 \u00e0 primavera de 2026.<br \/>Este acordo estrat\u00e9gico pretende oferecer aos agricultores uma nova gera\u00e7\u00e3o de solu\u00e7\u00f5es biol\u00f3gicas que reforcem a sustentabilidade das pr\u00e1ticas agr\u00edcolas, respondam ao desafio crescente da resist\u00eancia aos produtos convencionais, e contribuem para facilitar o trabalho dos agricultores, que disp\u00f5em de cada vez menos op\u00e7\u00f5es para proteger as suas culturas.<\/p>\n<p align=\"justify\">Numa primeira fase, o foco incidir\u00e1 no combate \u00e0s principais doen\u00e7as do trigo: a septoriose (STB) e a ferrugem amarela. Ambas est\u00e3o entre as doen\u00e7as mais prejudiciais econ\u00f3mica\u00admente para o trigo na Europa e no Reino Unido, afetando anualmente cerca de 9 a 12 milh\u00f5es de hectares. S\u00f3 na Alemanha, a STB provoca perdas de rendimento que variam entre 5% e 50% e representa um custo anual de 1,5 mil milh\u00f5es de euros, enquanto a ferrugem amarela pode reduzir a produ\u00e7\u00e3o em 10% a 70%, podendo mesmo destruir totalmente as colheitas das variedades suscet\u00edveis, segundo fontes industriais e acad\u00e9micas de refer\u00eancia.<\/p>\n<p align=\"justify\"><strong>Matthew Pickard, respons\u00e1vel Prote\u00e7\u00e3o de sementes e Produtos biol\u00f3gicos da Syngenta na Europa, afirma<\/strong>: \u00ab Na Syngenta, estamos empenhados em disponibilizar solu\u00e7\u00f5es biol\u00f3gicas de nova gera\u00e7\u00e3o, eficazes e alinhadas com os mais recentes avan\u00e7os cient\u00edficos. \u00c9 um orgulho colaborar com a Amo\u00e9ba para desenvolver solu\u00e7\u00f5es inspiradas na natureza que tragam verdadeiro valor aos agricultores destes mercados-chave. \u00bb<\/p>\n<p align=\"justify\">\u00ab Estamos muito satisfeitos desta colabora\u00e7\u00e3o com a Syngenta, l\u00edder mundial em inova\u00e7\u00e3o agr\u00edcola\u00bb, acrescentam <strong>Benoit Villers, Pr\u00e9sident do Conselho de administra\u00e7\u00e3o da Amo\u00e9ba, e Jean-Fran\u00e7ois Doucet, Diretor-geral da Amo\u00e9ba<\/strong>. \u00abEste acordo, que dever\u00e1 conduzir a parcerias de desenvolvimento e distribui\u00e7\u00e3o entre as duas empresas, representa uma etapa determinante para a Amo\u00e9ba. Permite-nos combinar a nossa experi\u00eancia cient\u00edfica com a reconhecida lideran\u00e7a da Syngenta na prote\u00e7\u00e3o dos cereais e no mercado do biocontrolo, abrindo caminho a aplica\u00e7\u00f5es mais amplas nas grandes culturas.\u00bb<\/p>\n<p align=\"justify\">Fundada em 2010, a Amo\u00e9ba desenvolveu uma solu\u00e7\u00e3o de biocontrolo patenteada baseada no lisado da amiba <em>Willaertia magna<\/em>, distinguida com a prestigiada Medalha de ouro Bernard Blum em outubro de 2025 como a solu\u00e7\u00e3o de biocontrolo mais promissora a n\u00edvel mundial. Em junho de 2025, a subst\u00e2ncia ativa recebeu aprova\u00e7\u00e3o da UE, ap\u00f3s avalia\u00e7\u00e3o cient\u00edfica da EFSA e decis\u00e3o da Comiss\u00e3o Europeia. As autoriza\u00e7\u00f5es espec\u00edficas de produto est\u00e3o atualmente em curso.<\/p>\n<table style=\"border-collapse: collapse;width:100%;border-collapse:collapse\">\n<tr>\n<td style=\"width:58.2979%;text-align: justify;vertical-align: middle;vertical-align: top\">Contatos com a imprensa<\/td>\n<td style=\"width:0.93617%;border-top: solid black 1pt;text-align: justify;vertical-align: middle;vertical-align: top\"> <\/td>\n<td style=\"width:0.595745%;text-align: justify;vertical-align: middle;vertical-align: top\"> <\/td>\n<td style=\"width:40.0851%;text-align: justify;vertical-align: middle;vertical-align: top\">Recursos da web<\/td>\n<\/tr>\n<tr>\n<td colspan=\"2\" style=\"width:59.234%;vertical-align: top\"><strong>Syngenta &#8211; Rela\u00e7\u00f5es com a Imprensa<\/strong><br \/><a href=\"mailto:media@syngentagroup.com\" rel=\"nofollow\" target=\"_blank\">media@syngentagroup.com<\/a><\/p>\n<p><strong>Amo\u00e9ba &#8211; Rela\u00e7\u00f5es com a Imprensa<\/strong><br \/>Pierre Jacquemin-Guillaume <br \/>Rela\u00e7\u00f5es com investidores<br \/><a href=\"mailto:amoeba@actus.fr\" rel=\"nofollow\" target=\"_blank\">amoeba@actus.fr<\/a><\/p>\n<p>Serena Boni<br \/>Imprensa financeira <br \/><a href=\"mailto:sboni@actus.fr\" rel=\"nofollow\" target=\"_blank\">sboni@actus.fr<\/a><\/p>\n<p>La\u00ebtitia Pinto <br \/>Imprensa setor p\u00fablico geral <br \/><a href=\"mailto:pinto@droitdevant.fr\" rel=\"nofollow\" target=\"_blank\">pinto@droitdevant.fr<\/a><\/td>\n<td style=\"width:0.595745%;vertical-align: top\"> <\/td>\n<td style=\"width:40.0851%;vertical-align: top\"><a href=\"https:\/\/www.syngentagroup.com\/media\/media-library\/\" rel=\"nofollow\" target=\"_blank\">Recursos com<\/a> a empressa<\/td>\n<\/tr>\n<\/table>\n<p align=\"justify\"><strong>Sobre a Syngenta <\/strong><\/p>\n<p align=\"justify\">A Syngenta \u00e9 uma empresa l\u00edder mundial em inova\u00e7\u00e3o agr\u00edcola, presente em mais de 90 pa\u00edses. A sua miss\u00e3o \u00e9 desenvolver tecnologias e pr\u00e1ticas que permitam aos agricultores produzir alimentos para uma popula\u00e7\u00e3o mundial crescente, protegendo simultaneamente o planeta. As suas descobertas cient\u00edficas proporcionam benef\u00edcios in\u00e9ditos aos agricultores e \u00e0 sociedade, numa escala nunca antes vista. Guiada pelas suas <a href=\"https:\/\/www.globenewswire.com\/Tracker?data=0skcXIwZBNUX51Y_ZAnAgvrgqpOdS1RMubDLcXxT-repP-PDMrB3sW1bWpPq4x4V7g9-J5-y6Z5irhrDq5vUGDvMrsZehdn7K-eaVPgdX-18qAEnJ9HFizQK2_qQy4oTXIKVXa76Zn2JBbwf0DVYsw==\" rel=\"nofollow\" target=\"_blank\">prioridades de sustentabilidade <\/a>, Syngenta desenvolve solu\u00e7\u00f5es que ajudam a cultivar plantas mais saud\u00e1veis em solos mais resilientes e com maior produtividade. A Syngenta Crop Protection est\u00e1 sediada em Basileia, Su\u00ed\u00e7a, enquanto a Syngenta Seeds tem sede nos Estados Unidos. Acompanhe as nossas <a href=\"https:\/\/www.globenewswire.com\/Tracker?data=rVC0nrCYDY_4vdQ1k-Z8L1XcslAcGEBUMxUtMTPlgs8a-gLwOeYzRNFwGNbEwk_hNyAvXxwKcGxnIucEf0XSltOu913J2ZFWcXrhG5oDrspYfSobQxv6yVYIBvMs2MnxEjNDl8jppNMjcA6zD_3Gbw==\" rel=\"nofollow\" target=\"_blank\">hist\u00f3rias<\/a> no <a href=\"https:\/\/www.globenewswire.com\/Tracker?data=k2B9zQK7etruzN8_J68uAQj5ZD89qwjkNt4TMoMHnk2kY6vxMQ_RjQeiqj6hj7eN5HlpWWv150BILPkK2n5LEVYNh-16gsc-E3VUfMy_ntU=\" rel=\"nofollow\" target=\"_blank\">LinkedIn<\/a>, <a href=\"https:\/\/www.globenewswire.com\/Tracker?data=j-5KJLxKLJj357nLD09Vjb-OwZvB-s2tjp0vd8rDIpHTrCJAsXTwVfD2wuqsRzjNexGbrBin5rsGrDCe5QYCgcNnz8Rlil9nAKMsXoj-B98=\" rel=\"nofollow\" target=\"_blank\">Instagram<\/a> e <a href=\"https:\/\/www.globenewswire.com\/Tracker?data=tq_YinGbhl_4F7yokKFuv1t9jTVAjKuhIRyoh8R8PvEa_DlW_T8-lDs21FbBdTj_w21QFfkkdz2x_A5fGYgjWw==\" rel=\"nofollow\" target=\"_blank\">X<\/a>.<\/p>\n<p><strong>Sobre a Amo\u00e9ba<\/strong><\/p>\n<p align=\"justify\">Fundada em 2010, a Amo\u00e9ba \u00e9 uma empresa de tecnologia verde sediada em Chassieu (Lyon, Fran\u00e7a) que tem como objetivo tornar-se um dos principais intervenientes no tratamento do risco microbiol\u00f3gico atrav\u00e9s da explora\u00e7\u00e3o patenteada de amebas nos setores da prote\u00e7\u00e3o de plantas e dos cosm\u00e9ticos.<\/p>\n<p align=\"justify\">Com uma experi\u00eancia \u00fanica no mundo, protegido por in\u00fameras patentes, a Amo\u00e9ba \u00e9 hoje a \u00fanica empresa capaz de explorar em escala industrial todo o potencial da ameba Willaertia e cultiv\u00e1-la em volumes suficientes para oferecer solu\u00e7\u00f5es biol\u00f3gicas que constituem uma alternativa vi\u00e1vel aos produtos qu\u00edmicos amplamente utilizados atualmente. A Amo\u00e9ba concentra-se atualmente no mercado mundial de biocontrolo para a prote\u00e7\u00e3o de plantas e no mercado de cosm\u00e9ticos. Uma vez que a comercializa\u00e7\u00e3o de produtos fitossanit\u00e1rios est\u00e1 sujeita \u00e0 obten\u00e7\u00e3o de autoriza\u00e7\u00f5es regulamentares locais, a empresa obteve a autoriza\u00e7\u00e3o de comercializa\u00e7\u00e3o nos Estados Unidos e os tr\u00e2mites regulamentares necess\u00e1rios est\u00e3o em curso em v\u00e1rios pa\u00edses da Europa. No que diz respeito \u00e0 subst\u00e2ncia ativa, ela j\u00e1 obteve em 2022 a aprova\u00e7\u00e3o nos EUA e o relat\u00f3rio positivo e definitivo da EFSA na Europa em junho de 2025. As autoriza\u00e7\u00f5es de comercializa\u00e7\u00e3o foram concedidas nos Estados Unidos e s\u00e3o esperadas nos pr\u00f3ximos meses na Europa.<\/p>\n<p align=\"justify\">No que diz respeito \u00e0 aplica\u00e7\u00e3o cosm\u00e9tica, esta \u00faltima n\u00e3o requer aprova\u00e7\u00e3o pr\u00e9via de uma autoridade competente na Europa e nos Estados Unidos. O ingrediente cosm\u00e9tico j\u00e1 est\u00e1 inscrito na lista INCI (International Nomenclature of Cosmetic Ingredients), abrindo caminho para a sua comercializa\u00e7\u00e3o em todo o mundo, exceto na China, onde \u00e9 necess\u00e1ria uma homologa\u00e7\u00e3o local.<\/p>\n<p align=\"justify\">A Amo\u00e9ba est\u00e1 cotada na Euronext Growth (ALMIB), integra a rede Bpifrance Excellence e \u00e9 eleg\u00edvel para o regime PEA-PME.<\/p>\n<p align=\"justify\">Mais informa\u00e7\u00f5es em <a href=\"https:\/\/www.globenewswire.com\/Tracker?data=zIphZOQAq581x20ctkMlCSjmgMFdvknN08358N0y9SPFZRwJSYir45ucCtrR8TI__I4mwcBrOykN3MN71-Y8K1QSzs6eyjIAy289-TT9reA=\" rel=\"nofollow\" target=\"_blank\">www.amoeba-nature.com<\/a><\/p>\n<p align=\"justify\">A prote\u00e7\u00e3o de dados \u00e9 importante para n\u00f3s. Recebe esta publica\u00e7\u00e3o com base jur\u00eddica no artigo 6.\u00ba, n.\u00ba 1, al\u00ednea f) do RGPD (\u00abinteresse leg\u00edtimo\u00bb). No entanto, se n\u00e3o desejar continuar a receber informa\u00e7\u00f5es sobre a Syngenta, basta enviar-nos uma breve <a href=\"https:\/\/www.globenewswire.com\/Tracker?data=geuHBNYvHTfF6UDosqcyN7of5VB5VA52qZdZLiGjNi1-k_gsoaTbaEWlFKg7A7Jo8CvqC9BaV4aIo58cBTFKX3-QoNeOmWsYBuskmlvcLSd41dvjkbJslX4I8_J6dAUu\" rel=\"nofollow\" target=\"_blank\">mensagem informal<\/a> e deixaremos de tratar os seus dados para esse fim. Encontrar\u00e1 mais informa\u00e7\u00f5es na nossa <a href=\"https:\/\/www.globenewswire.com\/Tracker?data=QMIGbF0A6RgIOCikxPRP-zfki1jAI2BnjGJO9IRApY1OpSDQ59pUl9ANWdrW5vQsLkGjjmbUkK3aZS5aw8aedkcSY7i7h1wqcmYqsMUpLOs=\" rel=\"nofollow\" target=\"_blank\">declara\u00e7\u00e3o de privacidade.<\/a><\/p>\n<p align=\"justify\"><strong>Aviso da Syngenta sobre declara\u00e7\u00f5es prospectivas<\/strong><\/p>\n<p align=\"justify\">Este documento pode conter declara\u00e7\u00f5es prospectivas, que podem ser identificadas por termos como \u00abesperar\u00bb, \u00abpoder\u00bb, \u00abser\u00e1\u00bb, \u00abpotencial\u00bb, \u00abprever\u00bb, \u00abperspetivas\u00bb, \u00abestimado\u00bb, \u00abvisar\u00bb, \u00abno bom caminho\u00bb e outras express\u00f5es semelhantes. Essas declara\u00e7\u00f5es podem estar sujeitas a riscos e incertezas que podem fazer com que os resultados reais difiram significativamente dessas declara\u00e7\u00f5es. Para a Syngenta, esses riscos e incertezas incluem riscos relacionados a processos judiciais, aprova\u00e7\u00f5es regulat\u00f3rias, desenvolvimento de novos produtos, aumento da concorr\u00eancia, risco de cr\u00e9dito do cliente, condi\u00e7\u00f5es econ\u00f4micas e de mercado gerais, conformidade e remedia\u00e7\u00e3o, direitos de propriedade intelectual, implementa\u00e7\u00e3o de mudan\u00e7as organizacionais, deprecia\u00e7\u00e3o de ativos intang\u00edveis, percep\u00e7\u00e3o dos consumidores sobre culturas e organismos geneticamente modificados ou produtos qu\u00edmicos de prote\u00e7\u00e3o de culturas, varia\u00e7\u00f5es clim\u00e1ticas, flutua\u00e7\u00f5es nas taxas de c\u00e2mbio e\/ou pre\u00e7os de mat\u00e9rias-primas, acordos de fornecimento de fonte \u00fanica, incerteza pol\u00edtica, cat\u00e1strofes naturais e viola\u00e7\u00f5es de seguran\u00e7a de dados ou outras perturba\u00e7\u00f5es das tecnologias da informa\u00e7\u00e3o. A Syngenta n\u00e3o assume qualquer obriga\u00e7\u00e3o de atualizar as declara\u00e7\u00f5es prospectivas para refletir os resultados reais, altera\u00e7\u00f5es nas hip\u00f3teses ou outros fatores.<\/p>\n<p align=\"justify\">\u00a92025 Syngenta. Rosentalstrasse 67, 4058 Basileia, Su\u00ed\u00e7a.<\/p>\n<p> <img decoding=\"async\" alt=\"\" class=\"__GNW8366DE3E__IMG\" src=\"https:\/\/www.globenewswire.com\/newsroom\/ti?nf=OTU3NzM0NiM3MjY4OTU0IzIwMTk3NzQ=\" \/> <br \/><img decoding=\"async\" alt=\"\" src=\"https:\/\/ml.globenewswire.com\/media\/ZGI5OTNmMjMtYTRkMi00ODQ2LTk3OTctZmMxN2QzMzU3ZTRiLTEwMzEzNDYtMjAyNS0xMS0xOC1lbg==\/tiny\/Amoeba.png\" \/><br \/>\n<a href=\"https:\/\/www.globenewswire.com\/NewsRoom\/AttachmentNg\/985ab0c6-9eec-41ac-8124-96a1ba3282b6\"><img loading=\"lazy\" decoding=\"async\" src=\"https:\/\/ml.globenewswire.com\/media\/985ab0c6-9eec-41ac-8124-96a1ba3282b6\/small\/amoeba-png.png\" border=\"0\" width=\"150\" height=\"92\" alt=\"Primary Logo\" \/><\/a><\/p>\n<p>A <b>OESP<\/b> nao e(sao) responsavel(is) por erros, incorrecoes, atrasos ou quaisquer decisoes tomadas por seus clientes com base nos Conteudos ora disponibilizados, bem como tais Conteudos nao representam a opiniao da <b>OESP<\/b> e sao de inteira responsabilidade da <b>GlobeNewswire<\/b><\/p>\n","protected":false},"excerpt":{"rendered":"Basileia, Su\u00ed\u00e7a Chassieu, Fran\u00e7a, Nov.  18, 2025  (GLOBE NEWSWIRE) &#8212; Uma inova\u00e7\u00e3o natural na prote\u00e7\u00e3o de cereais e culturas agr\u00edcolas\n  &lt;p align=&quot;just","protected":false},"author":1,"featured_media":0,"comment_status":"open","ping_status":"closed","sticky":false,"template":"","format":"standard","meta":{"_acf_changed":false,"inline_featured_image":false,"_monsterinsights_skip_tracking":false,"_monsterinsights_sitenote_active":false,"_monsterinsights_sitenote_note":"","_monsterinsights_sitenote_category":0,"footnotes":""},"categories":[34],"tags":[],"class_list":["post-119645","post","type-post","status-publish","format-standard","hentry","category-releases-geral"],"acf":[],"_links":{"self":[{"href":"https:\/\/bluestudio.estadao.com.br\/agencia-de-comunicacao\/wp-json\/wp\/v2\/posts\/119645","targetHints":{"allow":["GET"]}}],"collection":[{"href":"https:\/\/bluestudio.estadao.com.br\/agencia-de-comunicacao\/wp-json\/wp\/v2\/posts"}],"about":[{"href":"https:\/\/bluestudio.estadao.com.br\/agencia-de-comunicacao\/wp-json\/wp\/v2\/types\/post"}],"author":[{"embeddable":true,"href":"https:\/\/bluestudio.estadao.com.br\/agencia-de-comunicacao\/wp-json\/wp\/v2\/users\/1"}],"replies":[{"embeddable":true,"href":"https:\/\/bluestudio.estadao.com.br\/agencia-de-comunicacao\/wp-json\/wp\/v2\/comments?post=119645"}],"version-history":[{"count":0,"href":"https:\/\/bluestudio.estadao.com.br\/agencia-de-comunicacao\/wp-json\/wp\/v2\/posts\/119645\/revisions"}],"wp:attachment":[{"href":"https:\/\/bluestudio.estadao.com.br\/agencia-de-comunicacao\/wp-json\/wp\/v2\/media?parent=119645"}],"wp:term":[{"taxonomy":"category","embeddable":true,"href":"https:\/\/bluestudio.estadao.com.br\/agencia-de-comunicacao\/wp-json\/wp\/v2\/categories?post=119645"},{"taxonomy":"post_tag","embeddable":true,"href":"https:\/\/bluestudio.estadao.com.br\/agencia-de-comunicacao\/wp-json\/wp\/v2\/tags?post=119645"}],"curies":[{"name":"wp","href":"https:\/\/api.w.org\/{rel}","templated":true}]}}