{"id":119572,"date":"2025-11-17T09:27:00","date_gmt":"2025-11-17T12:27:00","guid":{"rendered":"https:\/\/bluestudio.estadao.com.br\/agencia-de-comunicacao\/prnewswire\/bayer-promove-agenda-na-cop30-com-foco-em-agricultura-regenerativa-e-desenvolvimento-social\/"},"modified":"2025-11-17T09:27:00","modified_gmt":"2025-11-17T12:27:00","slug":"bayer-promove-agenda-na-cop30-com-foco-em-agricultura-regenerativa-e-desenvolvimento-social","status":"publish","type":"post","link":"https:\/\/bluestudio.estadao.com.br\/agencia-de-comunicacao\/prnewswire\/bayer-promove-agenda-na-cop30-com-foco-em-agricultura-regenerativa-e-desenvolvimento-social\/","title":{"rendered":"Bayer promove agenda na COP30 com foco em agricultura regenerativa e desenvolvimento social"},"content":{"rendered":"\n<div class=\"xn-content\">\n<p class=\"prntac\"><i>A multinacional restaurou, em Bel\u00e9m, um casar\u00e3o hist\u00f3rico que tem sediado um hub de inova\u00e7\u00e3o durante a Confer\u00eancia, al\u00e9m de firmar acordo com Honduras e Suriname para proteger florestas tropicais e apresentar inova\u00e7\u00f5es agr\u00edcolas no combate \u00e0s mudan\u00e7as clim\u00e1ticas<\/i>\n <\/p>\n<div class=\"PRN_ImbeddedAssetReference\" id=\"DivAssetPlaceHolder5254\">\n  <a href=\"https:\/\/mma.prnewswire.com\/media\/2824678\/Casa_Bayer.html\" target=\"_blank\" rel=\"nofollow\"> <img decoding=\"async\" src=\"https:\/\/mma.prnewswire.com\/media\/2824678\/Casa_Bayer.jpg\" title=\"A Bayer revitalizou im\u00f3vel hist\u00f3rico em Bel\u00e9m. Ap\u00f3s a COP30, espa\u00e7o acolher\u00e1 a\u00e7\u00f5es sociais e culturais para a comunidade. Empresa fornecer\u00e1 apoio financeiro para a manuten\u00e7\u00e3o do local durante um ano\" alt=\"A Bayer revitalizou im\u00f3vel hist\u00f3rico em Bel\u00e9m. Ap\u00f3s a COP30, espa\u00e7o acolher\u00e1 a\u00e7\u00f5es sociais e culturais para a comunidade. Empresa fornecer\u00e1 apoio financeiro para a manuten\u00e7\u00e3o do local durante um ano\" \/>  <\/a>\n<\/p>\n<\/p><\/div>\n<p><span class=\"legendSpanClass\">S\u00c3O PAULO<\/span>, <span class=\"legendSpanClass\">17 de novembro de 2025<\/span> \/PRNewswire\/ &#8212; Na COP30, em Bel\u00e9m (PA), a Bayer refor\u00e7a seu compromisso no enfrentamento \u00e0s mudan\u00e7as clim\u00e1ticas ao criar uma rede de di\u00e1logo e colabora\u00e7\u00e3o entre pol\u00edticos, empresas, organiza\u00e7\u00f5es e sociedade civil. A companhia revitalizou um casar\u00e3o hist\u00f3rico, no centro da cidade, onde s\u00e3o oferecidos cursos diversos, consultoria jur\u00eddica e assist\u00eancia psicol\u00f3gica a alunos da rede p\u00fablica e fam\u00edlias em situa\u00e7\u00e3o de vulnerabilidade. O projeto \u00e9 realizado em parceria com a Empresa Brasileira de Produtos e Servi\u00e7os Culturais (Embrasesc) e o Centro Cultural e Esportivo do Par\u00e1 (CCESP), que s\u00e3o respons\u00e1veis pela gest\u00e3o do local.<\/p>\n<p>Al\u00e9m de reformar o espa\u00e7o, a empresa fornecer\u00e1, por um ano, apoio financeiro \u00e0 Embrasesc para a\u00e7\u00f5es educativas e de engajamento comunit\u00e1rio no local. Durante a COP30, o im\u00f3vel tem sediado a &#8220;Casa Bayer&#8221; e abrigado eventos organizados por entidades como as C\u00e2maras de Com\u00e9rcio do Brasil e dos Estados Unidos, a Federa\u00e7\u00e3o das Ind\u00fastrias Alem\u00e3s (BDI) e o Fundo de Popula\u00e7\u00e3o das Na\u00e7\u00f5es Unidas (UNFPA) para discutir solu\u00e7\u00f5es voltadas ao combate das mudan\u00e7as clim\u00e1ticas.<\/p>\n<p>&#8220;A Bayer tem uma longa e profunda liga\u00e7\u00e3o com o povo brasileiro, nossos clientes e colaboradores&#8221;, disse o CEO da Bayer, Bill Anderson. &#8220;Com a COP30 sediada em um dos nossos mercados mais importantes, quer\u00edamos encontrar uma forma diferente e mais duradoura de engajamento que demonstrasse nosso grande interesse na prosperidade do pa\u00eds e do mundo. Por isso, criamos a Casa Bayer, um centro para o nosso relacionamento com stakeholders e parceiros em Bel\u00e9m.&#8221;<\/p>\n<p>Ainda em rela\u00e7\u00e3o \u00e0 educa\u00e7\u00e3o, em parceria com a Universidade Federal Rural da Amaz\u00f4nia (UFRA), a multinacional selecionou bolsistas do curso de Agronomia, entre graduandos e p\u00f3s-graduandos, para uma imers\u00e3o nas iniciativas do PRO Carbono, plataforma de solu\u00e7\u00f5es regenerativas da Bayer para escalar a agricultura regenerativa na Am\u00e9rica Latina. O est\u00e1gio tem como objetivo prepar\u00e1-los para apresentar o PRO Carbono na AgriZone e fortalecer sua forma\u00e7\u00e3o nas discuss\u00f5es sobre agricultura regenerativa, clima e carbono.<\/p>\n<p><b>Deutsche Bank e Bayer assinam acordo com Honduras e Suriname para proteger florestas tropicais<\/b>\n <\/p>\n<p>Como parte da C\u00fapula de L\u00edderes da COP30, Deutsche Bank, Siemens, Bayer, Coaliz\u00e3o para Na\u00e7\u00f5es da Floresta Tropical (CfRN, na sigla em ingl\u00eas) e governos de Honduras e Suriname assinaram uma Carta de Inten\u00e7\u00f5es para uma nova modalidade de cr\u00e9dito de carbono baseada em florestas tropicais. A Symrise AG tamb\u00e9m aderiu \u00e0 iniciativa. O desenvolvimento planejado de um novo cr\u00e9dito de carbono soberano, conforme Artigo 6.2 do Acordo de Paris, facilitar\u00e1, pela primeira vez, a compra direta de certificados pelo setor privado de pa\u00edses latino-americanos com florestas tropicais para apoiar a conserva\u00e7\u00e3o das florestas. A proposta ser\u00e1 um passo significativo para canalizar financiamento privado e proteger a floresta amaz\u00f4nica.<\/p>\n<p>O CEO da Bayer e a presidente de Honduras, Xiomara Castro, al\u00e9m de ministros federais dos pa\u00edses assinaram o acordo. A cerim\u00f4nia contou com a presen\u00e7a do presidente da COP30, embaixador Andr\u00e9 Corr\u00eaa do Lago. A iniciativa est\u00e1 alinhada ao Fundo Florestas Tropicais para Sempre (TFFF, na sigla em ingl\u00eas), lan\u00e7ado recentemente pelo governo brasileiro.<\/p>\n<p><b>COP30 destaca a inova\u00e7\u00e3o agr\u00edcola inteligente para o clima<\/b>\n <\/p>\n<p>Por ser realizada no Brasil, um grande polo agr\u00edcola, a COP30 abriga a AgriZone (Casa da Agricultura Sustent\u00e1vel), espa\u00e7o liderado pela Embrapa e dedicado a debates, exposi\u00e7\u00f5es e atividades t\u00e9cnicas relacionadas \u00e0 agricultura sustent\u00e1vel, seguran\u00e7a alimentar e descarboniza\u00e7\u00e3o da produ\u00e7\u00e3o.  <\/p>\n<p>&#8220;Nos \u00faltimos 30 anos, o Brasil passou de importador l\u00edquido de produtos agr\u00edcolas a um dos maiores exportadores agr\u00edcolas, aumentando a produtividade&#8221;, afirmou o presidente global da Divis\u00e3o Agr\u00edcola da Bayer, Rodrigo Santos. &#8220;Isso foi poss\u00edvel gra\u00e7as \u00e0 ci\u00eancia e \u00e0 inova\u00e7\u00e3o que apoiam o trabalho incr\u00edvel realizado pelos agricultores, e estou muito entusiasmado com o fato de a COP30 destacar a import\u00e2ncia da agricultura resiliente para o benef\u00edcio dos agricultores, da sociedade e do nosso planeta.&#8221;<\/p>\n<p>Al\u00e9m disso, na COP30, a Bayer participa de eventos e debates sobre tecnologia agr\u00edcola voltada \u00e0 mitiga\u00e7\u00e3o e \u00e0 adapta\u00e7\u00e3o \u00e0s mudan\u00e7as clim\u00e1ticas. Entre essas inova\u00e7\u00f5es, est\u00e3o o rec\u00e9m-lan\u00e7ado Sistema Inteligente de Milho Preceon(TM), com maior resist\u00eancia a tempestades para proteger a produtividade, e o Arroz de Semeadura Direta da Bayer que, em compara\u00e7\u00e3o com o arroz transplantado, tem o potencial de reduzir o consumo de \u00e1gua em at\u00e9 40% e as emiss\u00f5es de gases de efeito estufa em aproximadamente 45%.<\/p>\n<p>Em rela\u00e7\u00e3o \u00e0 agricultura regenerativa, a empresa impulsiona seus programas de agricultura de carbono no mundo, especificamente na Am\u00e9rica Latina, por meio da plataforma PRO Carbono para criar um conjunto de solu\u00e7\u00f5es para a \u00e1rea e beneficiar tanto o meio ambiente quanto as futuras gera\u00e7\u00f5es. Com cerca de tr\u00eas mil produtores no Brasil e na Argentina, tornou-se o maior programa de carbono da regi\u00e3o. Juntos, eles cultivam 2,7 milh\u00f5es de hectares de soja, milho e algod\u00e3o. Durante a COP30, o programa atingir\u00e1 a marca de 3 milh\u00f5es de hectares.<\/p>\n<p>Com o PRO Carbono, a Bayer oferece aos agricultores e empresas da Am\u00e9rica Latina as ferramentas adequadas, desenvolvidas em parceria com a Embrapa, para a ado\u00e7\u00e3o de pr\u00e1ticas regenerativas que aumentam a efici\u00eancia das terras agr\u00edcolas e reduzem, capturam e armazenam emiss\u00f5es de carbono. Segundo dados recentes, agricultores que aderiram ao programa obtiveram na soja uma pegada de carbono 50% menor quando comparada \u00e0 m\u00e9dia nacional. Essa redu\u00e7\u00e3o pode ser superior a 70% com melhorias no manejo, ado\u00e7\u00e3o de pr\u00e1ticas regenerativas e otimiza\u00e7\u00e3o das opera\u00e7\u00f5es por meio de ferramentas e <i>insights<\/i> da companhia. J\u00e1 para o milho, a pegada de carbono foi 55% menor em compara\u00e7\u00e3o com a m\u00e9dia nacional, e pode passar dos 60% com melhorias no manejo.<\/p>\n<p><b>Bayer apoia o compromisso da COP30 de quadruplicar a produ\u00e7\u00e3o de combust\u00edveis sustent\u00e1veis<\/b>\n <\/p>\n<p>Um dos focos da COP30 \u00e9 a descarboniza\u00e7\u00e3o do setor de transportes, especialmente da avia\u00e7\u00e3o. Como as oportunidades para eletrifica\u00e7\u00e3o s\u00e3o limitadas, os Combust\u00edveis Sustent\u00e1veis para Avia\u00e7\u00e3o (SAF) s\u00e3o essenciais para o alcance das metas clim\u00e1ticas. Pouco antes da Confer\u00eancia, o Brasil lan\u00e7ou o &#8220;Compromisso de Bel\u00e9m pelos Combust\u00edveis Sustent\u00e1veis&#8221;, intitulado &#8220;Bel\u00e9m 4x&#8221;, com meta global de quadruplicar a produ\u00e7\u00e3o e o uso de combust\u00edveis sustent\u00e1veis at\u00e9 2035. Al\u00e9m do governo brasileiro, 19 pa\u00edses apoiam a iniciativa.<\/p>\n<p>A agricultura pode desempenhar um papel fundamental na expans\u00e3o do fornecimento de combust\u00edveis sustent\u00e1veis por meio de mat\u00e9rias-primas agr\u00edcolas, tanto emergentes quanto tradicionais. A Bayer tem um longo hist\u00f3rico de compromisso com o melhoramento gen\u00e9tico inovador de plantas no campo dos biocombust\u00edveis de baixo carbono. Com as variedades CoverCress e Camelina, investe na expans\u00e3o de mat\u00e9rias-primas para biocombust\u00edveis de baixo carbono e cria oportunidades de renda para agricultores. Desde o ano passado, participa do Conselho da Ind\u00fastria Biofuture, que re\u00fane governos, ind\u00fastria e stakeholders para promover o desenvolvimento de combust\u00edveis sustent\u00e1veis.<\/p>\n<p>Em apoio aos combust\u00edveis sustent\u00e1veis, a companhia anunciou a ades\u00e3o \u00e0 Sustainable Aviation Buyers Alliance (SABA), em portugu\u00eas, Alian\u00e7a de Compradores de Avia\u00e7\u00e3o Sustent\u00e1vel. O objetivo da iniciativa sem fins lucrativos, que inclui quase 40 empresas, \u00e9 acelerar a redu\u00e7\u00e3o das emiss\u00f5es de CO? no transporte a\u00e9reo global, por meio da compra de combust\u00edveis sustent\u00e1veis, fomento de oportunidades de investimento e promo\u00e7\u00e3o de novas tecnologias.<\/p>\n<p>A Bayer tamb\u00e9m aderiu \u00e0 nova coaliz\u00e3o global Carbon Measures (em portugu\u00eas, Medidas de Carbono), que re\u00fane 19 multinacionais de diferentes setores e regi\u00f5es. O objetivo \u00e9 estabelecer uma estrutura mais precisa de contabiliza\u00e7\u00e3o de carbono.<\/p>\n<p><b>Plano de Transi\u00e7\u00e3o e Transforma\u00e7\u00e3o Clim\u00e1tica<\/b>\n <\/p>\n<p>Na COP30, a Bayer reafirma seu Plano de Transi\u00e7\u00e3o e Transforma\u00e7\u00e3o Clim\u00e1tica, com o compromisso de reduzir suas pr\u00f3prias emiss\u00f5es em 42% at\u00e9 2030 e em 90%, incluindo sua cadeia de valor, at\u00e9 2050. At\u00e9 o fim de 2029, toda a eletricidade da Bayer vir\u00e1 de fontes renov\u00e1veis.<\/p>\n<p><b>Sobre a Bayer <\/b>\n <\/p>\n<p>Guiada por sua miss\u00e3o &#8220;sa\u00fade para todos, fome para ningu\u00e9m&#8221;, a Bayer \u00e9 uma empresa global que atua para desenvolver solu\u00e7\u00f5es inovadoras que respondam a alguns dos maiores desafios da humanidade nas \u00e1reas de sa\u00fade e agricultura. Fundada na Alemanha em 1863 e presente em mais de 80 pa\u00edses, est\u00e1 no Brasil h\u00e1 quase 130 anos, seu segundo maior mercado no mundo, com neg\u00f3cios nos segmentos de Agricultura, Farmac\u00eautico e Sa\u00fade do Consumidor. \u00c9 comprometida com a inova\u00e7\u00e3o, a diversidade e a sustentabilidade, investindo continuamente em pesquisa e desenvolvimento para promover avan\u00e7os que unam produtividade, preserva\u00e7\u00e3o ambiental e acesso \u00e0 sa\u00fade de qualidade. <\/p>\n<p>Foto &#8211; <a href=\"https:\/\/mma.prnewswire.com\/media\/2824678\/Casa_Bayer.jpg\" target=\"_blank\" rel=\"nofollow\">https:\/\/mma.prnewswire.com\/media\/2824678\/Casa_Bayer.jpg<\/a><\/p>\n<\/p>\n<div class=\"PRN_ImbeddedAssetReference\" id=\"DivAssetPlaceHolder0\"><\/div>\n<p id=\"PURL\">\n<img loading=\"lazy\" decoding=\"async\" title=\"Cision\" width=\"12\" height=\"12\" alt=\"Cision\" src=\"https:\/\/edge.prnewswire.com\/c\/img\/favicon.png?sn=PT26027&amp;sd=2025-11-17\" \/> View original content to download multimedia:<a id=\"PRNURL\" rel=\"nofollow\" href=\"https:\/\/www.prnewswire.com\/br\/comunicados-para-a-imprensa\/bayer-promove-agenda-na-cop30-com-foco-em-agricultura-regenerativa-e-desenvolvimento-social-302617073.html\" target=\"_blank\">https:\/\/www.prnewswire.com\/br\/comunicados-para-a-imprensa\/bayer-promove-agenda-na-cop30-com-foco-em-agricultura-regenerativa-e-desenvolvimento-social-302617073.html<\/a><\/p>\n<p>FONTE Bayer<\/p>\n<\/p><\/div>\n<p>  <img decoding=\"async\" alt=\"\" src=\"https:\/\/rt.prnewswire.com\/rt.gif?NewsItemId=PT26027&amp;Transmission_Id=202511170717PR_NEWS_LATAM____PT26027&amp;DateId=20251117\" style=\"border:0px;width:1px;height:1px\" \/><\/p>\n<p><strong>T\u00f3picos Relacionados:<\/strong> Not\u00edcias de Feiras Comerciais, Quest\u00f5es Ambientais, Agricultura, Produtos e Servi\u00e7os Ambientais, Ambiental, Social e Governan\u00e7a<\/p>\n<p>A <b>OESP<\/b> n\u00e3o \u00e9(s\u00e3o) respons\u00e1vel(is) por erros, incorre\u00e7\u00f5es, atrasos ou quaisquer decis\u00f5es tomadas por seus clientes com base nos Conte\u00fados ora disponibilizados, bem como tais Conte\u00fados n\u00e3o representam a opini\u00e3o da <b>OESP<\/b> e s\u00e3o de inteira responsabilidade da <b>PR Newswire Ltda<\/b><\/p>\n","protected":false},"excerpt":{"rendered":"A multinacional restaurou, em Bel\u00e9m, um casar\u00e3o hist\u00f3rico que tem sediado um hub de inova\u00e7\u00e3o durante a Confer\u00eancia, al\u00e9m de firmar acordo com Honduras e Suriname para proteger florestas","protected":false},"author":1,"featured_media":119573,"comment_status":"open","ping_status":"closed","sticky":false,"template":"","format":"standard","meta":{"_acf_changed":false,"inline_featured_image":false,"_monsterinsights_skip_tracking":false,"_monsterinsights_sitenote_active":false,"_monsterinsights_sitenote_note":"","_monsterinsights_sitenote_category":0,"footnotes":""},"categories":[27],"tags":[4623,4622,4624,4621,4625],"class_list":["post-119572","post","type-post","status-publish","format-standard","has-post-thumbnail","hentry","category-prnewswire","tag-a-bayer-reforca-seu-compromisso-no-enfrentamento-as-mudancas-climaticas-ao-criar-uma-rede-de-dialogo-e-colaboracao-entre-politicos","tag-em-belem-pa","tag-empresas","tag-na-cop30","tag-organizacoes"],"acf":[],"_links":{"self":[{"href":"https:\/\/bluestudio.estadao.com.br\/agencia-de-comunicacao\/wp-json\/wp\/v2\/posts\/119572","targetHints":{"allow":["GET"]}}],"collection":[{"href":"https:\/\/bluestudio.estadao.com.br\/agencia-de-comunicacao\/wp-json\/wp\/v2\/posts"}],"about":[{"href":"https:\/\/bluestudio.estadao.com.br\/agencia-de-comunicacao\/wp-json\/wp\/v2\/types\/post"}],"author":[{"embeddable":true,"href":"https:\/\/bluestudio.estadao.com.br\/agencia-de-comunicacao\/wp-json\/wp\/v2\/users\/1"}],"replies":[{"embeddable":true,"href":"https:\/\/bluestudio.estadao.com.br\/agencia-de-comunicacao\/wp-json\/wp\/v2\/comments?post=119572"}],"version-history":[{"count":0,"href":"https:\/\/bluestudio.estadao.com.br\/agencia-de-comunicacao\/wp-json\/wp\/v2\/posts\/119572\/revisions"}],"wp:featuredmedia":[{"embeddable":true,"href":"https:\/\/bluestudio.estadao.com.br\/agencia-de-comunicacao\/wp-json\/wp\/v2\/media\/119573"}],"wp:attachment":[{"href":"https:\/\/bluestudio.estadao.com.br\/agencia-de-comunicacao\/wp-json\/wp\/v2\/media?parent=119572"}],"wp:term":[{"taxonomy":"category","embeddable":true,"href":"https:\/\/bluestudio.estadao.com.br\/agencia-de-comunicacao\/wp-json\/wp\/v2\/categories?post=119572"},{"taxonomy":"post_tag","embeddable":true,"href":"https:\/\/bluestudio.estadao.com.br\/agencia-de-comunicacao\/wp-json\/wp\/v2\/tags?post=119572"}],"curies":[{"name":"wp","href":"https:\/\/api.w.org\/{rel}","templated":true}]}}