{"id":119507,"date":"2025-11-14T10:42:00","date_gmt":"2025-11-14T13:42:00","guid":{"rendered":"https:\/\/bluestudio.estadao.com.br\/agencia-de-comunicacao\/releases\/releases-geral\/ceiia-strengthens-cooperation-with-rondonia-and-para-to-protect-the-amazon-biome\/"},"modified":"2025-11-14T10:42:00","modified_gmt":"2025-11-14T13:42:00","slug":"ceiia-strengthens-cooperation-with-rondonia-and-para-to-protect-the-amazon-biome","status":"publish","type":"post","link":"https:\/\/bluestudio.estadao.com.br\/agencia-de-comunicacao\/releases\/releases-geral\/ceiia-strengthens-cooperation-with-rondonia-and-para-to-protect-the-amazon-biome\/","title":{"rendered":"CEiiA Strengthens Cooperation With Rond\u00f4nia and Par\u00e1 to Protect the Amazon Biome"},"content":{"rendered":"<p align=\"justify\">PORTO, Portugal, Nov.  14, 2025  (GLOBE NEWSWIRE) &#8212; CEiiA  the Centre for Engineering and Product Development of Portugal  is deepening its collaboration with the governments of the Brazilian states of Par\u00e1 and Rond\u00f4nia, in a joint effort to accelerate scientific and technological solutions that ensure the protection and enhancement of the Amazon biome. This cooperation aims to demonstrate how innovation can transform environmental challenges into new opportunities for sustainable economic development.<\/p>\n<p align=\"justify\">The partnership with these two Amazonian states focuses on three strategic pillars: Climate, Forests and Ecosystem Services; Climate and Health; and Urban Mobility and Smart Cities. Across all these areas, CEiiA contributes experience, technology and advanced system-integration capabilities combining satellite observation, ground-based sensors and artificial intelligence.<\/p>\n<p align=\"justify\"><strong>PARTNERSHIP WITH PAR\u00c1 FORMALISED AT COP30<\/strong><\/p>\n<p align=\"justify\">Cooperation with the State of Par\u00e1 was formalised yesterday at COP30, reinforcing the commitment of both parties to accelerate the generation of scientific knowledge applied to the territory. A project is currently being developed to collect geospatial data on land use, assess carbon-sequestration potential and build models that support public and private decision-making based on reliable, continuously updated information.<\/p>\n<p align=\"justify\"><strong>ROND\u00d4NIA ADVANCES WITH ROND\u00d4NIA CARBON, A PROJECT RECOGNISED BY THE UNFCCC<\/strong><\/p>\n<p align=\"center\"><img loading=\"lazy\" decoding=\"async\" alt=\"CEiiA Team Work_COP30\" height=\"450\" src=\"https:\/\/ml-eu.globenewswire.com\/Resource\/Download\/c87ff0ba-17fe-4cd4-9921-565fcaaae938\/img-4649.jpg\" width=\"600\" \/><\/p>\n<p align=\"justify\">In Rond\u00f4nia, technical work has been underway since June and involves leading institutions such as Embrapa and the Federal University of Rond\u00f4nia. The project combines space technology, soil-based sensors and artificial-intelligence algorithms to produce advanced carbon mapping associated with crops such as coffee, cocoa and native forest.<\/p>\n<p align=\"justify\">The UNFCCC has recognised the project as innovative, demonstrating how technology can accelerate new climate-finance models. The project will be highlighted this Friday, 14 November, in the COP30 panel Innovative Financial Mechanisms for Sub-National Climate Resilience.<\/p>\n<p align=\"justify\"><strong>INVESTMENT AND IMPACT<\/strong><\/p>\n<p align=\"justify\">The initial phase of these initiatives represents an investment of around 2 million euros, largely supported by CEiiA due to the intensive use of space-related technology and competencies.<\/p>\n<p align=\"justify\">The aim is now to involve companies, universities and entities from both countries, reinforcing knowledge transfer and the development of innovative solutions.<\/p>\n<p align=\"justify\"><strong>ABOUT CEiiA<\/strong><\/p>\n<p align=\"justify\">CEiiA is one of Portugals largest private investors in R&amp;D, developing technologies and products for sectors such as mobility, aeronautics, space and ocean, always with a clear focus on sustainability and positive social impact.<\/p>\n<p align=\"justify\">Press Media<br \/>Ricardo Rodrigues<br \/>rr@pressmediaonline.com<\/p>\n<p align=\"justify\">A photo accompanying this announcement is available at <a href=\"https:\/\/www.globenewswire.com\/Tracker?data=0tJfku4Xfb62qRXegZ2wtI3ZiZjte0AkKaJ2cZwkYb-qhhCc4SbZgvwvSTL6GBIX10qyn_ImrtKLumf3wv2-qclOKOLemhmttSvK_B4pHix8hbhzKRTKQ2yaydFdRka7r00HPaEG5yu3tIOSI-tNCdLRxrM2aforqdyTrcLVGxb5w1gvcBctQElqdGFaWV3QYRdzs10fObT7M_cugR-zQhYz_JBSaJjfRW8xoHDMRC8gBEG351AiJtfCUwIc35LSpWAoO8OEpxsp7jhpdWQrpg==\" rel=\"nofollow\" target=\"_blank\">https:\/\/www.globenewswire.com\/NewsRoom\/AttachmentNg\/c87ff0ba-17fe-4cd4-9921-565fcaaae938<\/a><\/p>\n<p> <img decoding=\"async\" alt=\"\" class=\"__GNW8366DE3E__IMG\" src=\"https:\/\/www.globenewswire.com\/newsroom\/ti?nf=MTAwMTEzODc3NiM0MDIyNjQ5NTEjMjMwNzMwOQ==\" \/> <br \/><img decoding=\"async\" alt=\"\" src=\"https:\/\/ml-eu.globenewswire.com\/media\/ZGFiOGMzYTUtNzBlNC00MDRlLWE2MDYtOWJkNmZlY2E5MjI4LTEzMTg4NTktMjAyNS0xMS0xNC1lbg==\/tiny\/CEiiA.png\" \/><br \/>\n<a href=\"https:\/\/www.globenewswire.com\/NewsRoom\/AttachmentNg\/89e9b781-1916-4fe9-bd73-6ef2dae1b6f0\"><img loading=\"lazy\" decoding=\"async\" src=\"https:\/\/ml-eu.globenewswire.com\/media\/89e9b781-1916-4fe9-bd73-6ef2dae1b6f0\/small\/ceiia-logo-jpg.jpg\" border=\"0\" width=\"150\" height=\"67\" alt=\"Primary Logo\" \/><\/a><\/p>\n<div style=\"padding:0px;width: 100%\">\n<div style=\"clear:both\" \/>\n<div style=\"float: right;padding-left:20px\">\n<div>\n<h5>CEiiA Team Work_COP30<\/h5>\n<\/div>\n<div> <a target=\"_blank\" href=\"https:\/\/www.globenewswire.com\/NewsRoom\/AttachmentNg\/c87ff0ba-17fe-4cd4-9921-565fcaaae938\/en\"><img decoding=\"async\" src=\"https:\/\/ml-eu.globenewswire.com\/media\/c87ff0ba-17fe-4cd4-9921-565fcaaae938\/medium\/ceiia-team-work-cop30.JPG\" \/> <\/a><\/div>\n<p \/>\n<div>\n<h5>1  Lurdes Ferreira  Investigadora CEiiA 2  Gualter Cris\u00f3stomo  Diretor CEiiA 3  Governador da Rond\u00f4nia &#8211; Marcus Rocha 4  Secret\u00e1rio de Estadoda Rond\u00f4nia  Augusto Leonel<\/h5>\n<\/div>\n<\/div>\n<\/div>\n<p>A <b>OESP<\/b> nao e(sao) responsavel(is) por erros, incorrecoes, atrasos ou quaisquer decisoes tomadas por seus clientes com base nos Conteudos ora disponibilizados, bem como tais Conteudos nao representam a opiniao da <b>OESP<\/b> e sao de inteira responsabilidade da <b>GlobeNewswire<\/b><\/p>\n","protected":false},"excerpt":{"rendered":"PORTO, Portugal, Nov.  14, 2025  (GLOBE NEWSWIRE) &#8212; CEiiA  the Centre for Engineering and Product Development of Portugal  is deepening its collaboration","protected":false},"author":1,"featured_media":0,"comment_status":"open","ping_status":"closed","sticky":false,"template":"","format":"standard","meta":{"_acf_changed":false,"inline_featured_image":false,"_monsterinsights_skip_tracking":false,"_monsterinsights_sitenote_active":false,"_monsterinsights_sitenote_note":"","_monsterinsights_sitenote_category":0,"footnotes":""},"categories":[34],"tags":[],"class_list":["post-119507","post","type-post","status-publish","format-standard","hentry","category-releases-geral"],"acf":[],"_links":{"self":[{"href":"https:\/\/bluestudio.estadao.com.br\/agencia-de-comunicacao\/wp-json\/wp\/v2\/posts\/119507","targetHints":{"allow":["GET"]}}],"collection":[{"href":"https:\/\/bluestudio.estadao.com.br\/agencia-de-comunicacao\/wp-json\/wp\/v2\/posts"}],"about":[{"href":"https:\/\/bluestudio.estadao.com.br\/agencia-de-comunicacao\/wp-json\/wp\/v2\/types\/post"}],"author":[{"embeddable":true,"href":"https:\/\/bluestudio.estadao.com.br\/agencia-de-comunicacao\/wp-json\/wp\/v2\/users\/1"}],"replies":[{"embeddable":true,"href":"https:\/\/bluestudio.estadao.com.br\/agencia-de-comunicacao\/wp-json\/wp\/v2\/comments?post=119507"}],"version-history":[{"count":0,"href":"https:\/\/bluestudio.estadao.com.br\/agencia-de-comunicacao\/wp-json\/wp\/v2\/posts\/119507\/revisions"}],"wp:attachment":[{"href":"https:\/\/bluestudio.estadao.com.br\/agencia-de-comunicacao\/wp-json\/wp\/v2\/media?parent=119507"}],"wp:term":[{"taxonomy":"category","embeddable":true,"href":"https:\/\/bluestudio.estadao.com.br\/agencia-de-comunicacao\/wp-json\/wp\/v2\/categories?post=119507"},{"taxonomy":"post_tag","embeddable":true,"href":"https:\/\/bluestudio.estadao.com.br\/agencia-de-comunicacao\/wp-json\/wp\/v2\/tags?post=119507"}],"curies":[{"name":"wp","href":"https:\/\/api.w.org\/{rel}","templated":true}]}}