{"id":119493,"date":"2025-11-14T08:27:00","date_gmt":"2025-11-14T11:27:00","guid":{"rendered":"https:\/\/bluestudio.estadao.com.br\/agencia-de-comunicacao\/prnewswire\/estreia-global-da-famscend-reformulando-o-panorama-da-industria-de-equipamentos-agroalimentares\/"},"modified":"2025-11-14T08:27:00","modified_gmt":"2025-11-14T11:27:00","slug":"estreia-global-da-famscend-reformulando-o-panorama-da-industria-de-equipamentos-agroalimentares","status":"publish","type":"post","link":"https:\/\/bluestudio.estadao.com.br\/agencia-de-comunicacao\/prnewswire\/estreia-global-da-famscend-reformulando-o-panorama-da-industria-de-equipamentos-agroalimentares\/","title":{"rendered":"Estreia global da FAMSCEND: reformulando o panorama da ind\u00fastria de equipamentos agroalimentares"},"content":{"rendered":"\n<div class=\"xn-content\">\n<p class=\"prntac\">\n<b>&#8212;-<\/b> <b>A FAMSUN lan\u00e7ou sua nova marca premium<\/b><\/p>\n<p><span class=\"legendSpanClass\">YANGZHOU, China<\/span>, <span class=\"legendSpanClass\">14 de novembro de 2025<\/span> \/PRNewswire\/ &#8212; Em 12 de novembro de 2025, a FAMSUN Co., Ltd., l\u00edder global no setor de equipamentos agroalimentares, realizou uma cerim\u00f4nia de lan\u00e7amento global de sua marca premium FAMSCEND em Yangzhou, onde est\u00e3o localizadas suas sedes. O evento, com o tema &#8220;Innovate * Ascend * Nourish&#8221;, reuniu mais de 160 l\u00edderes industriais e parceiros dos setores de alimentos de alta qualidade e alimentos para animais de estima\u00e7\u00e3o do mundo para testemunhar a viagem inaugural da marca. Tamb\u00e9m marcou a entrada oficial da FAMSUN na ind\u00fastria de equipamentos para alimentos para animais de estima\u00e7\u00e3o e alimentos saud\u00e1veis para humanos, inaugurando uma mudan\u00e7a estrat\u00e9gica da lideran\u00e7a em escala para a orienta\u00e7\u00e3o de valor.<\/p>\n<p>Jack CHEN, presidente da FAMSUN, declarou: &#8220;A FAMSCEND se especializar\u00e1 no equipamento de processamento de alimentos para animais de estima\u00e7\u00e3o e alimentos saud\u00e1veis para humanos, comprometidos com a cria\u00e7\u00e3o de valor sustent\u00e1vel para clientes globais por meio de quatro recursos principais &#8211; inova\u00e7\u00e3o, sistematiza\u00e7\u00e3o, digitaliza\u00e7\u00e3o e simbiose&#8221;. Jason FAN, vice-presidente da FAMSUN, acrescentou: &#8220;A nova marca capacitar\u00e1 os clientes globais com solu\u00e7\u00f5es mais est\u00e1veis, eficientes e inteligentes&#8221;.<\/p>\n<p>Durante a cerim\u00f4nia de lan\u00e7amento, tamb\u00e9m foram realizados semin\u00e1rios sobre tecnologias de ponta para a ind\u00fastria, com foco em manufatura verde e tend\u00eancias inteligentes. As solu\u00e7\u00f5es abrangentes e os conceitos simbi\u00f3ticos da FAMSCEND foram altamente reconhecidos por seus clientes globais.<\/p>\n<div class=\"PRN_ImbeddedAssetReference\" id=\"DivAssetPlaceHolder8898\">\n  <a href=\"https:\/\/mma.prnewswire.com\/media\/2822404\/Scenes_FAMSCEND_s_global_launch_ceremony.html\" target=\"_blank\" rel=\"nofollow\"> <img decoding=\"async\" src=\"https:\/\/mma.prnewswire.com\/media\/2822404\/Scenes_FAMSCEND_s_global_launch_ceremony.jpg\" title=\"Cenas da cerim\u00f4nia de lan\u00e7amento global da FAMSCEND (PRNewsfoto\/FAMSCEND)\" alt=\"Cenas da cerim\u00f4nia de lan\u00e7amento global da FAMSCEND (PRNewsfoto\/FAMSCEND)\" \/>  <\/a>\n<\/p>\n<\/p><\/div>\n<p>Foto &#8211; <a href=\"https:\/\/mma.prnewswire.com\/media\/2822404\/Scenes_FAMSCEND_s_global_launch_ceremony.jpg\" target=\"_blank\" rel=\"nofollow\">https:\/\/mma.prnewswire.com\/media\/2822404\/Scenes_FAMSCEND_s_global_launch_ceremony.jpg<\/a><\/p>\n<div class=\"PRN_ImbeddedAssetReference\" id=\"DivAssetPlaceHolder0\"><\/div>\n<p id=\"PURL\">\n<img loading=\"lazy\" decoding=\"async\" title=\"Cision\" width=\"12\" height=\"12\" alt=\"Cision\" src=\"https:\/\/edge.prnewswire.com\/c\/img\/favicon.png?sn=PT23747&amp;sd=2025-11-14\" \/> View original content to download multimedia:<a id=\"PRNURL\" rel=\"nofollow\" href=\"https:\/\/www.prnewswire.com\/br\/comunicados-para-a-imprensa\/estreia-global-da-famscend-reformulando-o-panorama-da-industria-de-equipamentos-agroalimentares-302615550.html\" target=\"_blank\">https:\/\/www.prnewswire.com\/br\/comunicados-para-a-imprensa\/estreia-global-da-famscend-reformulando-o-panorama-da-industria-de-equipamentos-agroalimentares-302615550.html<\/a><\/p>\n<p>FONTE FAMSCEND<\/p>\n<\/p><\/div>\n<p>  <img decoding=\"async\" alt=\"\" src=\"https:\/\/rt.prnewswire.com\/rt.gif?NewsItemId=PT23747&amp;Transmission_Id=202511140611PR_NEWS_LATAM____PT23747&amp;DateId=20251114\" style=\"border:0px;width:1px;height:1px\" \/><\/p>\n<p><strong>T\u00f3picos Relacionados:<\/strong> Novos Produtos\/Servi\u00e7os, Alimentos, Agricultura<\/p>\n<p>A <b>OESP<\/b> n\u00e3o \u00e9(s\u00e3o) respons\u00e1vel(is) por erros, incorre\u00e7\u00f5es, atrasos ou quaisquer decis\u00f5es tomadas por seus clientes com base nos Conte\u00fados ora disponibilizados, bem como tais Conte\u00fados n\u00e3o representam a opini\u00e3o da <b>OESP<\/b> e s\u00e3o de inteira responsabilidade da <b>PR Newswire Ltda<\/b><\/p>\n","protected":false},"excerpt":{"rendered":"&#8212;- A FAMSUN lan\u00e7ou sua nova marca premium YANGZHOU, China, 14 de novembro de 2025 \/PRNewswire\/ &#8212; Em 12 de novembro de 2025, a FAMSUN Co., Ltd., l\u00edder global no setor de equipamentos","protected":false},"author":1,"featured_media":119494,"comment_status":"open","ping_status":"closed","sticky":false,"template":"","format":"standard","meta":{"_acf_changed":false,"inline_featured_image":false,"_monsterinsights_skip_tracking":false,"_monsterinsights_sitenote_active":false,"_monsterinsights_sitenote_note":"","_monsterinsights_sitenote_category":0,"footnotes":""},"categories":[27],"tags":[4548,4547,4549,2803,4550],"class_list":["post-119493","post","type-post","status-publish","format-standard","has-post-thumbnail","hentry","category-prnewswire","tag-a-famsun-co","tag-em-12-de-novembro-de-2025","tag-lider-global-no-setor-de-equipamentos-agroalimentares","tag-ltd","tag-realizou-uma-cerimonia-de-lancamento-global-de-sua-marca-premium-famscend-em"],"acf":[],"_links":{"self":[{"href":"https:\/\/bluestudio.estadao.com.br\/agencia-de-comunicacao\/wp-json\/wp\/v2\/posts\/119493","targetHints":{"allow":["GET"]}}],"collection":[{"href":"https:\/\/bluestudio.estadao.com.br\/agencia-de-comunicacao\/wp-json\/wp\/v2\/posts"}],"about":[{"href":"https:\/\/bluestudio.estadao.com.br\/agencia-de-comunicacao\/wp-json\/wp\/v2\/types\/post"}],"author":[{"embeddable":true,"href":"https:\/\/bluestudio.estadao.com.br\/agencia-de-comunicacao\/wp-json\/wp\/v2\/users\/1"}],"replies":[{"embeddable":true,"href":"https:\/\/bluestudio.estadao.com.br\/agencia-de-comunicacao\/wp-json\/wp\/v2\/comments?post=119493"}],"version-history":[{"count":0,"href":"https:\/\/bluestudio.estadao.com.br\/agencia-de-comunicacao\/wp-json\/wp\/v2\/posts\/119493\/revisions"}],"wp:featuredmedia":[{"embeddable":true,"href":"https:\/\/bluestudio.estadao.com.br\/agencia-de-comunicacao\/wp-json\/wp\/v2\/media\/119494"}],"wp:attachment":[{"href":"https:\/\/bluestudio.estadao.com.br\/agencia-de-comunicacao\/wp-json\/wp\/v2\/media?parent=119493"}],"wp:term":[{"taxonomy":"category","embeddable":true,"href":"https:\/\/bluestudio.estadao.com.br\/agencia-de-comunicacao\/wp-json\/wp\/v2\/categories?post=119493"},{"taxonomy":"post_tag","embeddable":true,"href":"https:\/\/bluestudio.estadao.com.br\/agencia-de-comunicacao\/wp-json\/wp\/v2\/tags?post=119493"}],"curies":[{"name":"wp","href":"https:\/\/api.w.org\/{rel}","templated":true}]}}