{"id":119485,"date":"2025-11-14T08:12:00","date_gmt":"2025-11-14T11:12:00","guid":{"rendered":"https:\/\/bluestudio.estadao.com.br\/agencia-de-comunicacao\/prnewswire\/a-contagem-regressiva-para-o-gsma-mwc26-barcelona-comeca-com-lideres-inovadores-prontos-para-decolar-da-spacex-e-da-starlink\/"},"modified":"2025-11-14T08:12:00","modified_gmt":"2025-11-14T11:12:00","slug":"a-contagem-regressiva-para-o-gsma-mwc26-barcelona-comeca-com-lideres-inovadores-prontos-para-decolar-da-spacex-e-da-starlink","status":"publish","type":"post","link":"https:\/\/bluestudio.estadao.com.br\/agencia-de-comunicacao\/prnewswire\/a-contagem-regressiva-para-o-gsma-mwc26-barcelona-comeca-com-lideres-inovadores-prontos-para-decolar-da-spacex-e-da-starlink\/","title":{"rendered":"A contagem regressiva para o GSMA MWC26 Barcelona come\u00e7a com l\u00edderes inovadores prontos para decolar da SpaceX e da Starlink."},"content":{"rendered":"\n<div class=\"xn-content\">\n<i>As inscri\u00e7\u00f5es est\u00e3o abertas com o lan\u00e7amento de novas experi\u00eancias din\u00e2micas e imersivas no pavilh\u00e3o de exposi\u00e7\u00f5es, incluindo 4YFN, Aeroporto do Futuro, CircuitX e Novas Fronteiras <\/i>\n <\/p>\n<p><span class=\"legendSpanClass\">LONDRES<\/span>, <span class=\"legendSpanClass\">14 de novembro de 2025<\/span> \/PRNewswire\/ &#8212; O <a href=\"https:\/\/www.mwcbarcelona.com\/\" target=\"_blank\" rel=\"nofollow\">MWC26 Barcelona<\/a>, o maior e mais influente evento de conectividade do mundo, est\u00e1 com as <a href=\"https:\/\/www.mwcbarcelona.com\/passes\" target=\"_blank\" rel=\"nofollow\">inscri\u00e7\u00f5es abertas<\/a>, e acontecer\u00e1 na ic\u00f4nica Gran Via de Fira de Barcelona, de 2 a 5 de mar\u00e7o de 2026. O MWC26 celebra duas d\u00e9cadas de momentos e parcerias que definem o setor em Barcelona e unir\u00e1 l\u00edderes globais, inovadores e formuladores de pol\u00edticas para explorar as tecnologias que moldam a transforma\u00e7\u00e3o digital em todos os setores e na sociedade.<\/p>\n<div id=\"prni_dvprnejpg2a46left\" dir=\"ltr\" style=\"width: 100%;text-align: left\"><img decoding=\"async\" id=\"prnejpg2a46left\" title=\"Logotipo da GSMA\" src=\"https:\/\/mma.prnewswire.com\/media\/1882833\/5620717\/GSMA_Logo.jpg\" alt=\"Logotipo da GSMA\" align=\"middle\" \/> <\/div>\n<p>Sob o tema do evento <b>&#8220;A Era do QI&#8221;, <\/b> o MWC26 abra\u00e7a uma nova era de intelig\u00eancia atrav\u00e9s de uma conex\u00e3o mais inteligente. Isso vem na sequ\u00eancia de <a href=\"https:\/\/www.mwcbarcelona.com\/agenda\/speakers\/keynote-speakers-hall-of-fame\" target=\"_blank\" rel=\"nofollow\">20 anos de lideran\u00e7a intelectual ic\u00f4nica<\/a> por parte dos tit\u00e3s da nossa ind\u00fastria nos palcos do MWC.<\/p>\n<p>Juntando-se ao hall da fama dos palestrantes do MWC, o MWC26 contar\u00e1 com a presidente e COO da SpaceX, Gwynne Shotwell, e o vice-presidente de engenharia da Starlink, Michael Nicolls.  Outros l\u00edderes inovadores que tamb\u00e9m participar\u00e3o do palco principal ser\u00e3o revelados em nosso site oportunamente:<\/p>\n<ul type=\"disc\">\n<li>Gopal Vittal, vice-presidente e diretor administrativo do Grupo Bharti Airtel e presidente da GSMA;<\/li>\n<li>O presidente e CEO da BostonGene e o CEO e presidente da NetCracker, Andrew Feinberg;<\/li>\n<li>CEO do Orange Group, Christel Heydemann;<\/li>\n<li>O CEO da Rakuten, Mickey Mikitani;<\/li>\n<li>CEO do Grupo VEON, Kaan Terzio?lu;<\/li>\n<li>e analista l\u00edder de tecnologia Benedict Evans.<\/li>\n<\/ul>\n<p>A agenda \u00e9 constru\u00edda em torno de <a href=\"https:\/\/www.mwcbarcelona.com\/themes\" target=\"_blank\" rel=\"nofollow\">seis temas principais<\/a>: <b>Infraestrutura Inteligente<\/b>, <b>ConnectAI<\/b>, <b>AI 4 Enterprise<\/b>, <b>AI Nexus<\/b>, <b>Tech4All<\/b> e <b>Game Changers<\/b>, cada um explorando como a intelig\u00eancia coletiva e a conectividade podem impulsionar o progresso social e tecnol\u00f3gico.<\/p>\n<p>Os expositores e patrocinadores deste ano incluir\u00e3o Accenture, Amazon Web Services, AT&amp;T, China Mobile, China Telecom, China Unicom, Dell, Deutsche Telekom, EY, Google, Hewlett Packard Enterprise, Honor, Huawei, Intel, KPMG, KT, Liberty Global, Meta, Microsoft, Nokia, Palo Alto Networks, Qualcomm, SAP, Samsung, SKT,  Snowflake, ZTE e Xiaomi.<\/p>\n<p>Vivek Badrinath, diretor geral da GSMA, disse:  <i>&#8220;<\/i><i>Por duas d\u00e9cadas, o MWC Barcelona tem sido o lugar onde todos, de fundadores a presidentes, se re\u00fanem para experimentar o poder da conex\u00e3o e fazer neg\u00f3cios. A edi\u00e7\u00e3o de 2026 marca o in\u00edcio de uma nova era de intelig\u00eancia, enfatizando o avan\u00e7o da conectividade, a inova\u00e7\u00e3o tecnol\u00f3gica orientada pelo ser humano, o desenvolvimento comercial e o progresso social.&#8221;<\/i><\/p>\n<p>Os favoritos incluem o <a href=\"https:\/\/www.mwcbarcelona.com\/ministerial\" target=\"_blank\" rel=\"nofollow\">Programa Ministerial da GSMA<\/a>, <a href=\"https:\/\/www.4yfn.com\/\" target=\"_blank\" rel=\"nofollow\">4YFN26<\/a>, <a href=\"https:\/\/www.mwcbarcelona.com\/mobile-awards\/categories-and-awards\" target=\"_blank\" rel=\"nofollow\">GLOMOs,<\/a><a href=\"https:\/\/mobileworldcapital.com\/en\/nota-de-prensa\/talent-arena-2026-brings-together-technology-leaders-and-the-international-developer-community\/\" target=\"_blank\" rel=\"nofollow\">Talent Arena<\/a> e <a href=\"https:\/\/www.mwcbarcelona.com\/beat-barcelona\" target=\"_blank\" rel=\"nofollow\">BEAT BARCELONA<\/a>, al\u00e9m de novas experi\u00eancias imersivas:<\/p>\n<ul type=\"disc\">\n<li>  <b>Novas Fronteiras: <\/b>Apresentando tecnologias de ponta, como Computa\u00e7\u00e3o Qu\u00e2ntica, IA F\u00edsica e Redes Sat\u00e9lites e N\u00e3o Terrestres, com demonstra\u00e7\u00f5es ao vivo da Aalyria, Agibot, Equatys, Eutelsat e Toshiba Quantum.<\/li>\n<li>  <b>Aeroporto do Futuro:<\/b> a nova zona, incluindo o retorno do Smart Airports Summit, \u00e9 uma experi\u00eancia de exposi\u00e7\u00e3o imersiva que mostra como as tecnologias conectadas est\u00e3o transformando a avia\u00e7\u00e3o e as viagens a\u00e9reas, com demonstra\u00e7\u00f5es interativas de inovadores, incluindo os parceiros da zona Airbus e Outsight.<\/li>\n<li>  <b> <a href=\"https:\/\/www.gsma.com\/get-involved\/gsma-foundry\/circuitx\" target=\"_blank\" rel=\"nofollow\">CircuitX<\/a>  <\/b>  <b>: <\/b>Como parte da colabora\u00e7\u00e3o entre a GSMA Foundry, a Mobile World Capital Barcelona e o Circuit de Barcelona-Catalunya, administrado pela Fira de Barcelona, o CircuitX apresentar\u00e1 avan\u00e7os de ponta em mobilidade inteligente e experi\u00eancias imersivas para os f\u00e3s. <a href=\"https:\/\/www.youtube.com\/watch?v=SODYpFsUrmw\" target=\"_blank\" rel=\"nofollow\">Os participantes podem explorar<\/a> pods de demonstra\u00e7\u00e3o interativos e participar de sess\u00f5es ao vivo de l\u00edderes do setor, marcando a primeira fase de uma emocionante jornada de v\u00e1rios anos.<\/li>\n<\/ul>\n<p>O 4YFN retorna para seu 11<sup>\u00ba<\/sup> ano com o tema Infinite AI, celebrando o potencial ilimitado da criatividade humana e da m\u00e1quina. Os destaques incluem os <a href=\"https:\/\/www.4yfn.com\/4yfn-awards\" target=\"_blank\" rel=\"nofollow\">Pr\u00eamios 4YFN26<\/a> e um Programa de Parceiros 4YFN hospedado pela Amazon Web Services.<\/p>\n<p>Os Programas de Parceiros do MWC contar\u00e3o com sess\u00f5es do Alibaba Cloud, do Bar\u00e7a Innovation Hub do FC Barcelona, do Governo da Catalunha, do GTI, da Huawei, da O-RAN Alliance, da Samsung,<\/p>\n<p>SK Telecom, Tecno Mobile, Telus, World Internet Conference e YOFC, com novos parceiros para 2026, incluindo MediaTek e ViaSat.<\/p>\n<p>Os membros da m\u00eddia devem solicitar um <a href=\"https:\/\/www.mwcbarcelona.com\/passes\" target=\"_blank\" rel=\"nofollow\">passe de imprensa gratuito aqui<\/a>. <a href=\"https:\/\/www.mwcbarcelona.com\/articles\/gsma-mwc26-barcelona-countdown-begins-with-thought-leaders-cleared-for-take-off-from-spacex-and-starlink\" target=\"_blank\" rel=\"nofollow\">Clique aqui<\/a> para ler o comunicado de imprensa completo<\/p>\n<p>Logotipo &#8211; <a href=\"https:\/\/mma.prnewswire.com\/media\/1882833\/5620717\/GSMA_Logo.jpg\" target=\"_blank\" rel=\"nofollow\">https:\/\/mma.prnewswire.com\/media\/1882833\/5620717\/GSMA_Logo.jpg<\/a><\/p>\n<\/p>\n<p id=\"PURL\">\n<img loading=\"lazy\" decoding=\"async\" title=\"Cision\" width=\"12\" height=\"12\" alt=\"Cision\" src=\"https:\/\/edge.prnewswire.com\/c\/img\/favicon.png?sn=PT23762&amp;sd=2025-11-14\" \/> View original content:<a id=\"PRNURL\" rel=\"nofollow\" href=\"https:\/\/www.prnewswire.com\/br\/comunicados-para-a-imprensa\/a-contagem-regressiva-para-o-gsma-mwc26-barcelona-comeca-com-lideres-inovadores-prontos-para-decolar-da-spacex-e-da-starlink-302615534.html\" target=\"_blank\">https:\/\/www.prnewswire.com\/br\/comunicados-para-a-imprensa\/a-contagem-regressiva-para-o-gsma-mwc26-barcelona-comeca-com-lideres-inovadores-prontos-para-decolar-da-spacex-e-da-starlink-302615534.html<\/a><\/p>\n<p>FONTE GSMA<\/p>\n<\/p><\/div>\n<p>  <img decoding=\"async\" alt=\"\" src=\"https:\/\/rt.prnewswire.com\/rt.gif?NewsItemId=PT23762&amp;Transmission_Id=202511140556PR_NEWS_LATAM____PT23762&amp;DateId=20251114\" style=\"border:0px;width:1px;height:1px\" \/><\/p>\n<p><strong>T\u00f3picos Relacionados:<\/strong> Eventos Futuros, Viagens, Telecomunica\u00e7\u00f5es, Tecnologia de Internet, Computador\/Eletr\u00f4nica, Intelig\u00eancia Artificial, Computa\u00e7\u00e3o em Nuvem\/Internet das Coisas, Not\u00edcias de Feiras Comerciais, Companhias A\u00e9reas\/Avia\u00e7\u00e3o<\/p>\n<p>A <b>OESP<\/b> n\u00e3o \u00e9(s\u00e3o) respons\u00e1vel(is) por erros, incorre\u00e7\u00f5es, atrasos ou quaisquer decis\u00f5es tomadas por seus clientes com base nos Conte\u00fados ora disponibilizados, bem como tais Conte\u00fados n\u00e3o representam a opini\u00e3o da <b>OESP<\/b> e s\u00e3o de inteira responsabilidade da <b>PR Newswire Ltda<\/b><\/p>\n","protected":false},"excerpt":{"rendered":"As inscri\u00e7\u00f5es est\u00e3o abertas com o lan\u00e7amento de novas experi\u00eancias din\u00e2micas e imersivas no pavilh\u00e3o de exposi\u00e7\u00f5es, incluindo 4YFN, Aeroporto do Futuro, CircuitX e Novas Fronteiras LONDRES,","protected":false},"author":1,"featured_media":119486,"comment_status":"open","ping_status":"closed","sticky":false,"template":"","format":"standard","meta":{"_acf_changed":false,"inline_featured_image":false,"_monsterinsights_skip_tracking":false,"_monsterinsights_sitenote_active":false,"_monsterinsights_sitenote_note":"","_monsterinsights_sitenote_category":0,"footnotes":""},"categories":[27],"tags":[4542,4541,4540,4539,4538],"class_list":["post-119485","post","type-post","status-publish","format-standard","has-post-thumbnail","hentry","category-prnewswire","tag-de-2-a-5-de-ma","tag-e-acontecera-na-iconica-gran-via-de-fira-de-barcelona","tag-esta-com-as-inscricoes-abertas","tag-o-maior-e-mais-influente-evento-de-conectividade-do-mundo","tag-o-mwc26-barcelona"],"acf":[],"_links":{"self":[{"href":"https:\/\/bluestudio.estadao.com.br\/agencia-de-comunicacao\/wp-json\/wp\/v2\/posts\/119485","targetHints":{"allow":["GET"]}}],"collection":[{"href":"https:\/\/bluestudio.estadao.com.br\/agencia-de-comunicacao\/wp-json\/wp\/v2\/posts"}],"about":[{"href":"https:\/\/bluestudio.estadao.com.br\/agencia-de-comunicacao\/wp-json\/wp\/v2\/types\/post"}],"author":[{"embeddable":true,"href":"https:\/\/bluestudio.estadao.com.br\/agencia-de-comunicacao\/wp-json\/wp\/v2\/users\/1"}],"replies":[{"embeddable":true,"href":"https:\/\/bluestudio.estadao.com.br\/agencia-de-comunicacao\/wp-json\/wp\/v2\/comments?post=119485"}],"version-history":[{"count":0,"href":"https:\/\/bluestudio.estadao.com.br\/agencia-de-comunicacao\/wp-json\/wp\/v2\/posts\/119485\/revisions"}],"wp:featuredmedia":[{"embeddable":true,"href":"https:\/\/bluestudio.estadao.com.br\/agencia-de-comunicacao\/wp-json\/wp\/v2\/media\/119486"}],"wp:attachment":[{"href":"https:\/\/bluestudio.estadao.com.br\/agencia-de-comunicacao\/wp-json\/wp\/v2\/media?parent=119485"}],"wp:term":[{"taxonomy":"category","embeddable":true,"href":"https:\/\/bluestudio.estadao.com.br\/agencia-de-comunicacao\/wp-json\/wp\/v2\/categories?post=119485"},{"taxonomy":"post_tag","embeddable":true,"href":"https:\/\/bluestudio.estadao.com.br\/agencia-de-comunicacao\/wp-json\/wp\/v2\/tags?post=119485"}],"curies":[{"name":"wp","href":"https:\/\/api.w.org\/{rel}","templated":true}]}}