{"id":119466,"date":"2025-11-13T16:12:00","date_gmt":"2025-11-13T19:12:00","guid":{"rendered":"https:\/\/bluestudio.estadao.com.br\/agencia-de-comunicacao\/prnewswire\/manchas-na-pele-por-que-a-hiperpigmentacao-e-um-dos-maiores-desafios-dermatologicos\/"},"modified":"2025-11-13T16:12:00","modified_gmt":"2025-11-13T19:12:00","slug":"manchas-na-pele-por-que-a-hiperpigmentacao-e-um-dos-maiores-desafios-dermatologicos","status":"publish","type":"post","link":"https:\/\/bluestudio.estadao.com.br\/agencia-de-comunicacao\/prnewswire\/manchas-na-pele-por-que-a-hiperpigmentacao-e-um-dos-maiores-desafios-dermatologicos\/","title":{"rendered":"Manchas na pele: por que a hiperpigmenta\u00e7\u00e3o \u00e9 um dos maiores desafios dermatol\u00f3gicos?"},"content":{"rendered":"\n<div class=\"xn-content\">\n<p class=\"prntac\"><i>Dermatologista revela as principais causas e como cuidar da pele diariamente para manter o tom uniforme<\/i>\n <\/p>\n<p><span class=\"legendSpanClass\">S\u00c3O PAULO<\/span>, <span class=\"legendSpanClass\">13 de novembro de 2025<\/span> \/PRNewswire\/ &#8212; As manchas na pele est\u00e3o entre as queixas mais comuns nos consult\u00f3rios dermatol\u00f3gicos. Causadas pelo excesso de produ\u00e7\u00e3o de melanina &#8212; pigmento respons\u00e1vel pela cor da pele &#8211;, elas podem surgir por diversos fatores, como exposi\u00e7\u00e3o solar sem prote\u00e7\u00e3o, altera\u00e7\u00f5es hormonais, inflama\u00e7\u00f5es ou at\u00e9 o uso inadequado de cosm\u00e9ticos. O resultado \u00e9 a hiperpigmenta\u00e7\u00e3o, uma condi\u00e7\u00e3o que afeta a uniformidade da pele e tem impacto direto na autoestima.<\/p>\n<p>Segundo a Sociedade Brasileira de Dermatologia (SBD), a colora\u00e7\u00e3o das manchas na pele pode indicar diferentes condi\u00e7\u00f5es de sa\u00fade. Em alguns casos, trata-se apenas de uma quest\u00e3o est\u00e9tica; em outros, por\u00e9m, pode sinalizar alguma disfun\u00e7\u00e3o cut\u00e2nea mais grave<sup>1<\/sup>. Por isso, \u00e9 essencial procurar avalia\u00e7\u00e3o m\u00e9dica para identificar corretamente a causa e definir o tratamento mais adequado.<\/p>\n<p>Para entender melhor, conversamos com a dermatologista Daniela Ribeiro (CRM-SC 0010925 \/ RQE 7856), que explicou mais sobre a condi\u00e7\u00e3o: &#8220;A hiperpigmenta\u00e7\u00e3o \u00e9 um dos desafios mais dif\u00edceis de tratar porque envolve m\u00faltiplos fatores, desde predisposi\u00e7\u00e3o gen\u00e9tica at\u00e9 h\u00e1bitos di\u00e1rios de exposi\u00e7\u00e3o solar. Al\u00e9m disso, cada tipo de mancha exige uma abordagem espec\u00edfica &#8212; n\u00e3o existe um tratamento \u00fanico que funcione para todos os casos&#8221;.<\/p>\n<p><b>Tipos de manchas<\/b>\n <\/p>\n<p>A hiperpigmenta\u00e7\u00e3o pode se manifestar de diferentes formas, variando em colora\u00e7\u00e3o, intensidade e causa. Entre os tipos mais comuns, est\u00e3o:<\/p>\n<p><b>Melasma: <\/b>manchas acastanhadas que surgem principalmente no rosto, especialmente nas bochechas, testa e bu\u00e7o. Est\u00e3o associadas a fatores hormonais, predisposi\u00e7\u00e3o gen\u00e9tica e exposi\u00e7\u00e3o solar.<\/p>\n<p><b>Manchas p\u00f3s-inflamat\u00f3rias: <\/b>aparecem ap\u00f3s processos inflamat\u00f3rios, como acne, depila\u00e7\u00e3o, picadas de inseto ou pequenas les\u00f5es. S\u00e3o mais frequentes em peles morenas e negras, que possuem maior tend\u00eancia \u00e0 produ\u00e7\u00e3o de melanina.<\/p>\n<p><b>Sardas (ef\u00e9lides): <\/b>pequenas manchas amarronzadas e heredit\u00e1rias, comuns em pessoas de pele clara. Tendem a escurecer com a exposi\u00e7\u00e3o ao sol e podem surgir ainda na inf\u00e2ncia.<\/p>\n<p><b>Lentigos solares: <\/b>tamb\u00e9m conhecidos como &#8220;manchas senis&#8221;, s\u00e3o resultado do envelhecimento cut\u00e2neo e da exposi\u00e7\u00e3o acumulada \u00e0 radia\u00e7\u00e3o ultravioleta ao longo dos anos. Costumam surgir nas \u00e1reas mais expostas, como rosto, m\u00e3os e colo.<\/p>\n<p><b>Melanose solar: <\/b>semelhante ao lentigo, mas de colora\u00e7\u00e3o mais escura, \u00e9 causada pela exposi\u00e7\u00e3o intensa ao sol e pode aumentar em tamanho e n\u00famero com o tempo.<\/p>\n<p><b>Rotina de autocuidado contra manchas<\/b>\n <\/p>\n<p>O cuidado da hiperpigmenta\u00e7\u00e3o deve ser personalizado e supervisionado por um dermatologista, considerando o tipo de mancha, o tom de pele e o hist\u00f3rico do paciente. De acordo com a Dra. Daniela Ribeiro, as op\u00e7\u00f5es incluem o uso de clareadores t\u00f3picos &#8212; como niacinamida e vitamina C &#8211;, al\u00e9m de procedimentos em consult\u00f3rio, como peelings qu\u00edmicos, microagulhamento, laser e luz pulsada.<\/p>\n<p>Al\u00e9m dos procedimentos, a dermatologista refor\u00e7a que a rotina di\u00e1ria de skincare tem papel essencial na preven\u00e7\u00e3o e manuten\u00e7\u00e3o dos resultados. O ideal \u00e9 seguir uma rotina com limpeza suave, hidrata\u00e7\u00e3o adequada ao tipo de pele e fotoprote\u00e7\u00e3o di\u00e1ria, reaplicada ao longo do dia.<\/p>\n<p>&#8220;O cuidado com a pele deve ser cont\u00ednuo e integrado \u00e0 rotina. N\u00e3o existe milagre &#8212; o que realmente faz diferen\u00e7a \u00e9 a disciplina no uso dos produtos e na fotoprote\u00e7\u00e3o&#8221;, afirma Dra. Daniela Ribeiro.<\/p>\n<p><b>Cuidados preventivos<\/b>\n <\/p>\n<p>A especialista refor\u00e7a que a preven\u00e7\u00e3o \u00e9 a etapa mais importante quando o assunto \u00e9 hiperpigmenta\u00e7\u00e3o. Usar protetor solar com FPS alto diariamente, evitar a exposi\u00e7\u00e3o solar excessiva, n\u00e3o manipular feridas ou acne e investir em antioxidantes na rotina de skincare s\u00e3o atitudes que ajudam a reduzir o risco do aparecimento de novas manchas.<\/p>\n<p>&#8220;Manter uma rotina de cuidados consistente \u00e9 essencial. O tratamento das manchas \u00e9 gradual e exige paci\u00eancia, mas com acompanhamento profissional \u00e9 poss\u00edvel recuperar o tom uniforme da pele e prevenir recidivas&#8221;, finaliza a Dra. Daniela Ribeiro.<\/p>\n<p>Sendo assim, seguem op\u00e7\u00f5es que combinam altas concentra\u00e7\u00f5es de ativos, efic\u00e1cia comprovada e cuidados adaptados para cuidar de manchas na pele &#8212; ideais para incluir na rotina di\u00e1ria de skincare. Confira:<\/p>\n<p><a href=\"https:\/\/www.cetaphil.com.br\/linhas\/healthy-radiance\/sabonete-facial-antimanchas\/3499320016841.html\" target=\"_blank\" rel=\"nofollow\">  <b>Cetaphil<sup>(R)<\/sup> Healthy Radiance Sabonete de Limpeza Facial Cremoso Antimanchas 100g<\/b><br \/>\n<\/a> limpa profundamente, removendo part\u00edculas de polui\u00e7\u00e3o sem agredir a pele ou ressecar<sup>2<\/sup>. Em estudos realizados com pacientes, 85% perceberam um brilho saud\u00e1vel da pele<sup>3A<\/sup> e 76% notaram que a textura cremosa do produto se transforma com \u00e1gua em uma espuma reconfortante e envolvente<sup>4B<\/sup>. Sua f\u00f3rmula com <b>Tecnologia Gentlebright(TM)<\/b> combina niacinamida e l\u00edrio do mar, ajudando a uniformizar o tom da pele e a combater manchas escuras causadas pelo sol e envelhecimento.<\/p>\n<p><a href=\"https:\/\/www.cetaphil.com.br\/linhas\/healthy-radiance\/gel-esfoliante\/3499320016780.html\" target=\"_blank\" rel=\"nofollow\">  <b>Cetaphil<sup>(R)<\/sup> Healthy Radiance <\/b>  <b>Gel de Limpeza Esfoliante Antimanchas 100ml<\/b><br \/>\n<\/a> purifica e renova a textura da pele, deixando-a mais radiante e luminosa<sup>5C<\/sup>. Estudos comprovam 59% menos poros vis\u00edveis ap\u00f3s 28 dias<sup>6 <\/sup>e todos os usu\u00e1rios perceberam que o produto ajuda a promover a renova\u00e7\u00e3o natural da pele, por meio da esfolia\u00e7\u00e3o<sup>7D<\/sup>. Tamb\u00e9m conta com <b>Tecnologia Gentlebright(TM)<\/b>, que combina niacinamida e l\u00edrio do mar, ativos que ajudam a uniformizar o tom e reduzir manchas escuras causadas pelo sol e envelhecimento, enquanto promovem uma esfolia\u00e7\u00e3o suave.<\/p>\n<p><a href=\"https:\/\/www.cetaphil.com.br\/linhas\/healthy-radiance\/serum-antimanchas\/3499320016766.html\" target=\"_blank\" rel=\"nofollow\">  <b>Cetaphil<sup>(R)<\/sup> Healthy Radiance Perfecting S\u00e9rum Antimanchas 30g<\/b><br \/>\n<\/a> oferece 7 benef\u00edcios em um \u00fanico produto: reduz manchas escuras causadas<sup>E<\/sup> pelo sol e envelhecimento, uniformiza o tom da pele, melhora linhas finas, aumenta a luminosidade, deixa a pele fresca e descansada, melhora a hidrata\u00e7\u00e3o e ilumina a pele<sup>8F<\/sup>. Estudos mostram que 91% dos usu\u00e1rios perceberam que o produto pode renovar a pele cansada, revelando seu brilho saud\u00e1vel<sup>9G<\/sup>. Com a exclusiva <b>Tecnologia Gentlebright(TM)<\/b>, que combina niacinamida e l\u00edrio do mar, assim como vitamina C, o produto ajuda a combater manchas causadas pelo sol e envelhecimento, al\u00e9m de proteger contra o estresse oxidativo da luz azul<sup>10<\/sup>.<\/p>\n<p><a href=\"https:\/\/www.cetaphil.com.br\/linhas\/oil-control\/hidratante-facial\/7897930778177.html\" target=\"_blank\" rel=\"nofollow\">  <b>Cetaphil<sup>(R)<\/sup> Oil Control Hidratante Matificante Antimanchas 89ml<\/b><br \/>\n<\/a> possui uma f\u00f3rmula avan\u00e7ada que contribui para o controle da oleosidade. Al\u00e9m de 98% dos usu\u00e1rios sentirem al\u00edvio no ressecamento imediatamente ap\u00f3s o uso<sup>11H<\/sup>, oferece 48 horas<sup>12<\/sup> de hidrata\u00e7\u00e3o e 95% dos usu\u00e1rios perceberam o tom da pele mais uniforme e menos vermelho ap\u00f3s 7 dias de uso<sup>11H<\/sup>.<\/p>\n<p>Veja tamb\u00e9m indica\u00e7\u00f5es de produtos que ajudam a reduzir a acne e, consequentemente, manchas causadas por ela:<\/p>\n<p><a href=\"https:\/\/www.dermotivin.com.br\/benzac\/produtos\/dermotivin-benzac-oil-control-sabonete-liquido-facial-70ml\" target=\"_blank\" rel=\"nofollow\"><br \/>\n  <b>Dermotivin<sup>(R)<\/sup> Benzac Oil Control<\/b> <b>Sabonete L\u00edquido 70ml<\/b><\/a> tem efeito adstringente<sup>13<\/sup>, evita cravos e espinhas<sup>14<\/sup> e reduz a oleosidade e o excesso de brilho<sup>15<\/sup>. Uma op\u00e7\u00e3o interessante que pode contribuir com a rotina dos adolescentes.<\/p>\n<p><a href=\"https:\/\/www.dermotivin.com.br\/benzac\/produtos\/oil-control-hidratante-matificante-50ml\" target=\"_blank\" rel=\"nofollow\">  <b>Dermotivin<sup>(R)<\/sup> Benzac Oil Control Hidratante Matificante 50ml<\/b><br \/>\n<\/a> promove hidrata\u00e7\u00e3o por 24 horas<sup>16<\/sup>, enquanto reduz a oleosidade por 12 horas<sup>17I.<\/sup> Al\u00e9m disso, 89,7% dos usu\u00e1rios afirmaram que a f\u00f3rmula absorve rapidamente e n\u00e3o deixa res\u00edduos<sup>18J<\/sup>, \u00f3timo para quem gosta de manter a pele mais sequinha.<\/p>\n<p>Vale ressaltar que, antes de iniciar os cuidados com qualquer ativo, \u00e9 essencial seguir as orienta\u00e7\u00f5es de um m\u00e9dico dermatologista. <\/p>\n<p><b>  <i>Refer\u00eancias:<br \/><\/i><\/b><i>A-B. Estudo de autopercep\u00e7\u00e3o, n=41, ap\u00f3s 28 dias<br \/><\/i><i>C. Estudo de autopercep\u00e7\u00e3o, n=42 participantes<br \/><\/i><i>D. ap\u00f3s 28 dias, n=43<br \/><\/i><i>E. Causadas pelo sol e pelo envelhecimento<br \/><\/i><i>F. Estudo de autopercep\u00e7\u00e3o, n=43<br \/><\/i><i>G. Ap\u00f3s 28 dias, n=43<br \/><\/i><i>H<\/i><i>. Estudo de autopercep\u00e7\u00e3o feito com 40 pessoas<br \/><\/i><i>I. Avalia\u00e7\u00e3o feita imediatamente (30 minutos), 2, 4, 6, 8, 10 e 12 horas ap\u00f3s a aplica\u00e7\u00e3o do produto e 28 dias ap\u00f3s uso do produto, N=29<br \/><\/i><i>J. Avalia\u00e7\u00e3o feita imediatamente (30 minutos) ap\u00f3s a aplica\u00e7\u00e3o do produto, N=29<\/i>\n <\/p>\n<p><i>1. <\/i><i>  <a href=\"https:\/\/www.sbd.org.br\/cores-e-tipos-de-manchas-na-pele-apontam-para-diferentes-problemas\/\" target=\"_blank\" rel=\"nofollow\">https:\/\/www.sbd.org.br\/cores-e-tipos-de-manchas-na-pele-apontam-para-diferentes-problemas\/<\/a><\/i><br \/><i>2. RD.03.SPR.115425<br \/><\/i><i>3. RD.27.SPR.203154<br \/><\/i><i>4-10. CETAPHIL_BHR-2.0_ClinicalDataIndex<br \/><\/i><i>11. RD.53.SPR.205957 (1753)<br \/><\/i><i>12. RD.53.SPR.204539 (1753)<br \/><\/i><i>13.Per-E-EP-29574-03-09-11 ESTUDO CL\u00cdNICO DA EFIC\u00c1CIA PERCEBIDA DO PRODUTO COSM\u00c9TICO FACIAL SABONETE L\u00cdQUIDO<br \/><\/i><i>14. Data On File Oil Control Liquido All-S-ACN-29574-03-09-11 &#8211; Acnegenico Comedogenico<br \/><\/i><i>15.Per-E-EP-29574-03-09-11 ESTUDO CL\u00cdNICO DA EFIC\u00c1CIA PERCEBIDA DO PRODUTO COSM\u00c9TICO FACIAL SABONETE L\u00cd<br \/><\/i><i>16. ESTUDO CL\u00cdNICO, ABERTO, ALEATORIZADO, CONTROLADO DO EFEITO HIDRATANTE (CORNEOMETRIA) DO PRODUTO DE U; N= 27<br \/><\/i><i>17-18. ESTUDO CL\u00cdNICO DO POTENCIAL ACNEG\u00caNICO E COMEDOG\u00caNICO E DA; 7.17706174 Knackstedt R et al. Exp Dermatol. 2020 Jan;29(1):15-21<\/i>\n <\/p>\n<p><b>Sobre a Galderma<\/b><br \/>\n<br \/>A Galderma \u00e9 uma das empresas l\u00edderes em dermatologia, presente em aproximadamente 90 pa\u00edses. Oferecemos um portf\u00f3lio inovador, embasado em ci\u00eancia, com marcas e servi\u00e7os premium que abrangem todo o universo do mercado dermatol\u00f3gico em r\u00e1pido crescimento, por meio dos neg\u00f3cios de Est\u00e9tica Injet\u00e1vel e Skincare Dermatol\u00f3gico &amp; Dermatologia Terap\u00eautica. Desde a nossa funda\u00e7\u00e3o, em 1981, dedicamos nosso foco e paix\u00e3o ao maior \u00f3rg\u00e3o do corpo humano &#8211; a pele &#8211; atendendo \u00e0s necessidades individuais de consumidores e pacientes com resultados superiores, em parceria com profissionais de sa\u00fade. Estamos avan\u00e7ando a dermatologia para cada hist\u00f3ria de pele, por entender que a pele em que estamos molda nossas vidas. Para mais informa\u00e7\u00f5es, acesse: <a href=\"https:\/\/www.galderma.com\/br-pt\/brasil\" target=\"_blank\" rel=\"nofollow\">www.galderma.com\/br-pt\/brasil<\/a><\/p>\n<\/p>\n<p id=\"PURL\">\n<img loading=\"lazy\" decoding=\"async\" title=\"Cision\" width=\"12\" height=\"12\" alt=\"Cision\" src=\"https:\/\/edge.prnewswire.com\/c\/img\/favicon.png?sn=PT23366&amp;sd=2025-11-13\" \/> View original content:<a id=\"PRNURL\" rel=\"nofollow\" href=\"https:\/\/www.prnewswire.com\/br\/comunicados-para-a-imprensa\/manchas-na-pele-por-que-a-hiperpigmentacao-e-um-dos-maiores-desafios-dermatologicos-302614921.html\" target=\"_blank\">https:\/\/www.prnewswire.com\/br\/comunicados-para-a-imprensa\/manchas-na-pele-por-que-a-hiperpigmentacao-e-um-dos-maiores-desafios-dermatologicos-302614921.html<\/a><\/p>\n<p>FONTE Galderma<\/p>\n<\/p><\/div>\n<p>  <img decoding=\"async\" alt=\"\" src=\"https:\/\/rt.prnewswire.com\/rt.gif?NewsItemId=PT23366&amp;Transmission_Id=202511131405PR_NEWS_LATAM____PT23366&amp;DateId=20251113\" style=\"border:0px;width:1px;height:1px\" \/><\/p>\n<p><strong>T\u00f3picos Relacionados:<\/strong> Sa\u00fade\/Hospitais, Dom\u00e9stico\/Consumidor\/Cosm\u00e9ticos, Cosm\u00e9ticos e Cuidados Pessoais<\/p>\n<p>A <b>OESP<\/b> n\u00e3o \u00e9(s\u00e3o) respons\u00e1vel(is) por erros, incorre\u00e7\u00f5es, atrasos ou quaisquer decis\u00f5es tomadas por seus clientes com base nos Conte\u00fados ora disponibilizados, bem como tais Conte\u00fados n\u00e3o representam a opini\u00e3o da <b>OESP<\/b> e s\u00e3o de inteira responsabilidade da <b>PR Newswire Ltda<\/b><\/p>\n","protected":false},"excerpt":{"rendered":"Dermatologista revela as principais causas e como cuidar da pele diariamente para manter o tom uniforme S\u00c3O PAULO, 13 de novembro de 2025 \/PRNewswire\/ &#8212; As manchas na pele est\u00e3o entre as","protected":false},"author":1,"featured_media":119467,"comment_status":"open","ping_status":"closed","sticky":false,"template":"","format":"standard","meta":{"_acf_changed":false,"inline_featured_image":false,"_monsterinsights_skip_tracking":false,"_monsterinsights_sitenote_active":false,"_monsterinsights_sitenote_note":"","_monsterinsights_sitenote_category":0,"footnotes":""},"categories":[27],"tags":[4533,1487],"class_list":["post-119466","post","type-post","status-publish","format-standard","has-post-thumbnail","hentry","category-prnewswire","tag-as-manchas-na-pele-estao-entre-as-queixas-mais-comuns-nos-consultorios-dermatologicos-causadas-pelo-excesso-de-producao-de-melanina-pigmento-responsavel-pela-cor-da-pele","tag-e"],"acf":[],"_links":{"self":[{"href":"https:\/\/bluestudio.estadao.com.br\/agencia-de-comunicacao\/wp-json\/wp\/v2\/posts\/119466","targetHints":{"allow":["GET"]}}],"collection":[{"href":"https:\/\/bluestudio.estadao.com.br\/agencia-de-comunicacao\/wp-json\/wp\/v2\/posts"}],"about":[{"href":"https:\/\/bluestudio.estadao.com.br\/agencia-de-comunicacao\/wp-json\/wp\/v2\/types\/post"}],"author":[{"embeddable":true,"href":"https:\/\/bluestudio.estadao.com.br\/agencia-de-comunicacao\/wp-json\/wp\/v2\/users\/1"}],"replies":[{"embeddable":true,"href":"https:\/\/bluestudio.estadao.com.br\/agencia-de-comunicacao\/wp-json\/wp\/v2\/comments?post=119466"}],"version-history":[{"count":0,"href":"https:\/\/bluestudio.estadao.com.br\/agencia-de-comunicacao\/wp-json\/wp\/v2\/posts\/119466\/revisions"}],"wp:featuredmedia":[{"embeddable":true,"href":"https:\/\/bluestudio.estadao.com.br\/agencia-de-comunicacao\/wp-json\/wp\/v2\/media\/119467"}],"wp:attachment":[{"href":"https:\/\/bluestudio.estadao.com.br\/agencia-de-comunicacao\/wp-json\/wp\/v2\/media?parent=119466"}],"wp:term":[{"taxonomy":"category","embeddable":true,"href":"https:\/\/bluestudio.estadao.com.br\/agencia-de-comunicacao\/wp-json\/wp\/v2\/categories?post=119466"},{"taxonomy":"post_tag","embeddable":true,"href":"https:\/\/bluestudio.estadao.com.br\/agencia-de-comunicacao\/wp-json\/wp\/v2\/tags?post=119466"}],"curies":[{"name":"wp","href":"https:\/\/api.w.org\/{rel}","templated":true}]}}