{"id":119401,"date":"2025-11-13T14:27:00","date_gmt":"2025-11-13T17:27:00","guid":{"rendered":"https:\/\/bluestudio.estadao.com.br\/agencia-de-comunicacao\/prnewswire\/estudo-da-fgv-revela-elo-direto-entre-mercado-ilicito-de-cigarros-e-avanco-da-violencia-no-brasil\/"},"modified":"2025-11-13T14:27:00","modified_gmt":"2025-11-13T17:27:00","slug":"estudo-da-fgv-revela-elo-direto-entre-mercado-ilicito-de-cigarros-e-avanco-da-violencia-no-brasil","status":"publish","type":"post","link":"https:\/\/bluestudio.estadao.com.br\/agencia-de-comunicacao\/prnewswire\/estudo-da-fgv-revela-elo-direto-entre-mercado-ilicito-de-cigarros-e-avanco-da-violencia-no-brasil\/","title":{"rendered":"Estudo da FGV revela elo direto entre mercado il\u00edcito de cigarros e avan\u00e7o da viol\u00eancia no Brasil"},"content":{"rendered":"\n<div class=\"xn-content\">\n<p class=\"prntac\"><b>  <i>Varia\u00e7\u00e3o de 1 ponto percentual na ilegalidade est\u00e1 associada a 239 novos homic\u00eddios dolosos por ano, al\u00e9m de outros crimes graves<\/i><\/b>\n <\/p>\n<p><span class=\"legendSpanClass\">S\u00c3O PAULO<\/span>, <span class=\"legendSpanClass\">13 de novembro de 2025<\/span> \/PRNewswire\/ &#8212; Um levantamento in\u00e9dito da Funda\u00e7\u00e3o Get\u00falio Vargas (FGV) demonstra a liga\u00e7\u00e3o direta entre o com\u00e9rcio ilegal de cigarros &#8211; que responde por 32% do mercado nacional &#8211; e o aumento de crimes violentos no Brasil &#8211; de homic\u00eddios a ataques a agentes do Estado. <\/p>\n<p>A an\u00e1lise aponta que cada aumento de 1 ponto percentual na taxa de ilegalidade est\u00e1 estatisticamente associado a 892 novas ocorr\u00eancias de tr\u00e1fico de drogas, 239 homic\u00eddios dolosos, 629 apreens\u00f5es de armas de fogo, al\u00e9m de latroc\u00ednios (30), roubos de carga (339) e de ve\u00edculos (2.868) por ano. O mercado il\u00edcito de cigarros n\u00e3o s\u00f3 provoca preju\u00edzos bilion\u00e1rios aos cofres p\u00fablicos, mas tamb\u00e9m alimenta a engrenagem da viol\u00eancia no pa\u00eds. <\/p>\n<p>&#8220;Essas rela\u00e7\u00f5es refor\u00e7am o v\u00ednculo estrutural entre mercado ilegal e economia do crime organizado, com reflexos diretos na seguran\u00e7a p\u00fablica. O estudo evidencia que o mercado ilegal de cigarros constitui um desafio econ\u00f4mico e institucional de grande magnitude, articulando evas\u00e3o fiscal, perda de empregos e fortalecimento de redes criminosas&#8221;, diz Camila Sena, uma das pesquisadoras do estudo.<\/p>\n<p>O mercado ilegal de cigarros gera R$ 10,2 bilh\u00f5es por ano ao crime organizado, o que corresponde a cerca de 7% do total de faturamento dessas organiza\u00e7\u00f5es criminosas. Segundo o estudo, isso consolida o v\u00ednculo estrutural entre o cigarro ilegal e a economia do crime, tornando-se uma fonte relevante de financiamento para fac\u00e7\u00f5es criminosas e redes transnacionais, que utilizam as mesmas rotas log\u00edsticas e recursos tecnol\u00f3gicos empregados em outros mercados il\u00edcitos, como os de drogas e armas. Recuperar apenas metade dessas perdas poderia gerar R$ 1,3 bilh\u00e3o \u00e0 arrecada\u00e7\u00e3o federal, valor equivalente a 11,8% do d\u00e9ficit prim\u00e1rio projetado para o ano.<\/p>\n<p>Para Edson Vismona, presidente do F\u00f3rum Nacional contra a Pirataria e a Ilegalidade (FNCP), os resultados do estudo deixam claro que o avan\u00e7o do mercado ilegal de cigarros n\u00e3o \u00e9 apenas um problema econ\u00f4mico, mas um dos principais combust\u00edveis da criminalidade no pa\u00eds. &#8220;A correla\u00e7\u00e3o aponta para um dos maiores desafios econ\u00f4mico e institucional de nosso tempo. Toda essa engrenagem que abastece o crime \u00e9 resultado da combina\u00e7\u00e3o entre demanda constante, fragilidades na fiscaliza\u00e7\u00e3o fronteiri\u00e7a e urbana e regula\u00e7\u00e3o altamente restritiva, pressionando o setor produtivo &#8211; fatores que abrem ainda mais caminho ao mercado il\u00edcito&#8221;, explica.<\/p>\n<p>O levantamento englobou a an\u00e1lise de dados da Pesquisa Instituto Ipec &#8211; Pack Swap (2024); Sistema Nacional de Informa\u00e7\u00f5es de Seguran\u00e7a P\u00fablica (SINESP); Relat\u00f3rios do F\u00f3rum Brasileiro de Seguran\u00e7a P\u00fablica (FBSP); Receita Federal e Tesouro Nacional, al\u00e9m de uma revis\u00e3o bibliogr\u00e1fica sobre as conex\u00f5es entre mercado ilegal de cigarros e crime organizado.<\/p>\n<p id=\"PURL\">\n<img loading=\"lazy\" decoding=\"async\" title=\"Cision\" width=\"12\" height=\"12\" alt=\"Cision\" src=\"https:\/\/edge.prnewswire.com\/c\/img\/favicon.png?sn=PT22796&amp;sd=2025-11-13\" \/> View original content:<a id=\"PRNURL\" rel=\"nofollow\" href=\"https:\/\/www.prnewswire.com\/br\/comunicados-para-a-imprensa\/estudo-da-fgv-revela-elo-direto-entre-mercado-ilicito-de-cigarros-e-avanco-da-violencia-no-brasil-302614811.html\" target=\"_blank\">https:\/\/www.prnewswire.com\/br\/comunicados-para-a-imprensa\/estudo-da-fgv-revela-elo-direto-entre-mercado-ilicito-de-cigarros-e-avanco-da-violencia-no-brasil-302614811.html<\/a><\/p>\n<p>FONTE Funda\u00e7\u00e3o Get\u00falio Vargas<\/p>\n<\/p><\/div>\n<p>  <img decoding=\"async\" alt=\"\" src=\"https:\/\/rt.prnewswire.com\/rt.gif?NewsItemId=PT22796&amp;Transmission_Id=202511130700PR_NEWS_LATAM____PT22796&amp;DateId=20251113\" style=\"border:0px;width:1px;height:1px\" \/><\/p>\n<p><strong>T\u00f3picos Relacionados:<\/strong> Pesquisa, Enquetes e Estudos, Sa\u00fade\/Hospitais, P\u00fablico Adulto, Tabaco<\/p>\n<p>A <b>OESP<\/b> n\u00e3o \u00e9(s\u00e3o) respons\u00e1vel(is) por erros, incorre\u00e7\u00f5es, atrasos ou quaisquer decis\u00f5es tomadas por seus clientes com base nos Conte\u00fados ora disponibilizados, bem como tais Conte\u00fados n\u00e3o representam a opini\u00e3o da <b>OESP<\/b> e s\u00e3o de inteira responsabilidade da <b>PR Newswire Ltda<\/b><\/p>\n","protected":false},"excerpt":{"rendered":"Varia\u00e7\u00e3o de 1 ponto percentual na ilegalidade est\u00e1 associada a 239 novos homic\u00eddios dolosos por ano, al\u00e9m de outros crimes graves S\u00c3O PAULO, 13 de novembro de 2025 \/PRNewswire\/ &#8212; Um","protected":false},"author":1,"featured_media":119402,"comment_status":"open","ping_status":"closed","sticky":false,"template":"","format":"standard","meta":{"_acf_changed":false,"inline_featured_image":false,"_monsterinsights_skip_tracking":false,"_monsterinsights_sitenote_active":false,"_monsterinsights_sitenote_note":"","_monsterinsights_sitenote_category":0,"footnotes":""},"categories":[27],"tags":[4528],"class_list":["post-119401","post","type-post","status-publish","format-standard","has-post-thumbnail","hentry","category-prnewswire","tag-um-levantamento-inedito-da-fundacao-getulio-vargas-fgv-demonstra-a-ligacao-direta-entre-o-comercio-ilegal-de-cigarros-que-responde-por-32-do-mercado-nacional-e-o-aumento-de"],"acf":[],"_links":{"self":[{"href":"https:\/\/bluestudio.estadao.com.br\/agencia-de-comunicacao\/wp-json\/wp\/v2\/posts\/119401","targetHints":{"allow":["GET"]}}],"collection":[{"href":"https:\/\/bluestudio.estadao.com.br\/agencia-de-comunicacao\/wp-json\/wp\/v2\/posts"}],"about":[{"href":"https:\/\/bluestudio.estadao.com.br\/agencia-de-comunicacao\/wp-json\/wp\/v2\/types\/post"}],"author":[{"embeddable":true,"href":"https:\/\/bluestudio.estadao.com.br\/agencia-de-comunicacao\/wp-json\/wp\/v2\/users\/1"}],"replies":[{"embeddable":true,"href":"https:\/\/bluestudio.estadao.com.br\/agencia-de-comunicacao\/wp-json\/wp\/v2\/comments?post=119401"}],"version-history":[{"count":0,"href":"https:\/\/bluestudio.estadao.com.br\/agencia-de-comunicacao\/wp-json\/wp\/v2\/posts\/119401\/revisions"}],"wp:featuredmedia":[{"embeddable":true,"href":"https:\/\/bluestudio.estadao.com.br\/agencia-de-comunicacao\/wp-json\/wp\/v2\/media\/119402"}],"wp:attachment":[{"href":"https:\/\/bluestudio.estadao.com.br\/agencia-de-comunicacao\/wp-json\/wp\/v2\/media?parent=119401"}],"wp:term":[{"taxonomy":"category","embeddable":true,"href":"https:\/\/bluestudio.estadao.com.br\/agencia-de-comunicacao\/wp-json\/wp\/v2\/categories?post=119401"},{"taxonomy":"post_tag","embeddable":true,"href":"https:\/\/bluestudio.estadao.com.br\/agencia-de-comunicacao\/wp-json\/wp\/v2\/tags?post=119401"}],"curies":[{"name":"wp","href":"https:\/\/api.w.org\/{rel}","templated":true}]}}