{"id":119137,"date":"2025-11-10T12:57:00","date_gmt":"2025-11-10T15:57:00","guid":{"rendered":"https:\/\/bluestudio.estadao.com.br\/agencia-de-comunicacao\/prnewswire\/aion-ut-e-oficialmente-lancada-em-macau-e-a-gac-implementa-amplamente-o-macao-action-para-acelerar-a-globalizacao-ecologica\/"},"modified":"2025-11-10T12:57:00","modified_gmt":"2025-11-10T15:57:00","slug":"aion-ut-e-oficialmente-lancada-em-macau-e-a-gac-implementa-amplamente-o-macao-action-para-acelerar-a-globalizacao-ecologica","status":"publish","type":"post","link":"https:\/\/bluestudio.estadao.com.br\/agencia-de-comunicacao\/prnewswire\/aion-ut-e-oficialmente-lancada-em-macau-e-a-gac-implementa-amplamente-o-macao-action-para-acelerar-a-globalizacao-ecologica\/","title":{"rendered":"AION UT \u00e9 oficialmente lan\u00e7ada em Macau, e a GAC implementa amplamente o &#8216;Macao ACTION&#8217; para acelerar a globaliza\u00e7\u00e3o ecol\u00f3gica"},"content":{"rendered":"\n<div class=\"xn-content\">\n<p><span class=\"legendSpanClass\">MACAU<\/span>, <span class=\"legendSpanClass\">10 de novembro de 2025<\/span> \/PRNewswire\/ &#8212; De 7 a 9 de novembro, a 15\u00aa Exposi\u00e7\u00e3o Internacional do Autom\u00f3vel da China (Macau) (doravante denominada &#8220;Sal\u00e3o do Autom\u00f3vel de Macau&#8221;) foi grandiosamente realizada na The Venetian Macau Cotai Expo. Como uma empresa automobil\u00edstica local na \u00c1rea da Grande Ba\u00eda de Guangdong-Hong Kong-Macau, a GAC trouxe seis novos modelos de ve\u00edculos de energia de suas tr\u00eas linhas de produtos &#8211; GAC, AION e HYPTEC &#8211; para a exposi\u00e7\u00e3o, demonstrando plenamente a for\u00e7a l\u00edder da GAC nos campos de energia renov\u00e1vel e intelig\u00eancia embarcada, fortalecendo a imagem de &#8220;GAC orientada pela tecnologia, avan\u00e7ando no alcance global com um ecossistema de cadeia completa&#8221;. A GAC continua a implementar o plano de a\u00e7\u00e3o localizado &#8220;Macao ACTION&#8221; e anunciou o lan\u00e7amento oficial do carro compacto premium global AION UT em Macau na confer\u00eancia de imprensa da exposi\u00e7\u00e3o de autom\u00f3veis.<\/p>\n<div id=\"prni_dvprnejpgf331left\" dir=\"ltr\" style=\"width: 100%;text-align: left\"><img decoding=\"async\" id=\"prnejpgf331left\" style=\"width: 400px;height: 267px\" title=\" \" src=\"https:\/\/mma.prnewswire.com\/media\/2816913\/1.jpg\" alt=\" \" align=\"middle\" \/> <\/div>\n<p>Com base na estrat\u00e9gia internacional &#8220;ONE GAC 2.0&#8221;, a GAC utilizou esta Expo de Autom\u00f3veis de Macau para demonstrar ao mundo sua determina\u00e7\u00e3o em fortalecer a\u00e7\u00f5es localizadas. Continua a implementar a &#8220;Macao ACTION&#8221;, aderindo ao conceito de &#8220;Em Macau, para Macau, Integrado em Macau, ao Servi\u00e7o de Macau e Contribuindo para Macau&#8221;, e a cultivar profundamente o mercado da regi\u00e3o. Por meio de um layout completo em produtos, canais, servi\u00e7os, sistemas de energia e ecologia de viagens, a GAC aderir\u00e1 ao longo prazo e \u00e0 coopera\u00e7\u00e3o vencedora, e adotar\u00e1 o modelo de globaliza\u00e7\u00e3o ecol\u00f3gica de toda a cadeia do setor. Concentrando-se nas necessidades dos consumidores de Macau, injetar\u00e1 um novo \u00edmpeto nas viagens ecol\u00f3gicas de Macau e criar\u00e1 mais valor para as viagens m\u00f3veis de alta qualidade de Macau.<\/p>\n<p>O AION UT, posicionado como o &#8220;super \u00cdCONE da moda e da intelig\u00eancia da nova era&#8221;, foi oficialmente lan\u00e7ado em Macau. Este ve\u00edculo inteligente para o cotidiano, desenvolvido para o mercado global, apresenta um design moderno, espa\u00e7o amplo, lideran\u00e7a em intelig\u00eancia embarcada e qualidade de seguran\u00e7a extremamente robusta, oferecendo um valor excepcional aos consumidores de Macau. No site da exposi\u00e7\u00e3o, o AION UT atraiu muitos visitantes para parar e experiment\u00e1-lo. Os visitantes elogiaram o design elegante do grande hatchback em estilo milan\u00eas e o espa\u00e7o interno confort\u00e1vel, compar\u00e1vel ao de sed\u00e3s de luxo, al\u00e9m de considerarem que as ricas configura\u00e7\u00f5es tecnol\u00f3gicas, como a intera\u00e7\u00e3o por voz inteligente e o sistema avan\u00e7ado de assist\u00eancia ao condutor de n\u00edvel L2, superaram as expectativas. Os meios de comunica\u00e7\u00e3o autom\u00f3vel profissionais de Macau afirmaram que o AION UT apresenta um excelente desempenho em termos de design, desempenho espacial e intelig\u00eancia embarcada, o que est\u00e1 alinhado com o ambiente rodovi\u00e1rio de Macau e a procura dos consumidores locais por carros compactos el\u00e9tricos puros de alta qualidade, e espera-se que alcance uma boa resposta do mercado.<\/p>\n<p>Foto &#8211; <a href=\"https:\/\/mma.prnewswire.com\/media\/2816913\/1.jpg\" target=\"_blank\" rel=\"nofollow\">https:\/\/mma.prnewswire.com\/media\/2816913\/1.jpg<\/a> <\/p>\n<\/p>\n<p id=\"PURL\">\n<img loading=\"lazy\" decoding=\"async\" title=\"Cision\" width=\"12\" height=\"12\" alt=\"Cision\" src=\"https:\/\/edge.prnewswire.com\/c\/img\/favicon.png?sn=PT18693&amp;sd=2025-11-10\" \/> View original content:<a id=\"PRNURL\" rel=\"nofollow\" href=\"https:\/\/www.prnewswire.com\/br\/comunicados-para-a-imprensa\/aion-ut-e-oficialmente-lancada-em-macau-e-a-gac-implementa-amplamente-o-macao-action-para-acelerar-a-globalizacao-ecologica-302610326.html\" target=\"_blank\">https:\/\/www.prnewswire.com\/br\/comunicados-para-a-imprensa\/aion-ut-e-oficialmente-lancada-em-macau-e-a-gac-implementa-amplamente-o-macao-action-para-acelerar-a-globalizacao-ecologica-302610326.html<\/a><\/p>\n<p>FONTE GAC<\/p>\n<\/p><\/div>\n<p>  <img decoding=\"async\" alt=\"\" src=\"https:\/\/rt.prnewswire.com\/rt.gif?NewsItemId=PT18693&amp;Transmission_Id=202511101053PR_NEWS_LATAM____PT18693&amp;DateId=20251110\" style=\"border:0px;width:1px;height:1px\" \/><\/p>\n<p><strong>T\u00f3picos Relacionados:<\/strong> Novos Produtos\/Servi\u00e7os, Not\u00edcias de Feiras Comerciais, Transporte \/ Caminh\u00f5es \/ Ferrovias, Automotivo, Computador\/Eletr\u00f4nica<\/p>\n<p>A <b>OESP<\/b> n\u00e3o \u00e9(s\u00e3o) respons\u00e1vel(is) por erros, incorre\u00e7\u00f5es, atrasos ou quaisquer decis\u00f5es tomadas por seus clientes com base nos Conte\u00fados ora disponibilizados, bem como tais Conte\u00fados n\u00e3o representam a opini\u00e3o da <b>OESP<\/b> e s\u00e3o de inteira responsabilidade da <b>PR Newswire Ltda<\/b><\/p>\n","protected":false},"excerpt":{"rendered":"MACAU, 10 de novembro de 2025 \/PRNewswire\/ &#8212; De 7 a 9 de novembro, a 15\u00aa Exposi\u00e7\u00e3o Internacional do Autom\u00f3vel da China (Macau) (doravante denominada &#8220;Sal\u00e3o do Autom\u00f3vel de","protected":false},"author":1,"featured_media":119138,"comment_status":"open","ping_status":"closed","sticky":false,"template":"","format":"standard","meta":{"_acf_changed":false,"inline_featured_image":false,"_monsterinsights_skip_tracking":false,"_monsterinsights_sitenote_active":false,"_monsterinsights_sitenote_note":"","_monsterinsights_sitenote_category":0,"footnotes":""},"categories":[27],"tags":[4352,4351],"class_list":["post-119137","post","type-post","status-publish","format-standard","has-post-thumbnail","hentry","category-prnewswire","tag-a-15a-exposicao-internacional-do-automovel-da-china-macau-doravante-denominada-salao-do-automovel-de-macau-foi-grandiosamente-realizada-na-the-venetian","tag-de-7-a-9-de-novembro"],"acf":[],"_links":{"self":[{"href":"https:\/\/bluestudio.estadao.com.br\/agencia-de-comunicacao\/wp-json\/wp\/v2\/posts\/119137","targetHints":{"allow":["GET"]}}],"collection":[{"href":"https:\/\/bluestudio.estadao.com.br\/agencia-de-comunicacao\/wp-json\/wp\/v2\/posts"}],"about":[{"href":"https:\/\/bluestudio.estadao.com.br\/agencia-de-comunicacao\/wp-json\/wp\/v2\/types\/post"}],"author":[{"embeddable":true,"href":"https:\/\/bluestudio.estadao.com.br\/agencia-de-comunicacao\/wp-json\/wp\/v2\/users\/1"}],"replies":[{"embeddable":true,"href":"https:\/\/bluestudio.estadao.com.br\/agencia-de-comunicacao\/wp-json\/wp\/v2\/comments?post=119137"}],"version-history":[{"count":0,"href":"https:\/\/bluestudio.estadao.com.br\/agencia-de-comunicacao\/wp-json\/wp\/v2\/posts\/119137\/revisions"}],"wp:featuredmedia":[{"embeddable":true,"href":"https:\/\/bluestudio.estadao.com.br\/agencia-de-comunicacao\/wp-json\/wp\/v2\/media\/119138"}],"wp:attachment":[{"href":"https:\/\/bluestudio.estadao.com.br\/agencia-de-comunicacao\/wp-json\/wp\/v2\/media?parent=119137"}],"wp:term":[{"taxonomy":"category","embeddable":true,"href":"https:\/\/bluestudio.estadao.com.br\/agencia-de-comunicacao\/wp-json\/wp\/v2\/categories?post=119137"},{"taxonomy":"post_tag","embeddable":true,"href":"https:\/\/bluestudio.estadao.com.br\/agencia-de-comunicacao\/wp-json\/wp\/v2\/tags?post=119137"}],"curies":[{"name":"wp","href":"https:\/\/api.w.org\/{rel}","templated":true}]}}