{"id":119119,"date":"2025-11-10T09:57:00","date_gmt":"2025-11-10T12:57:00","guid":{"rendered":"https:\/\/bluestudio.estadao.com.br\/agencia-de-comunicacao\/prnewswire\/arabia-saudita-sediara-a-11a-conferencia-ministerial-dos-paises-menos-desenvolvidos-ldcmc11-em-novembro\/"},"modified":"2025-11-10T09:57:00","modified_gmt":"2025-11-10T12:57:00","slug":"arabia-saudita-sediara-a-11a-conferencia-ministerial-dos-paises-menos-desenvolvidos-ldcmc11-em-novembro","status":"publish","type":"post","link":"https:\/\/bluestudio.estadao.com.br\/agencia-de-comunicacao\/prnewswire\/arabia-saudita-sediara-a-11a-conferencia-ministerial-dos-paises-menos-desenvolvidos-ldcmc11-em-novembro\/","title":{"rendered":"Ar\u00e1bia Saudita sediar\u00e1 a 11\u00aa Confer\u00eancia Ministerial dos Pa\u00edses Menos Desenvolvidos (LDCMC11) em novembro"},"content":{"rendered":"\n<div class=\"xn-content\">\n<p><span class=\"legendSpanClass\">RIADE, Ar\u00e1bia Saudita<\/span>, <span class=\"legendSpanClass\">10 de novembro de 2025<\/span> \/PRNewswire\/ &#8212; A Ar\u00e1bia Saudita est\u00e1 se preparando para sediar a 11\u00aa Confer\u00eancia Ministerial dos Pa\u00edses Menos Desenvolvidos (LDCMC11) em 22 de novembro, com o tema <b>&#8220;Avan\u00e7ando na Industrializa\u00e7\u00e3o Inclusiva: Investimento, Inova\u00e7\u00e3o e Parcerias nos Pa\u00edses Menos Desenvolvidos.&#8221;<\/b> A confer\u00eancia \u00e9 organizada pela Organiza\u00e7\u00e3o das Na\u00e7\u00f5es Unidas para o Desenvolvimento Industrial (UNIDO), em coopera\u00e7\u00e3o com o Minist\u00e9rio da Ind\u00fastria e Recursos Minerais, e preceder\u00e1 a 21\u00aa Confer\u00eancia Geral da UNIDO, realizada em Riade.<\/p>\n<div id=\"prni_dvprnejpg98b4left\" dir=\"ltr\" style=\"width: 100%;text-align: left\"><img decoding=\"async\" id=\"prnejpg98b4left\" title=\"Infographic about LDCMC11\" src=\"https:\/\/mma.prnewswire.com\/media\/2817998\/Future_Minerals_Forum.jpg\" alt=\"Infographic about LDCMC11\" align=\"middle\" \/> <\/div>\n<p>A confer\u00eancia \u00e9 uma importante plataforma global dedicada a discutir o desenvolvimento industrial nos pa\u00edses menos desenvolvidos do mundo. Ela refor\u00e7a o compromisso da comunidade internacional de apoiar 44 pa\u00edses em toda a \u00c1frica, \u00c1sia, Pac\u00edfico e Caribe. Seus objetivos s\u00e3o permitir maior acesso a financiamentos, promover o interc\u00e2mbio de conhecimentos e tecnologias, estimular o com\u00e9rcio e acompanhar os pa\u00edses menos desenvolvidos para se integrarem de forma mais eficaz nas cadeias de valor regionais e globais.<\/p>\n<p>A confer\u00eancia se concentrar\u00e1 em acelerar a industrializa\u00e7\u00e3o inclusiva por meio de tr\u00eas pilares principais: <b>investimento e financiamento, inova\u00e7\u00e3o e parcerias estrat\u00e9gicas.<\/b> As discuss\u00f5es explorar\u00e3o mecanismos financeiros inovadores para mobilizar capital local e internacional em apoio ao crescimento industrial sustent\u00e1vel nos pa\u00edses menos desenvolvidos, enfatizando o papel das institui\u00e7\u00f5es financeiras de desenvolvimento e dos bancos multilaterais. A agenda tamb\u00e9m inclui o di\u00e1logo sobre pol\u00edticas industriais transformadoras para a gradua\u00e7\u00e3o irrevers\u00edvel. A discuss\u00e3o se aprofundar\u00e1 na elabora\u00e7\u00e3o e implementa\u00e7\u00e3o de pol\u00edticas industriais voltadas para o futuro que promovam a diversifica\u00e7\u00e3o, a agrega\u00e7\u00e3o de valor e a atualiza\u00e7\u00e3o tecnol\u00f3gica nos pa\u00edses menos desenvolvidos. <\/p>\n<p>O evento ser\u00e1 aberto com uma sess\u00e3o de alto n\u00edvel intitulada <b>&#8220;Unidos para o progresso pela inova\u00e7\u00e3o,&#8221;<\/b> seguida por um di\u00e1logo ministerial de alto n\u00edvel sobre como promover ambientes prop\u00edcios que atraiam investimentos sustent\u00e1veis, nutrem ecossistemas de inova\u00e7\u00e3o e construam capacidades industriais inclusivas. A sess\u00e3o explorar\u00e1 sinergias entre as prioridades nacionais e oportunidades globais, enfatizando o papel da coopera\u00e7\u00e3o Sul-Sul, da integra\u00e7\u00e3o regional e das alian\u00e7as p\u00fablico-privadas. O programa contar\u00e1 com sess\u00f5es interativas que reunir\u00e3o o setor privado, governos e parceiros de desenvolvimento, al\u00e9m de contribui\u00e7\u00f5es de especialistas e formuladores de pol\u00edticas. Esses compromissos visam construir parcerias eficazes, apoiar a transfer\u00eancia de tecnologia e impulsionar o investimento industrial sustent\u00e1vel nos pa\u00edses mais vulner\u00e1veis.<\/p>\n<p>A Ar\u00e1bia Saudita refor\u00e7ar\u00e1 ainda mais seu papel ao sediar a 21\u00aa Confer\u00eancia Geral da Unido em Riade, de 23 a 27 de novembro de 2025. O evento reunir\u00e1 representantes de 173 estados-membros, juntamente com l\u00edderes ilustres de governos, setor privado e organiza\u00e7\u00f5es internacionais, refor\u00e7ando o papel cr\u00edtico do Reino como parceiro global no avan\u00e7o do desenvolvimento industrial.<\/p>\n<div id=\"prni_dvprnejpg6e6dleft\" dir=\"ltr\" style=\"width: 100%;text-align: left\"><img decoding=\"async\" id=\"prnejpg6e6dleft\" title=\"Future Minerals Forum Logo\" src=\"https:\/\/mma.prnewswire.com\/media\/2817999\/Ministry_of_Industry_and_Mineral_Resources_Logo.jpg\" alt=\"Future Minerals Forum Logo\" align=\"middle\" \/> <\/div>\n<p>Foto &#8211; <a href=\"https:\/\/mma.prnewswire.com\/media\/2817998\/Future_Minerals_Forum.jpg\" target=\"_blank\" rel=\"nofollow\">https:\/\/mma.prnewswire.com\/media\/2817998\/Future_Minerals_Forum.jpg<\/a><br \/>Logotipo &#8211; <a href=\"https:\/\/mma.prnewswire.com\/media\/2817999\/Ministry_of_Industry_and_Mineral_Resources_Logo.jpg\" target=\"_blank\" rel=\"nofollow\">https:\/\/mma.prnewswire.com\/media\/2817999\/Ministry_of_Industry_and_Mineral_Resources_Logo.jpg<\/a><\/p>\n<\/p>\n<p id=\"PURL\">\n<img loading=\"lazy\" decoding=\"async\" title=\"Cision\" width=\"12\" height=\"12\" alt=\"Cision\" src=\"https:\/\/edge.prnewswire.com\/c\/img\/favicon.png?sn=PT19696&amp;sd=2025-11-10\" \/> View original content:<a id=\"PRNURL\" rel=\"nofollow\" href=\"https:\/\/www.prnewswire.com\/br\/comunicados-para-a-imprensa\/arabia-saudita-sediara-a-11-conferencia-ministerial-dos-paises-menos-desenvolvidos-ldcmc11-em-novembro-302610121.html\" target=\"_blank\">https:\/\/www.prnewswire.com\/br\/comunicados-para-a-imprensa\/arabia-saudita-sediara-a-11-conferencia-ministerial-dos-paises-menos-desenvolvidos-ldcmc11-em-novembro-302610121.html<\/a><\/p>\n<p>FONTE Future Minerals Forum<\/p>\n<\/p><\/div>\n<p>  <img decoding=\"async\" alt=\"\" src=\"https:\/\/rt.prnewswire.com\/rt.gif?NewsItemId=PT19696&amp;Transmission_Id=202511100744PR_NEWS_LATAM____PT19696&amp;DateId=20251110\" style=\"border:0px;width:1px;height:1px\" \/><\/p>\n<p><strong>T\u00f3picos Relacionados:<\/strong> Novos Produtos\/Servi\u00e7os, An\u00fancios de Confer\u00eancias Telef\u00f4nicas, Not\u00edcias de Feiras Comerciais, Pol\u00edtica Externa\/Assuntos Internacionais, Computador\/Eletr\u00f4nica<\/p>\n<p>A <b>OESP<\/b> n\u00e3o \u00e9(s\u00e3o) respons\u00e1vel(is) por erros, incorre\u00e7\u00f5es, atrasos ou quaisquer decis\u00f5es tomadas por seus clientes com base nos Conte\u00fados ora disponibilizados, bem como tais Conte\u00fados n\u00e3o representam a opini\u00e3o da <b>OESP<\/b> e s\u00e3o de inteira responsabilidade da <b>PR Newswire Ltda<\/b><\/p>\n","protected":false},"excerpt":{"rendered":"RIADE, Ar\u00e1bia Saudita, 10 de novembro de 2025 \/PRNewswire\/ &#8212; A Ar\u00e1bia Saudita est\u00e1 se preparando para sediar a 11\u00aa Confer\u00eancia Ministerial dos Pa\u00edses Menos Desenvolvidos (LDCMC11) em 22 de","protected":false},"author":1,"featured_media":119120,"comment_status":"open","ping_status":"closed","sticky":false,"template":"","format":"standard","meta":{"_acf_changed":false,"inline_featured_image":false,"_monsterinsights_skip_tracking":false,"_monsterinsights_sitenote_active":false,"_monsterinsights_sitenote_note":"","_monsterinsights_sitenote_category":0,"footnotes":""},"categories":[27],"tags":[4340,4341],"class_list":["post-119119","post","type-post","status-publish","format-standard","has-post-thumbnail","hentry","category-prnewswire","tag-a-arabia-saudita-esta-se-preparando-para-sediar-a-11a-conferencia-ministerial-dos-paises-menos-desenvolvidos-ldcmc11-em-22-de-novembro","tag-com-o-tema-avancando-na-industrializa"],"acf":[],"_links":{"self":[{"href":"https:\/\/bluestudio.estadao.com.br\/agencia-de-comunicacao\/wp-json\/wp\/v2\/posts\/119119","targetHints":{"allow":["GET"]}}],"collection":[{"href":"https:\/\/bluestudio.estadao.com.br\/agencia-de-comunicacao\/wp-json\/wp\/v2\/posts"}],"about":[{"href":"https:\/\/bluestudio.estadao.com.br\/agencia-de-comunicacao\/wp-json\/wp\/v2\/types\/post"}],"author":[{"embeddable":true,"href":"https:\/\/bluestudio.estadao.com.br\/agencia-de-comunicacao\/wp-json\/wp\/v2\/users\/1"}],"replies":[{"embeddable":true,"href":"https:\/\/bluestudio.estadao.com.br\/agencia-de-comunicacao\/wp-json\/wp\/v2\/comments?post=119119"}],"version-history":[{"count":0,"href":"https:\/\/bluestudio.estadao.com.br\/agencia-de-comunicacao\/wp-json\/wp\/v2\/posts\/119119\/revisions"}],"wp:featuredmedia":[{"embeddable":true,"href":"https:\/\/bluestudio.estadao.com.br\/agencia-de-comunicacao\/wp-json\/wp\/v2\/media\/119120"}],"wp:attachment":[{"href":"https:\/\/bluestudio.estadao.com.br\/agencia-de-comunicacao\/wp-json\/wp\/v2\/media?parent=119119"}],"wp:term":[{"taxonomy":"category","embeddable":true,"href":"https:\/\/bluestudio.estadao.com.br\/agencia-de-comunicacao\/wp-json\/wp\/v2\/categories?post=119119"},{"taxonomy":"post_tag","embeddable":true,"href":"https:\/\/bluestudio.estadao.com.br\/agencia-de-comunicacao\/wp-json\/wp\/v2\/tags?post=119119"}],"curies":[{"name":"wp","href":"https:\/\/api.w.org\/{rel}","templated":true}]}}