{"id":118952,"date":"2025-11-05T17:13:00","date_gmt":"2025-11-05T20:13:00","guid":{"rendered":"https:\/\/bluestudio.estadao.com.br\/agencia-de-comunicacao\/prnewswire\/primeira-fabrica-de-baterias-da-eslovaquia-entra-oficialmente-em-operacao-gotion-redefine-a-logica-energetica-da-europa\/"},"modified":"2025-11-05T17:13:00","modified_gmt":"2025-11-05T20:13:00","slug":"primeira-fabrica-de-baterias-da-eslovaquia-entra-oficialmente-em-operacao-gotion-redefine-a-logica-energetica-da-europa","status":"publish","type":"post","link":"https:\/\/bluestudio.estadao.com.br\/agencia-de-comunicacao\/prnewswire\/primeira-fabrica-de-baterias-da-eslovaquia-entra-oficialmente-em-operacao-gotion-redefine-a-logica-energetica-da-europa\/","title":{"rendered":"Primeira f\u00e1brica de baterias da Eslov\u00e1quia entra oficialmente em opera\u00e7\u00e3o, Gotion redefine a l\u00f3gica energ\u00e9tica da Europa"},"content":{"rendered":"\n<div class=\"xn-content\">\n<p><span class=\"legendSpanClass\">?URANY, Eslov\u00e1quia<\/span>, <span class=\"legendSpanClass\">5 de novembro de 2025<\/span> \/PRNewswire\/ &#8212; O mundo est\u00e1 passando por uma nova onda de transforma\u00e7\u00e3o &#8212; uma revolu\u00e7\u00e3o que vai muito al\u00e9m do setor de energia. Cerim\u00f4nia de comemora\u00e7\u00e3o do marco hist\u00f3rico da Gigaf\u00e1brica da Gotion na Eslov\u00e1quia, a primeira f\u00e1brica de baterias para ve\u00edculos el\u00e9tricos da Eslov\u00e1quia que entrou em opera\u00e7\u00e3o oficialmente em 28 de outubro, em ?urany. Isso est\u00e1 redefinindo como os setores evoluem, como as economias crescem e como a humanidade imagina seu futuro coletivo. A transi\u00e7\u00e3o para a energia limpa n\u00e3o \u00e9 mais uma agenda regional, mas sim um imperativo europeu que moldar\u00e1 o pr\u00f3ximo s\u00e9culo de desenvolvimento.<\/p>\n<div id=\"prni_dvprnevidaf8eleft\" dir=\"ltr\" style=\"width: 100%;text-align: left\" title=\" \"> <\/div>\n<p>A Gotion est\u00e1 \u00e0 frente dessa mudan\u00e7a radical, promovendo uma vis\u00e3o de crescimento integrado e sustent\u00e1vel por meio da tecnologia, da fabrica\u00e7\u00e3o e da colabora\u00e7\u00e3o. Da \u00c1sia \u00e0 Europa, a empresa est\u00e1 implantando um ecossistema interligado que impulsiona a Europa em dire\u00e7\u00e3o a um futuro energ\u00e9tico mais limpo e inteligente. Sua nova Gigaf\u00e1brica na Eslov\u00e1quia \u00e9 mais um passo fundamental para concretizar essa vis\u00e3o.<\/p>\n<p>Ocupando 95 hectares, a gigantesca f\u00e1brica foi projetada com uma capacidade inicial de 20 GWh e deve iniciar a produ\u00e7\u00e3o em 2027. Todos os produtos atender\u00e3o ao mercado da UE, permitindo \u00e0 Gotion aumentar sua capacidade de abastecimento regional, melhorar a sua efici\u00eancia em log\u00edstica e fortalecer o seu papel na cadeia industrial sustent\u00e1vel da Europa.<\/p>\n<p>&#8220;A Gotion utilizar\u00e1 as baterias &#8220;Fabricadas na Eslov\u00e1quia&#8221; como for\u00e7a motriz para impulsionar a energia sustent\u00e1vel global&#8221;, afirmou Li Zhen, presidente da Gotion.<\/p>\n<p>Al\u00e9m de sua fun\u00e7\u00e3o de produ\u00e7\u00e3o de baterias, a Gigaf\u00e1brica servir\u00e1 como um centro regional de pesquisa, inova\u00e7\u00e3o e desenvolvimento de talentos. Por meio de parcerias com universidades e institui\u00e7\u00f5es locais, a Gotion pretende criar um <i>ecossistema setor-educa\u00e7\u00e3o<\/i> aberto que forme futuros especialistas, estimule avan\u00e7os tecnol\u00f3gicos e acelere a inova\u00e7\u00e3o da Europa em energias renov\u00e1veis.<\/p>\n<p>O projeto criar\u00e1 aproximadamente 1.300 novos empregos em sua fase inicial e atrair\u00e1 setores de base para a regi\u00e3o, refor\u00e7ando ainda mais o papel da Eslov\u00e1quia na transforma\u00e7\u00e3o sustent\u00e1vel da Europa. Al\u00e9m do impacto econ\u00f4mico, a Gigaf\u00e1brica simboliza a forma como as empresas podem contribuir para o avan\u00e7o da agenda ESG e para a miss\u00e3o global comum de prosperidade sustent\u00e1vel.<\/p>\n<p>&#8220;A unidade de produ\u00e7\u00e3o em ?urany trar\u00e1 um valor agregado consider\u00e1vel e criar\u00e1 um n\u00famero substancial de empregos. Ela tamb\u00e9m contribuir\u00e1 para o crescimento econ\u00f4mico, que \u00e9 essencial para melhorar a qualidade de vida das pessoas, n\u00e3o apenas nesta regi\u00e3o, mas em toda a Eslov\u00e1quia&#8221;, afirmou Robert Fico, primeiro-ministro da Rep\u00fablica Eslovaca.<\/p>\n<p>A Gigaf\u00e1brica demonstra o compromisso da Gotion em promover a transi\u00e7\u00e3o energ\u00e9tica global por meio de tecnologia escal\u00e1vel, inova\u00e7\u00e3o conjunta e pr\u00e1ticas industriais respons\u00e1veis &#8212; ajudando a estabelecer um futuro energ\u00e9tico mais limpo, inteligente e resiliente para todos.<\/p>\n<p>V\u00eddeo &#8211; <a href=\"https:\/\/mma.prnewswire.com\/media\/2812823\/20251103_______________EN.mp4\" target=\"_blank\" rel=\"nofollow\">https:\/\/mma.prnewswire.com\/media\/2812823\/20251103_______________EN.mp4<\/a><\/p>\n<\/p>\n<p id=\"PURL\">\n<img loading=\"lazy\" decoding=\"async\" title=\"Cision\" width=\"12\" height=\"12\" alt=\"Cision\" src=\"https:\/\/edge.prnewswire.com\/c\/img\/favicon.png?sn=PT14880&amp;sd=2025-11-05\" \/> View original content:<a id=\"PRNURL\" rel=\"nofollow\" href=\"https:\/\/www.prnewswire.com\/br\/comunicados-para-a-imprensa\/primeira-fabrica-de-baterias-da-eslovaquia-entra-oficialmente-em-operacao-gotion-redefine-a-logica-energetica-da-europa-302606111.html\" target=\"_blank\">https:\/\/www.prnewswire.com\/br\/comunicados-para-a-imprensa\/primeira-fabrica-de-baterias-da-eslovaquia-entra-oficialmente-em-operacao-gotion-redefine-a-logica-energetica-da-europa-302606111.html<\/a><\/p>\n<p>FONTE Gotion<\/p>\n<\/p><\/div>\n<p>  <img decoding=\"async\" alt=\"\" src=\"https:\/\/rt.prnewswire.com\/rt.gif?NewsItemId=PT14880&amp;Transmission_Id=202511051504PR_NEWS_LATAM____PT14880&amp;DateId=20251105\" style=\"border:0px;width:1px;height:1px\" \/><\/p>\n<p><strong>T\u00f3picos Relacionados:<\/strong> Tecnologia de Transmiss\u00e3o, Petr\u00f3leo\/Energia, Computador\/Eletr\u00f4nica, Produtos e Servi\u00e7os Ambientais, Tecnologia Verde, Servi\u00e7os P\u00fablicos, Concession\u00e1rias de Energia El\u00e9trica, Expans\u00e3o Corporativa<\/p>\n<p>A <b>OESP<\/b> n\u00e3o \u00e9(s\u00e3o) respons\u00e1vel(is) por erros, incorre\u00e7\u00f5es, atrasos ou quaisquer decis\u00f5es tomadas por seus clientes com base nos Conte\u00fados ora disponibilizados, bem como tais Conte\u00fados n\u00e3o representam a opini\u00e3o da <b>OESP<\/b> e s\u00e3o de inteira responsabilidade da <b>PR Newswire Ltda<\/b><\/p>\n","protected":false},"excerpt":{"rendered":"?URANY, Eslov\u00e1quia, 5 de novembro de 2025 \/PRNewswire\/ &#8212; O mundo est\u00e1 passando por uma nova onda de transforma\u00e7\u00e3o &#8212; uma revolu\u00e7\u00e3o que vai muito al\u00e9m do setor de energia. Cerim\u00f4nia","protected":false},"author":1,"featured_media":118953,"comment_status":"open","ping_status":"closed","sticky":false,"template":"","format":"standard","meta":{"_acf_changed":false,"inline_featured_image":false,"_monsterinsights_skip_tracking":false,"_monsterinsights_sitenote_active":false,"_monsterinsights_sitenote_note":"","_monsterinsights_sitenote_category":0,"footnotes":""},"categories":[27],"tags":[4187],"class_list":["post-118952","post","type-post","status-publish","format-standard","has-post-thumbnail","hentry","category-prnewswire","tag-o-mundo-esta-passando-por-uma-nova-onda-de-transformacao-uma-revolucao-que-vai-muito-alem-do-setor-de-energia-cerimonia-de-comemoracao-do-marco-historico-da-gigafabrica-da-got"],"acf":[],"_links":{"self":[{"href":"https:\/\/bluestudio.estadao.com.br\/agencia-de-comunicacao\/wp-json\/wp\/v2\/posts\/118952","targetHints":{"allow":["GET"]}}],"collection":[{"href":"https:\/\/bluestudio.estadao.com.br\/agencia-de-comunicacao\/wp-json\/wp\/v2\/posts"}],"about":[{"href":"https:\/\/bluestudio.estadao.com.br\/agencia-de-comunicacao\/wp-json\/wp\/v2\/types\/post"}],"author":[{"embeddable":true,"href":"https:\/\/bluestudio.estadao.com.br\/agencia-de-comunicacao\/wp-json\/wp\/v2\/users\/1"}],"replies":[{"embeddable":true,"href":"https:\/\/bluestudio.estadao.com.br\/agencia-de-comunicacao\/wp-json\/wp\/v2\/comments?post=118952"}],"version-history":[{"count":0,"href":"https:\/\/bluestudio.estadao.com.br\/agencia-de-comunicacao\/wp-json\/wp\/v2\/posts\/118952\/revisions"}],"wp:featuredmedia":[{"embeddable":true,"href":"https:\/\/bluestudio.estadao.com.br\/agencia-de-comunicacao\/wp-json\/wp\/v2\/media\/118953"}],"wp:attachment":[{"href":"https:\/\/bluestudio.estadao.com.br\/agencia-de-comunicacao\/wp-json\/wp\/v2\/media?parent=118952"}],"wp:term":[{"taxonomy":"category","embeddable":true,"href":"https:\/\/bluestudio.estadao.com.br\/agencia-de-comunicacao\/wp-json\/wp\/v2\/categories?post=118952"},{"taxonomy":"post_tag","embeddable":true,"href":"https:\/\/bluestudio.estadao.com.br\/agencia-de-comunicacao\/wp-json\/wp\/v2\/tags?post=118952"}],"curies":[{"name":"wp","href":"https:\/\/api.w.org\/{rel}","templated":true}]}}