{"id":118884,"date":"2025-11-04T16:27:00","date_gmt":"2025-11-04T19:27:00","guid":{"rendered":"https:\/\/bluestudio.estadao.com.br\/agencia-de-comunicacao\/prnewswire\/world-internet-of-things-exposition-2025-realizada-em-wuxi\/"},"modified":"2025-11-04T16:27:00","modified_gmt":"2025-11-04T19:27:00","slug":"world-internet-of-things-exposition-2025-realizada-em-wuxi","status":"publish","type":"post","link":"https:\/\/bluestudio.estadao.com.br\/agencia-de-comunicacao\/prnewswire\/world-internet-of-things-exposition-2025-realizada-em-wuxi\/","title":{"rendered":"World Internet of Things Exposition 2025 realizada em Wuxi"},"content":{"rendered":"\n<div class=\"xn-content\">\n<p class=\"prntac\"><b>  <i>Explorando as infinitas fronteiras de um mundo conectado inteligente <\/i><\/b>\n <\/p>\n<p><span class=\"legendSpanClass\">WUXI, China<\/span>, <span class=\"legendSpanClass\">4 de novembro de 2025<\/span> \/PRNewswire\/ &#8212; A World Internet of Things Exposition (WIoT) 2025, com o tema &#8220;Conectividade inteligente, fronteiras infinitas&#8221;, ocorreu em Wuxi de 31 de outubro a 2 de novembro de 2025.<\/p>\n<div id=\"prni_dvprnejpg3f03left\" dir=\"ltr\" style=\"width: 100%;text-align: left\"><img decoding=\"async\" id=\"prnejpg3f03left\" title=\" \" src=\"https:\/\/mma.prnewswire.com\/media\/2811150\/image_5015371_32360230.jpg\" alt=\" \" align=\"middle\" \/> <\/div>\n<p>A cerim\u00f4nia de abertura contou com o lan\u00e7amento de duas importantes iniciativas provinciais de Jiangsu: o Laborat\u00f3rio Principal do Sensor MEMS e da Tecnologia de Fabrica\u00e7\u00e3o ASIC e o Centro de Capacita\u00e7\u00e3o da Plataforma Industrial da Internet. Ao mesmo tempo, v\u00e1rios relat\u00f3rios importantes foram divulgados e os resultados do projeto foram anunciados, incluindo o <i>Top 10 IoT Trend Insights 2025<\/i> e os resultados-piloto em toda a cidade da iniciativa de mobilidade conectada 5G-Advanced &#8220;Four-Integration&#8221; (integrando ve\u00edculos, estradas, nuvem e rede). Juntas, essas iniciativas reuniram l\u00edderes globais do setor e insights inovadores, definindo o curso para uma integra\u00e7\u00e3o mais profunda IoT-AI e acelerando a transforma\u00e7\u00e3o digital em todos os setores.<\/p>\n<p>Um destacado programa de pr\u00eamios que reconhece tecnologias, aplicativos e modelos inovadores de IoT atraiu forte participa\u00e7\u00e3o de inovadores e organiza\u00e7\u00f5es em todo o ecossistema de IoT. A competi\u00e7\u00e3o deste ano foi ampliada para incluir tanto as \u00e1reas principais &#8212; Sensores Inteligentes, Comunica\u00e7\u00f5es Avan\u00e7adas, Intelig\u00eancia Incorporada e Ve\u00edculos Conectados Inteligentes, e Internet Industrial &#8212; quanto \u00e1reas incipientes, como Internet via Sat\u00e9lite e Sensoriamento Qu\u00e2ntico. De um grupo de mais de 800 inscri\u00e7\u00f5es globais, 50 projetos foram reconhecidos, incluindo 10 vencedores do Pr\u00eamio Ouro anunciados durante a cerim\u00f4nia.<\/p>\n<p>A WIoT 2025 reuniu uma excelente linha de especialistas e l\u00edderes empresariais renomados por sua pesquisa voltada para o futuro e explora\u00e7\u00e3o pr\u00e1tica no campo da IoT, que ministraram sess\u00f5es de apresenta\u00e7\u00e3o sobre t\u00f3picos importantes, como IA, IoT via sat\u00e9lite e interfaces c\u00e9rebro-computador. Entre os palestrantes estava Zhang Yaqin, membro estrangeiro da Academia Chinesa de Engenharia e reitor do Instituto de Pesquisa do Setor de IA (AIR) da Universidade de Tsinghua.<\/p>\n<p>Com base em sua abordagem estabelecida de organiza\u00e7\u00e3o orientada para o mercado, a WIoT 2025 continuou a enfatizar a colabora\u00e7\u00e3o e a inova\u00e7\u00e3o na interse\u00e7\u00e3o de IA e IoT. Os destaques da Expo foram a perspectiva global, a experi\u00eancia profissional, o di\u00e1logo em n\u00edvel executivo e a aplica\u00e7\u00e3o pr\u00e1tica no setor. Por meio de um programa abrangente com uma cerim\u00f4nia de abertura, sete f\u00f3runs tem\u00e1ticos, uma exposi\u00e7\u00e3o do setor, uma famosa competi\u00e7\u00e3o de pr\u00eamios e 16 eventos ecossist\u00eamicos, reuniu conhecimentos internacionais e recursos do setor para acelerar a inova\u00e7\u00e3o e o crescimento sustent\u00e1vel em todo o setor de IoT.<\/p>\n<p>Foto &#8211; <a href=\"https:\/\/mma.prnewswire.com\/media\/2811150\/image_5015371_32360230.jpg\" target=\"_blank\" rel=\"nofollow\"> https:\/\/mma.prnewswire.com\/media\/2811150\/image_5015371_32360230.jpg<\/a><\/p>\n<p id=\"PURL\">\n<img loading=\"lazy\" decoding=\"async\" title=\"Cision\" width=\"12\" height=\"12\" alt=\"Cision\" src=\"https:\/\/edge.prnewswire.com\/c\/img\/favicon.png?sn=PT13214&amp;sd=2025-11-04\" \/> View original content:<a id=\"PRNURL\" rel=\"nofollow\" href=\"https:\/\/www.prnewswire.com\/br\/comunicados-para-a-imprensa\/world-internet-of-things-exposition-2025-realizada-em-wuxi-302604511.html\" target=\"_blank\">https:\/\/www.prnewswire.com\/br\/comunicados-para-a-imprensa\/world-internet-of-things-exposition-2025-realizada-em-wuxi-302604511.html<\/a><\/p>\n<p>FONTE World Internet of Things Exposition<\/p>\n<\/p><\/div>\n<p>  <img decoding=\"async\" alt=\"\" src=\"https:\/\/rt.prnewswire.com\/rt.gif?NewsItemId=PT13214&amp;Transmission_Id=202511041418PR_NEWS_LATAM____PT13214&amp;DateId=20251104\" style=\"border:0px;width:1px;height:1px\" \/><\/p>\n<p><strong>T\u00f3picos Relacionados:<\/strong> Not\u00edcias de Feiras Comerciais, Computa\u00e7\u00e3o em Nuvem\/Internet das Coisas, Redes de Computadores, Telecomunica\u00e7\u00f5es, Tecnologia de Internet, Computador\/Eletr\u00f4nica, Intelig\u00eancia Artificial<\/p>\n<p>A <b>OESP<\/b> n\u00e3o \u00e9(s\u00e3o) respons\u00e1vel(is) por erros, incorre\u00e7\u00f5es, atrasos ou quaisquer decis\u00f5es tomadas por seus clientes com base nos Conte\u00fados ora disponibilizados, bem como tais Conte\u00fados n\u00e3o representam a opini\u00e3o da <b>OESP<\/b> e s\u00e3o de inteira responsabilidade da <b>PR Newswire Ltda<\/b><\/p>\n","protected":false},"excerpt":{"rendered":"Explorando as infinitas fronteiras de um mundo conectado inteligente WUXI, China, 4 de novembro de 2025 \/PRNewswire\/ &#8212; A World Internet of Things Exposition (WIoT) 2025, com o tema","protected":false},"author":1,"featured_media":118885,"comment_status":"open","ping_status":"closed","sticky":false,"template":"","format":"standard","meta":{"_acf_changed":false,"inline_featured_image":false,"_monsterinsights_skip_tracking":false,"_monsterinsights_sitenote_active":false,"_monsterinsights_sitenote_note":"","_monsterinsights_sitenote_category":0,"footnotes":""},"categories":[27],"tags":[4118,4119,4120,4121],"class_list":["post-118884","post","type-post","status-publish","format-standard","has-post-thumbnail","hentry","category-prnewswire","tag-a-world-internet-of-things-exposition-wiot-2025","tag-com-o-tema-conectividade-inteligente","tag-fronteiras-infinitas","tag-ocorreu-em-wuxi-de-31-de-outubro-a-2-de-novembro-de-2025"],"acf":[],"_links":{"self":[{"href":"https:\/\/bluestudio.estadao.com.br\/agencia-de-comunicacao\/wp-json\/wp\/v2\/posts\/118884","targetHints":{"allow":["GET"]}}],"collection":[{"href":"https:\/\/bluestudio.estadao.com.br\/agencia-de-comunicacao\/wp-json\/wp\/v2\/posts"}],"about":[{"href":"https:\/\/bluestudio.estadao.com.br\/agencia-de-comunicacao\/wp-json\/wp\/v2\/types\/post"}],"author":[{"embeddable":true,"href":"https:\/\/bluestudio.estadao.com.br\/agencia-de-comunicacao\/wp-json\/wp\/v2\/users\/1"}],"replies":[{"embeddable":true,"href":"https:\/\/bluestudio.estadao.com.br\/agencia-de-comunicacao\/wp-json\/wp\/v2\/comments?post=118884"}],"version-history":[{"count":0,"href":"https:\/\/bluestudio.estadao.com.br\/agencia-de-comunicacao\/wp-json\/wp\/v2\/posts\/118884\/revisions"}],"wp:featuredmedia":[{"embeddable":true,"href":"https:\/\/bluestudio.estadao.com.br\/agencia-de-comunicacao\/wp-json\/wp\/v2\/media\/118885"}],"wp:attachment":[{"href":"https:\/\/bluestudio.estadao.com.br\/agencia-de-comunicacao\/wp-json\/wp\/v2\/media?parent=118884"}],"wp:term":[{"taxonomy":"category","embeddable":true,"href":"https:\/\/bluestudio.estadao.com.br\/agencia-de-comunicacao\/wp-json\/wp\/v2\/categories?post=118884"},{"taxonomy":"post_tag","embeddable":true,"href":"https:\/\/bluestudio.estadao.com.br\/agencia-de-comunicacao\/wp-json\/wp\/v2\/tags?post=118884"}],"curies":[{"name":"wp","href":"https:\/\/api.w.org\/{rel}","templated":true}]}}