{"id":118866,"date":"2025-11-04T14:12:00","date_gmt":"2025-11-04T17:12:00","guid":{"rendered":"https:\/\/bluestudio.estadao.com.br\/agencia-de-comunicacao\/prnewswire\/a-cupula-autonoma-inaugural-de-abu-dhabi-revela-programa-destacando-regulamentacao-implantacoes-no-mundo-real-e-escala-intersetorial\/"},"modified":"2025-11-04T14:12:00","modified_gmt":"2025-11-04T17:12:00","slug":"a-cupula-autonoma-inaugural-de-abu-dhabi-revela-programa-destacando-regulamentacao-implantacoes-no-mundo-real-e-escala-intersetorial","status":"publish","type":"post","link":"https:\/\/bluestudio.estadao.com.br\/agencia-de-comunicacao\/prnewswire\/a-cupula-autonoma-inaugural-de-abu-dhabi-revela-programa-destacando-regulamentacao-implantacoes-no-mundo-real-e-escala-intersetorial\/","title":{"rendered":"A C\u00fapula Aut\u00f4noma inaugural de Abu Dhabi revela programa, destacando regulamenta\u00e7\u00e3o, implanta\u00e7\u00f5es no mundo real e escala intersetorial"},"content":{"rendered":"\n<div class=\"xn-content\">\n<ul type=\"disc\">\n<li>Programa de alto n\u00edvel confirma sess\u00f5es sobre seguran\u00e7a e padr\u00f5es de IA, confian\u00e7a entre humanos e IA, mobilidade a\u00e9rea urbana, portos e cidades inteligentes e integra\u00e7\u00e3o industrial intersetorial.<\/li>\n<\/ul>\n<ul type=\"disc\">\n<li>A convoca\u00e7\u00e3o global estabelece caminhos de comercializa\u00e7\u00e3o para 2030\/2040, alinhando a pol\u00edtica, o investimento e a implanta\u00e7\u00e3o \u00e0 escala da cidade.<\/li>\n<\/ul>\n<ul type=\"disc\">\n<li>A c\u00fapula ser\u00e1 o ponto alto da Semana da Autonomia de Abu Dhabi (10 a 15 de novembro de 2025), juntamente com a exposi\u00e7\u00e3o DRIFTx, a RoboCup \u00c1sia-Pac\u00edfico 2025 e a Liga de Corrida Aut\u00f4noma de Abu Dhabi (A2RL).<\/li>\n<\/ul>\n<p><span class=\"legendSpanClass\">ABU DHABI, EAU<\/span>, <span class=\"legendSpanClass\">4 de novembro de 2025<\/span> \/PRNewswire\/ &#8212; A programa\u00e7\u00e3o da c\u00fapula inaugural de Ve\u00edculos Aut\u00f4nomos de Abu Dhabi, que acontecer\u00e1 em 10 de novembro de 2025, foi revelada, reunindo l\u00edderes globais do setor para abordar as quest\u00f5es mais urgentes relacionadas \u00e0 regulamenta\u00e7\u00e3o, integra\u00e7\u00e3o e escalabilidade, al\u00e9m dos avan\u00e7os mais recentes em IA, rob\u00f3tica e mobilidade inteligente.<\/p>\n<div id=\"prni_dvprnejpg7fb7left\" dir=\"ltr\" style=\"width: 100%;text-align: left\"><img decoding=\"async\" id=\"prnejpg7fb7left\" src=\"https:\/\/mma.prnewswire.com\/media\/2811801\/Archer_Midnight_Aircraft.jpg\" align=\"middle\" data-name=\"url$https%3A%2F%2Fmma.prnewswire.com%2Fmedia%2F2811801%2FArcher_Midnight_Aircraft.jpg\" \/> <\/div>\n<\/p>\n<p>Organizada pelo Conselho de Sistemas Inteligentes e Aut\u00f4nomos (SASC) e evento de abertura da Semana Aut\u00f4noma de Abu Dhabi (ADAW), a c\u00fapula definir\u00e1 o pr\u00f3ximo cap\u00edtulo da mobilidade inteligente e aut\u00f4noma e destacar\u00e1 o papel de Abu Dhabi como um campo de testes global, onde a autonomia est\u00e1 passando de iniciativas-piloto para benef\u00edcio p\u00fablico em terra, mar, ar e rob\u00f3tica, bem como em aplica\u00e7\u00f5es industriais.<\/p>\n<p>Realizada sob o tema &#8220;Onde o futuro da mobilidade inteligente e aut\u00f4noma toma forma&#8221;, a c\u00fapula conta com 13 sess\u00f5es e mais de 30 palestrantes, com o objetivo de acelerar a colabora\u00e7\u00e3o entre formuladores de pol\u00edticas, operadores, investidores e inovadores, e traduzir a regulamenta\u00e7\u00e3o em escala real.<\/p>\n<p>A c\u00fapula ser\u00e1 aberta com um Di\u00e1logo de Lideran\u00e7a sobre como o investimento, a integra\u00e7\u00e3o e a inova\u00e7\u00e3o moldar\u00e3o a economia aut\u00f4noma de Abu Dhabi, tra\u00e7ando caminhos de comercializa\u00e7\u00e3o at\u00e9 2030\/2040, as parcerias p\u00fablico-privadas que os possibilitar\u00e3o e a governan\u00e7a e infraestrutura que apoiar\u00e3o cidades resilientes e integradas. Em seguida, um painel sobre Regulamenta\u00e7\u00e3o da Autonomia colocar\u00e1 em pr\u00e1tica o princ\u00edpio &#8220;Seguran\u00e7a em primeiro lugar, depois escala&#8221;, desde a seguran\u00e7a cibern\u00e9tica e a governan\u00e7a de dados at\u00e9 a constru\u00e7\u00e3o e a medi\u00e7\u00e3o da confian\u00e7a p\u00fablica.<\/p>\n<p>A agenda se concentrar\u00e1 ent\u00e3o na implanta\u00e7\u00e3o com &#8220;Do conceito \u00e0 realidade&#8221;, destacando rob\u00f4s-t\u00e1xis, transporte p\u00fablico e modelos de entrega de \u00faltima milha que ser\u00e3o ampliados, seguido por &#8220;Impulsionando a autonomia&#8221; sobre a infraestrutura eletrificada e resiliente que sustentar\u00e1 as opera\u00e7\u00f5es em toda a cidade.<\/p>\n<p>A sinergia entre humanos e IA explorar\u00e1 a IA explic\u00e1vel, a supervis\u00e3o humana e o design de servi\u00e7os que comunicar\u00e3o os riscos de forma clara, enquanto a tomada de decis\u00f5es baseada em IA entrar\u00e1 na pilha de IA em tempo real: drones, estradas inteligentes e log\u00edstica de ponta e nuvem segura.<\/p>\n<p>Uma sess\u00e3o de colabora\u00e7\u00e3o intersetorial mostrar\u00e1 como os l\u00edderes em mobilidade, energia, log\u00edstica e tecnologia estruturar\u00e3o parcerias para revelar casos de uso rent\u00e1veis. O projeto Projetando Portos e Cidades Inteligentes detalhar\u00e1 o design urbano pronto para a autonomia e as aplica\u00e7\u00f5es industriais, enquanto o projeto Mobilidade A\u00e9rea Urbana abordar\u00e1 a certifica\u00e7\u00e3o, a integra\u00e7\u00e3o do espa\u00e7o a\u00e9reo e a conex\u00e3o entre portos, aeroportos e distritos. Cidades inteligentes em a\u00e7\u00e3o compartilhar\u00e1 transforma\u00e7\u00f5es ao vivo, e Financiamento e seguro de novas classes de ativos concluir\u00e1 com a forma como os modelos de capital e cobertura se adaptar\u00e3o \u00e0s plataformas da pr\u00f3xima gera\u00e7\u00e3o.<\/p>\n<p>Alguns dos principais porta-vozes do setor que participam da C\u00fapula Aut\u00f4noma de Abu Dhabi incluem Sherif Tawfik, diretor de parcerias da G42 na Microsoft; Tony Xu Han, fundador, presidente e CEO da WeRide; Nikhil Goel, diretor comercial da Archer Aviation; Dr. Talib Alhinai, gerente geral da Archer Aviation nos Emirados \u00c1rabes Unidos; Matt Chasen, CEO da LIFT Aircraft; Tobias Liebelt, CEO da BENTELER Mobility; Mark Seeger, co-CEO e fundador da Glydways; Michael S\u00f8nderby, CEO interino da SteerAI; George Prentzas, CEO da Versa Aerospace; Hugo Fozzati, diretor comercial da Tensor; Desmond Wheatley, CEO, presidente e presidente do conselho da BEAM Global; Sven Beiker, diretor administrativo da Silicon Valley Mobility e professor da Stanford Graduate School of Business; Sua Excel\u00eancia Faisal Al Bannai, secret\u00e1rio-geral do Conselho de Pesquisa em Tecnologia Avan\u00e7ada; Sua Excel\u00eancia Mohamed Ali Al Shorafa, presidente do Departamento de Munic\u00edpios e Transportes; Sua Excel\u00eancia Ahmed Jasim Al Zaabi, presidente do Departamento de Desenvolvimento Econ\u00f4mico de Abu Dhabi; Sua Excel\u00eancia Badr Salim Al Olama, diretor-geral do Escrit\u00f3rio de Investimentos de Abu Dhabi; St\u00e9phane Timpano, CEO da ASPIRE; Tariq Ahmed Al Wahedi, CEO do Grupo 7X; Fay Arjomandi, Fundador e CEO da mimik; Elena Sorlini, Diretora Executiva e CEO da Abu Dhabi Airports; Mohamed Salah, CEO do Grupo Advanced Mobility Hub; e Rashid Matar Al Manai, CEO da LODD Autonomous.<\/p>\n<p>Sua Excel\u00eancia Faisal Al Bannai, assessor do presidente dos Emirados \u00c1rabes Unidos para Assuntos de Pesquisa Estrat\u00e9gica e Tecnologia Avan\u00e7ada e secret\u00e1rio-geral do Conselho de Pesquisa em Tecnologia Avan\u00e7ada, afirmou: &#8220;A Semana da Autonomia de Abu Dhabi reflete nosso compromisso em moldar a era da autonomia inteligente, na qual as m\u00e1quinas pensam, se adaptam e agem ao nosso lado. N\u00e3o se trata apenas de tecnologia, mas tamb\u00e9m de reimaginar a mobilidade, a ind\u00fastria e a pr\u00f3pria experi\u00eancia humana.&#8221;<\/p>\n<p><b>Programa\u00e7\u00e3o de eventos da semana de Ve\u00edculos Aut\u00f4nomos de Abu Dhabi:<\/b>\n <\/p>\n<p><b>10 de novembro &#8211; C\u00fapula Aut\u00f4noma de Abu Dhabi <\/b>\n <\/p>\n<p>O programa de seis dias come\u00e7a com a C\u00fapula Aut\u00f4noma de Abu Dhabi, onde pioneiros do setor, formuladores de pol\u00edticas e investidores se reunir\u00e3o para participar de di\u00e1logos de alto n\u00edvel que definir\u00e3o o pr\u00f3ximo cap\u00edtulo da mobilidade inteligente.<\/p>\n<p><b>10 a 12 de Novembro<\/b><b> &#8211; <\/b><b>exposi\u00e7\u00e3o DRIFTx <\/b>\n <\/p>\n<p>Durante tr\u00eas dias, a DRIFTx apresentar\u00e1 solu\u00e7\u00f5es inteligentes e aut\u00f4nomas de mobilidade a\u00e9rea, terrestre, mar\u00edtima e rob\u00f3tica em uma exposi\u00e7\u00e3o interativa ao vivo.<\/p>\n<p><b>10 a 15 de novembro &#8211; RoboCup \u00c1sia-Pac\u00edfico 2025<\/b>\n <\/p>\n<p>Realizada durante toda a ADAW, de 10 a 15 de novembro, a RoboCup \u00c1sia-Pac\u00edfico 2025, organizada pela Universidade Khalifa e realizada pela primeira vez na regi\u00e3o do Oriente M\u00e9dio e Norte da \u00c1frica, reunir\u00e1 as melhores equipes internacionais para competir em desafios de rob\u00f3tica aut\u00f4noma impulsionados por IA.<\/p>\n<p><b>15 de novembro &#8211; Liga de Corrida Aut\u00f4noma de Abu Dhabi (A2RL)<\/b>\n <\/p>\n<p>A ADAW ser\u00e1 conclu\u00edda com a segunda edi\u00e7\u00e3o da Liga de Corrida Aut\u00f4noma de Abu Dhabi (A2RL), uma exibi\u00e7\u00e3o de automobilismo que demonstra a tecnologia de ponta das corridas aut\u00f4nomas. Organizado pela ASPIRE e pelo Conselho de Pesquisa em Tecnologia Avan\u00e7ada de Abu Dhabi (ATRC), o evento contar\u00e1 com um pr\u00eamio total de US$ 2,25 milh\u00f5es e ter\u00e1 a participa\u00e7\u00e3o de equipes de pesquisa de elite de 10 pa\u00edses.<\/p>\n<p>Para obter mais informa\u00e7\u00f5es sobre a Semana de Ve\u00edculos Aut\u00f4nomos de Abu Dhabi 2025, acesse: <a href=\"http:\/\/www.autonomous.abudhabi\/\" target=\"_blank\" rel=\"nofollow\">autonomous.abudhabi<\/a> e siga nossos canais de redes sociais em @autonomousad.<\/p>\n<p>A m\u00eddia credenciada pode registrar interesse e solicitar entrevistas com palestrantes confirmados via <a href=\"mailto:media@autonomousad.ae\" target=\"_blank\" rel=\"nofollow\">media@autonomousad.ae<\/a>.<\/p>\n<p><b>Sobre o Conselho de Sistemas Inteligentes e Aut\u00f4nomos (SASC)<\/b>\n <\/p>\n<p>Fundado em 2024, o Conselho de Sistemas Inteligentes e Aut\u00f4nomos (SASC) \u00e9 respons\u00e1vel por definir a dire\u00e7\u00e3o estrat\u00e9gica do setor de tecnologias inteligentes e aut\u00f4nomas de Abu Dhabi. Impulsionando pol\u00edticas, regulamenta\u00e7\u00f5es, investimentos e inova\u00e7\u00f5es por meio da colabora\u00e7\u00e3o com entidades governamentais, inovadores globais e partes interessadas do setor, a SASC est\u00e1 moldando um ecossistema de classe mundial que posiciona Abu Dhabi na vanguarda das tecnologias do futuro e como um centro global l\u00edder em mobilidade inteligente e sistemas aut\u00f4nomos.<\/p>\n<p><b>Sobre a Semana de Ve\u00edculos Aut\u00f4nomos de Abu Dhabi<\/b>\n <\/p>\n<p>A Abu Dhabi Autonomous Week (ADAW) \u00e9 a plataforma emblem\u00e1tica do emirado para promover a mobilidade inteligente e os sistemas aut\u00f4nomos em terra, mar, ar, rob\u00f3tica e ind\u00fastria. Organizada pelo Conselho de Sistemas Inteligentes e Aut\u00f4nomos (SASC), a edi\u00e7\u00e3o inaugural re\u00fane l\u00edderes globais do setor, formuladores de pol\u00edticas, inovadores e investidores para conectar, colaborar e acelerar o futuro da tecnologia aut\u00f4noma. Come\u00e7ando com a C\u00fapula Aut\u00f4noma de Abu Dhabi, o principal evento da semana para di\u00e1logos e parcerias de alto n\u00edvel, o programa \u00e9 ainda mais fortalecido por iniciativas como DRIFTx, RoboCup \u00c1sia-Pac\u00edfico 2025 (RCAP 2025) e Abu Dhabi Autonomous Racing League (A2RL), refor\u00e7ando o papel de Abu Dhabi como um centro global de inova\u00e7\u00e3o, investimento e implanta\u00e7\u00e3o segura e sustent\u00e1vel de tecnologias aut\u00f4nomas.<\/p>\n<p>Foto: <a href=\"https:\/\/mma.prnewswire.com\/media\/2811801\/Archer_Midnight_Aircraft.jpg\" target=\"_blank\" rel=\"nofollow\">https:\/\/mma.prnewswire.com\/media\/2811801\/Archer_Midnight_Aircraft.jpg<\/a><\/p>\n<p id=\"PURL\">\n<img loading=\"lazy\" decoding=\"async\" title=\"Cision\" width=\"12\" height=\"12\" alt=\"Cision\" src=\"https:\/\/edge.prnewswire.com\/c\/img\/favicon.png?sn=PT13746&amp;sd=2025-11-04\" \/> View original content:<a id=\"PRNURL\" rel=\"nofollow\" href=\"https:\/\/www.prnewswire.com\/br\/comunicados-para-a-imprensa\/a-cupula-autonoma-inaugural-de-abu-dhabi-revela-programa-destacando-regulamentacao-implantacoes-no-mundo-real-e-escala-intersetorial-302604360.html\" target=\"_blank\">https:\/\/www.prnewswire.com\/br\/comunicados-para-a-imprensa\/a-cupula-autonoma-inaugural-de-abu-dhabi-revela-programa-destacando-regulamentacao-implantacoes-no-mundo-real-e-escala-intersetorial-302604360.html<\/a><\/p>\n<p>FONTE Abu Dhabi Autonomous Week<\/p>\n<\/p><\/div>\n<p>  <img decoding=\"async\" alt=\"\" src=\"https:\/\/rt.prnewswire.com\/rt.gif?NewsItemId=PT13746&amp;Transmission_Id=202511041207PR_NEWS_LATAM____PT13746&amp;DateId=20251104\" style=\"border:0px;width:1px;height:1px\" \/><\/p>\n<p><strong>T\u00f3picos Relacionados:<\/strong> Not\u00edcias de Feiras Comerciais, Transporte \/ Caminh\u00f5es \/ Ferrovias, Eventos Futuros, Companhias A\u00e9reas\/Avia\u00e7\u00e3o, Computador\/Eletr\u00f4nica, Intelig\u00eancia Artificial<\/p>\n<p>A <b>OESP<\/b> n\u00e3o \u00e9(s\u00e3o) respons\u00e1vel(is) por erros, incorre\u00e7\u00f5es, atrasos ou quaisquer decis\u00f5es tomadas por seus clientes com base nos Conte\u00fados ora disponibilizados, bem como tais Conte\u00fados n\u00e3o representam a opini\u00e3o da <b>OESP<\/b> e s\u00e3o de inteira responsabilidade da <b>PR Newswire Ltda<\/b><\/p>\n","protected":false},"excerpt":{"rendered":"Programa de alto n\u00edvel confirma sess\u00f5es sobre seguran\u00e7a e padr\u00f5es de IA, confian\u00e7a entre humanos e IA, mobilidade a\u00e9rea urbana, portos e cidades inteligentes e integra\u00e7\u00e3o industrial","protected":false},"author":1,"featured_media":118867,"comment_status":"open","ping_status":"closed","sticky":false,"template":"","format":"standard","meta":{"_acf_changed":false,"inline_featured_image":false,"_monsterinsights_skip_tracking":false,"_monsterinsights_sitenote_active":false,"_monsterinsights_sitenote_note":"","_monsterinsights_sitenote_category":0,"footnotes":""},"categories":[27],"tags":[4106,4108,4107,4109],"class_list":["post-118866","post","type-post","status-publish","format-standard","has-post-thumbnail","hentry","category-prnewswire","tag-a-programacao-da-cupula-inaugural-de-veiculos-autonomos-de-abu-dhabi","tag-foi-revelada","tag-que-acontecera-em-10-de-novembro-de-2025","tag-reunindo-lideres-globais-do-setor-para-abordar-as-que"],"acf":[],"_links":{"self":[{"href":"https:\/\/bluestudio.estadao.com.br\/agencia-de-comunicacao\/wp-json\/wp\/v2\/posts\/118866","targetHints":{"allow":["GET"]}}],"collection":[{"href":"https:\/\/bluestudio.estadao.com.br\/agencia-de-comunicacao\/wp-json\/wp\/v2\/posts"}],"about":[{"href":"https:\/\/bluestudio.estadao.com.br\/agencia-de-comunicacao\/wp-json\/wp\/v2\/types\/post"}],"author":[{"embeddable":true,"href":"https:\/\/bluestudio.estadao.com.br\/agencia-de-comunicacao\/wp-json\/wp\/v2\/users\/1"}],"replies":[{"embeddable":true,"href":"https:\/\/bluestudio.estadao.com.br\/agencia-de-comunicacao\/wp-json\/wp\/v2\/comments?post=118866"}],"version-history":[{"count":0,"href":"https:\/\/bluestudio.estadao.com.br\/agencia-de-comunicacao\/wp-json\/wp\/v2\/posts\/118866\/revisions"}],"wp:featuredmedia":[{"embeddable":true,"href":"https:\/\/bluestudio.estadao.com.br\/agencia-de-comunicacao\/wp-json\/wp\/v2\/media\/118867"}],"wp:attachment":[{"href":"https:\/\/bluestudio.estadao.com.br\/agencia-de-comunicacao\/wp-json\/wp\/v2\/media?parent=118866"}],"wp:term":[{"taxonomy":"category","embeddable":true,"href":"https:\/\/bluestudio.estadao.com.br\/agencia-de-comunicacao\/wp-json\/wp\/v2\/categories?post=118866"},{"taxonomy":"post_tag","embeddable":true,"href":"https:\/\/bluestudio.estadao.com.br\/agencia-de-comunicacao\/wp-json\/wp\/v2\/tags?post=118866"}],"curies":[{"name":"wp","href":"https:\/\/api.w.org\/{rel}","templated":true}]}}