{"id":118852,"date":"2025-11-04T11:57:00","date_gmt":"2025-11-04T14:57:00","guid":{"rendered":"https:\/\/bluestudio.estadao.com.br\/agencia-de-comunicacao\/prnewswire\/vw-caminhoes-e-onibus-compoe-alianca-para-implementar-eletropostos-de-maior-porte-na-cidade-do-rio\/"},"modified":"2025-11-04T11:57:00","modified_gmt":"2025-11-04T14:57:00","slug":"vw-caminhoes-e-onibus-compoe-alianca-para-implementar-eletropostos-de-maior-porte-na-cidade-do-rio","status":"publish","type":"post","link":"https:\/\/bluestudio.estadao.com.br\/agencia-de-comunicacao\/prnewswire\/vw-caminhoes-e-onibus-compoe-alianca-para-implementar-eletropostos-de-maior-porte-na-cidade-do-rio\/","title":{"rendered":"VW Caminh\u00f5es e \u00d4nibus comp\u00f5e alian\u00e7a para implementar eletropostos de maior porte na cidade do Rio"},"content":{"rendered":"\n<div class=\"xn-content\">\n<p class=\"prntac\"><i>Montadora \u00e9 a \u00fanica da City-Business Alliance (CBA) a participar do projeto internacional Laneshift Rio para descarboniza\u00e7\u00e3o do transporte de carga na capital fluminense<\/i>\n <\/p>\n<p><span class=\"legendSpanClass\">S\u00c3O PAULO<\/span>, <span class=\"legendSpanClass\">4 de novembro de 2025<\/span><span>\/PRNewswire\/ &#8212; <\/span>A Pioneira na eletromobilidade no transporte de cargas no pa\u00eds, a Volkswagen Caminh\u00f5es e \u00d4nibus dedicar\u00e1 toda sua expertise para prestar consultoria e apoio t\u00e9cnico no programa internacional Laneshift Rio, iniciativa global liderada pela C40 Cities e The Climate Pledge para a amplia\u00e7\u00e3o da infraestrutura p\u00fablica de recarga para ve\u00edculos el\u00e9tricos na cidade do Rio de Janeiro. A montadora integra a Alian\u00e7a Cidade-Empresa Laneshift, ao lado de outras empresas estrat\u00e9gicas.<\/p>\n<div class=\"PRN_ImbeddedAssetReference\" id=\"DivAssetPlaceHolder2386\">\n  <a href=\"https:\/\/mma.prnewswire.com\/media\/2813253\/SH.html\" target=\"_blank\" rel=\"nofollow\"> <img decoding=\"async\" src=\"https:\/\/mma.prnewswire.com\/media\/2813253\/SH.jpg\" title=\"\" alt=\"\" \/>  <\/a>\n<\/p>\n<\/p><\/div>\n<p>O e-Delivery, primeiro caminh\u00e3o el\u00e9trico 100% desenvolvido e produzido no Brasil, est\u00e1 entre os ve\u00edculos envolvidos no projeto voltado a testar e aprimorar um modelo de hub p\u00fablico de recarga. Com foco em solu\u00e7\u00f5es sustent\u00e1veis para o transporte comercial, a empresa v\u00ea na iniciativa uma oportunidade de colaborar com o poder p\u00fablico e demais parceiros na constru\u00e7\u00e3o de uma infraestrutura robusta de recarga p\u00fablica para ve\u00edculos el\u00e9tricos de carga.<\/p>\n<p>&#8220;A colabora\u00e7\u00e3o entre setor p\u00fablico e privado \u00e9 essencial para acelerar a descarboniza\u00e7\u00e3o do transporte de carga. Com o Laneshift, temos a oportunidade de testar modelos reais de recarga p\u00fablica e contribuir com nossa experi\u00eancia em ve\u00edculos el\u00e9tricos para tornar essa transi\u00e7\u00e3o uma realidade concreta nas cidades brasileiras, diminuindo a depend\u00eancia dos clientes de infraestrutura pr\u00f3pria e tamb\u00e9m ampliando as oportunidades para amplia\u00e7\u00e3o de suas frotas&#8221;, afirma Roberto Cortes, CEO e presidente da Volkswagen Caminh\u00f5es e \u00d4nibus.<\/p>\n<p>A iniciativa Laneshift prev\u00ea a instala\u00e7\u00e3o de 15 novos eletropostos p\u00fablicos at\u00e9 2028. Desde julho, a alian\u00e7a opera um projeto demonstrativo de recarga, com os dois eletropostos abertos ao p\u00fablico do Rio, o Eleposto Carioca, na Barra da Tijuca, primeiro hub de recarga em \u00e1rea p\u00fablica do Rio de Janeiro, e outro na Avenida Brasil, que funcionam como laborat\u00f3rios urbanos. A Volkswagen Caminh\u00f5es e \u00d4nibus apoia essa fase de testes como parte de sua estrat\u00e9gia de fomentar o uso de ve\u00edculos el\u00e9tricos em opera\u00e7\u00f5es reais, contribuindo com dados e experi\u00eancias que ir\u00e3o facilitar a expans\u00e3o da rede de recarga no munic\u00edpio.<\/p>\n<p>O piloto j\u00e1 contabiliza mais de 1.000 sess\u00f5es de recarga e 35 MWh consumidos com diferentes ve\u00edculos de carga que circulam na cidade, sendo que 20% de todas as recargas p\u00fablicas da cidade j\u00e1 correspondem ao transporte de carga. As evid\u00eancias coletadas ir\u00e3o subsidiar a implanta\u00e7\u00e3o dos novos pontos, meta inclu\u00edda no Plano Estrat\u00e9gico 2025-2028 da cidade com apoio t\u00e9cnico da Laneshift.<\/p>\n<p>&#8220;A colabora\u00e7\u00e3o entre governos, empresas e sociedade \u00e9 a chave para construir um futuro mais limpo e sustent\u00e1vel para o Rio e para a log\u00edstica urbana, garantindo a redu\u00e7\u00e3o da polui\u00e7\u00e3o e a cria\u00e7\u00e3o de novas oportunidades&#8221;, destaca Gabriel Tenenbaum, diretor de implementa\u00e7\u00e3o para a Am\u00e9rica Latina na C40.<\/p>\n<p><a href=\"https:\/\/vwtbpress.com\/\" target=\"_blank\" rel=\"nofollow\">Volkswagen Caminh\u00f5es e \u00d4nibus &#8211; Sala de Imprensa<\/a><\/p>\n<p class=\"prntac\"><b>Um membro do GRUPO TRATON<\/b>\n <\/p>\n<p><b>Sobre a VW Caminh\u00f5es e \u00d4nibus<\/b>\n <\/p>\n<p>Membro do Grupo TRATON, a VW Caminh\u00f5es e \u00d4nibus \u00e9 a fabricante dos ve\u00edculos comerciais Volkswagen, uma das maiores montadoras de caminh\u00f5es e \u00f4nibus da Am\u00e9rica Latina. Desde 1981, quando iniciou suas opera\u00e7\u00f5es, chegar ao topo do mercado, respeitando e satisfazendo as necessidades dos clientes, sempre foi o foco da montadora. E \u00e9 exatamente isso que oferece a seus clientes: produtos sob medida e um excelente servi\u00e7o de p\u00f3s-vendas. A empresa tamb\u00e9m \u00e9 refer\u00eancia em inova\u00e7\u00f5es tecnol\u00f3gicas, sendo pioneira no desenvolvimento e produ\u00e7\u00e3o de um caminh\u00e3o 100% el\u00e9trico na Am\u00e9rica Latina. A empresa busca sempre solu\u00e7\u00f5es que reduzam o impacto ambiental e ajudem a preservar o meio ambiente. H\u00e1 mais de 40 anos, a fabricante mant\u00e9m seu compromisso de desenvolver ve\u00edculos que superem as exig\u00eancias dos clientes &#8211; onde quer que eles rodem, seja pelas estradas brasileiras, latino-americanas, africanas ou asi\u00e1ticas.<\/p>\n<p><b>Sobre o GRUPO TRATON<\/b>\n <\/p>\n<p>Com suas marcas Volkswagen Caminh\u00f5es e \u00d4nibus, Scania, MAN e Navistar, a TRATON SE \u00e9 controladora do GRUPO TRATON e um dos principais fabricantes de ve\u00edculos comerciais do mundo. Seu portf\u00f3lio de produtos inclui caminh\u00f5es, \u00f4nibus e ve\u00edculos comerciais leves. &#8220;Transformando o Transporte Juntos. Para um mundo sustent\u00e1vel&#8221;: esta inten\u00e7\u00e3o refor\u00e7a a ambi\u00e7\u00e3o da empresa de ter um impacto duradouro e sustent\u00e1vel no neg\u00f3cio de ve\u00edculos comerciais e no crescimento comercial do Grupo.<\/p>\n<p><b>Volkswagen Caminh\u00f5es e \u00d4nibus<\/b><br \/><b>Comunica\u00e7\u00e3o <\/b><br \/>\n<br \/>(11) 5582-5335 \/ (24) 3381-1063<br \/><a href=\"mailto:comunicacao@volkswagen.com.br\" target=\"_blank\" rel=\"nofollow\">comunicacao@volkswagen.com.br<\/a><\/p>\n<p>Foto &#8211; <a href=\"https:\/\/mma.prnewswire.com\/media\/2813253\/SH.jpg\" target=\"_blank\" rel=\"nofollow\">https:\/\/mma.prnewswire.com\/media\/2813253\/SH.jpg<\/a><\/p>\n<\/p>\n<div class=\"PRN_ImbeddedAssetReference\" id=\"DivAssetPlaceHolder0\"><\/div>\n<p id=\"PURL\">\n<img loading=\"lazy\" decoding=\"async\" title=\"Cision\" width=\"12\" height=\"12\" alt=\"Cision\" src=\"https:\/\/edge.prnewswire.com\/c\/img\/favicon.png?sn=PT15175&amp;sd=2025-11-04\" \/> View original content to download multimedia:<a id=\"PRNURL\" rel=\"nofollow\" href=\"https:\/\/www.prnewswire.com\/br\/comunicados-para-a-imprensa\/vw-caminhoes-e-onibus-compoe-alianca-para-implementar-eletropostos-de-maior-porte-na-cidade-do-rio-302604192.html\" target=\"_blank\">https:\/\/www.prnewswire.com\/br\/comunicados-para-a-imprensa\/vw-caminhoes-e-onibus-compoe-alianca-para-implementar-eletropostos-de-maior-porte-na-cidade-do-rio-302604192.html<\/a><\/p>\n<p>FONTE Volkswagen Caminh\u00f5es e \u00d4nibus<\/p>\n<\/p><\/div>\n<p>  <img decoding=\"async\" alt=\"\" src=\"https:\/\/rt.prnewswire.com\/rt.gif?NewsItemId=PT15175&amp;Transmission_Id=202511040947PR_NEWS_LATAM____PT15175&amp;DateId=20251104\" style=\"border:0px;width:1px;height:1px\" \/><\/p>\n<p><strong>T\u00f3picos Relacionados:<\/strong> Novos Produtos\/Servi\u00e7os, Cadeia de Suprimentos\/Log\u00edstica, Transporte \/ Caminh\u00f5es \/ Ferrovias, Automotivo, Computador\/Eletr\u00f4nica<\/p>\n<p>A <b>OESP<\/b> n\u00e3o \u00e9(s\u00e3o) respons\u00e1vel(is) por erros, incorre\u00e7\u00f5es, atrasos ou quaisquer decis\u00f5es tomadas por seus clientes com base nos Conte\u00fados ora disponibilizados, bem como tais Conte\u00fados n\u00e3o representam a opini\u00e3o da <b>OESP<\/b> e s\u00e3o de inteira responsabilidade da <b>PR Newswire Ltda<\/b><\/p>\n","protected":false},"excerpt":{"rendered":"Montadora \u00e9 a \u00fanica da City-Business Alliance (CBA) a participar do projeto internacional Laneshift Rio para descarboniza\u00e7\u00e3o do transporte de carga na capital fluminense S\u00c3O PAULO, 4 de novembro","protected":false},"author":1,"featured_media":118853,"comment_status":"open","ping_status":"closed","sticky":false,"template":"","format":"standard","meta":{"_acf_changed":false,"inline_featured_image":false,"_monsterinsights_skip_tracking":false,"_monsterinsights_sitenote_active":false,"_monsterinsights_sitenote_note":"","_monsterinsights_sitenote_category":0,"footnotes":""},"categories":[27],"tags":[4102,4103],"class_list":["post-118852","post","type-post","status-publish","format-standard","has-post-thumbnail","hentry","category-prnewswire","tag-a-pioneira-na-eletromobilidade-no-transporte-de-cargas-no-pais","tag-a-volkswagen-caminhoes-e-onibus-dedicara-toda-sua-expertise-para-prestar-consultoria-e-apoio-tecnico-no-programa-in"],"acf":[],"_links":{"self":[{"href":"https:\/\/bluestudio.estadao.com.br\/agencia-de-comunicacao\/wp-json\/wp\/v2\/posts\/118852","targetHints":{"allow":["GET"]}}],"collection":[{"href":"https:\/\/bluestudio.estadao.com.br\/agencia-de-comunicacao\/wp-json\/wp\/v2\/posts"}],"about":[{"href":"https:\/\/bluestudio.estadao.com.br\/agencia-de-comunicacao\/wp-json\/wp\/v2\/types\/post"}],"author":[{"embeddable":true,"href":"https:\/\/bluestudio.estadao.com.br\/agencia-de-comunicacao\/wp-json\/wp\/v2\/users\/1"}],"replies":[{"embeddable":true,"href":"https:\/\/bluestudio.estadao.com.br\/agencia-de-comunicacao\/wp-json\/wp\/v2\/comments?post=118852"}],"version-history":[{"count":0,"href":"https:\/\/bluestudio.estadao.com.br\/agencia-de-comunicacao\/wp-json\/wp\/v2\/posts\/118852\/revisions"}],"wp:featuredmedia":[{"embeddable":true,"href":"https:\/\/bluestudio.estadao.com.br\/agencia-de-comunicacao\/wp-json\/wp\/v2\/media\/118853"}],"wp:attachment":[{"href":"https:\/\/bluestudio.estadao.com.br\/agencia-de-comunicacao\/wp-json\/wp\/v2\/media?parent=118852"}],"wp:term":[{"taxonomy":"category","embeddable":true,"href":"https:\/\/bluestudio.estadao.com.br\/agencia-de-comunicacao\/wp-json\/wp\/v2\/categories?post=118852"},{"taxonomy":"post_tag","embeddable":true,"href":"https:\/\/bluestudio.estadao.com.br\/agencia-de-comunicacao\/wp-json\/wp\/v2\/tags?post=118852"}],"curies":[{"name":"wp","href":"https:\/\/api.w.org\/{rel}","templated":true}]}}