{"id":118833,"date":"2025-11-04T07:57:00","date_gmt":"2025-11-04T10:57:00","guid":{"rendered":"https:\/\/bluestudio.estadao.com.br\/agencia-de-comunicacao\/prnewswire\/mtx-group-anuncia-expansao-estrategica-para-o-brasil-fortalecendo-presenca-global-em-transformacao-digital\/"},"modified":"2025-11-04T07:57:00","modified_gmt":"2025-11-04T10:57:00","slug":"mtx-group-anuncia-expansao-estrategica-para-o-brasil-fortalecendo-presenca-global-em-transformacao-digital","status":"publish","type":"post","link":"https:\/\/bluestudio.estadao.com.br\/agencia-de-comunicacao\/prnewswire\/mtx-group-anuncia-expansao-estrategica-para-o-brasil-fortalecendo-presenca-global-em-transformacao-digital\/","title":{"rendered":"MTX Group Anuncia Expans\u00e3o Estrat\u00e9gica para o Brasil, Fortalecendo Presen\u00e7a Global em Transforma\u00e7\u00e3o Digital"},"content":{"rendered":"\n<div class=\"xn-content\">\n<p><span class=\"legendSpanClass\">BRAS\u00cdLIA<\/span>, <span class=\"legendSpanClass\">4 de Novembro de 2025<\/span> \/PRNewswire\/ &#8212; A <a href=\"https:\/\/www.mtxlatam.com\/s\/\" target=\"_blank\" rel=\"nofollow\">MTX LATAM<\/a>, bra\u00e7o regional da MTX Group, dos Estados Unidos, e parceira l\u00edder em transforma\u00e7\u00e3o digital e implementa\u00e7\u00e3o de SaaS, anunciou hoje sua expans\u00e3o oficial para o Brasil, marcando a entrada do grupo em seu oitavo mercado global. Essa medida estrat\u00e9gica refor\u00e7a o compromisso da MTX em capacitar governos e empresas em toda a Am\u00e9rica Latina com solu\u00e7\u00f5es inovadoras, baseadas em dados e intelig\u00eancia artificial, que transformam iniciativas em resultados consistentes e sustent\u00e1veis.<\/p>\n<div class=\"PRN_ImbeddedAssetReference\" id=\"DivAssetPlaceHolder4289\">\n  <a href=\"https:\/\/mma.prnewswire.com\/media\/2812361\/MTX_LATAM_Announcements_2025__13.html\" target=\"_blank\" rel=\"nofollow\"> <img decoding=\"async\" src=\"https:\/\/mma.prnewswire.com\/media\/2812361\/MTX_LATAM_Announcements_2025__13.jpg\" title=\"\" alt=\"\" \/>  <\/a>\n<\/p>\n<\/p><\/div>\n<p><b>Para liderar esse novo cap\u00edtulo do Grupo no Brasil, Tiago Fetter dos Santos, cofundador da MTX Latam, foi nomeado CEO da MTX Brasil<\/b>. Ele ser\u00e1 respons\u00e1vel por liderar o crescimento e as parcerias da empresa na regi\u00e3o.<\/p>\n<p>&#8220;O Brasil \u00e9 um dos mercados de tecnologia mais din\u00e2micos e de mais r\u00e1pido crescimento do mundo&#8221;, disse <b>Das Nobel, fundador e CEO da MTX Group<\/b>. &#8220;Na MTX, nossa miss\u00e3o sempre foi impulsionar a transforma\u00e7\u00e3o digital que realmente faz a diferen\u00e7a, criando resultados positivos para pessoas, empresas e governos. A expans\u00e3o para o Brasil nos permite levar essa miss\u00e3o a uma regi\u00e3o cheia de oportunidades, inova\u00e7\u00e3o e talento.&#8221;<\/p>\n<p>Fundada nos Estados Unidos, a MTX Group se estabeleceu como uma Consultoria que \u00e9 Trusted Advisor de governos e empresas em todo o mundo. A empresa oferece servi\u00e7os de consultoria e desenvolvimento de projetos de solu\u00e7\u00f5es sob medida com uso de intelig\u00eancia artificial, nuvem e moderniza\u00e7\u00e3o de dados, ajudando as organiza\u00e7\u00f5es a tomar decis\u00f5es mais r\u00e1pidas e inteligentes. Com opera\u00e7\u00f5es na Am\u00e9rica do Norte, Europa e \u00c1sia-Pac\u00edfico, a MTX implementou com sucesso programas de transforma\u00e7\u00e3o digital em grande escala para clientes do setor p\u00fablico nas \u00e1reas de sa\u00fade, servi\u00e7os sociais, assist\u00eancia infantil, transporte e seguran\u00e7a p\u00fablica, dentre outros.<\/p>\n<p>Das Nobel, fundador do Grupo e empres\u00e1rio reconhecido globalmente como vencedor do pr\u00eamio nacional EY Entrepreneur Of The Year, \u00e9 conhecido por sua vis\u00e3o de usar a tecnologia como uma for\u00e7a para o bem social. Sob sua lideran\u00e7a, a MTX tem defendido projetos que melhoram o bem-estar da comunidade, fortalecem as economias e permitem o acesso equitativo a servi\u00e7os por meio da inova\u00e7\u00e3o.<\/p>\n<p>&#8220;A MTX n\u00e3o est\u00e1 apenas se expandindo geograficamente &#8212; estamos investindo na cria\u00e7\u00e3o de um impacto sustent\u00e1vel&#8221;, acrescentou Nobel<b>.<\/b> &#8220;A crescente economia digital, a energia empreendedora e o compromisso com a inova\u00e7\u00e3o do Brasil tornam o pa\u00eds o mercado ideal para nossa pr\u00f3xima fase de crescimento.&#8221;<\/p>\n<p>Liderando as opera\u00e7\u00f5es brasileiras, Tiago Fetter traz uma vasta experi\u00eancia na cria\u00e7\u00e3o de novas opera\u00e7\u00f5es comerciais, crescimento de neg\u00f3cios, parcerias estrat\u00e9gicas e solu\u00e7\u00f5es tecnol\u00f3gicas tanto para o setor p\u00fablico quanto para o privado. Antes de ingressar na MTX Brasil, Fetter atuou como diretor de vendas da Palantir Technologies, onde estabeleceu as opera\u00e7\u00f5es no Brasil para diferentes setores e liderou importantes parcerias comerciais e governamentais. Ele tamb\u00e9m trabalhou como diretor de vendas para Banking na Capgemini Brasil e ocupou cargos de lideran\u00e7a s\u00eanior no SERPRO por 10 anos, desenvolvendo profunda experi\u00eancia em navegar em ambientes complexos de empresas privadas e do setor p\u00fablico.<\/p>\n<p>&#8220;Como CEO da MTX Brasil e cofundador da MTX LATAM<b>,<\/b> tenho a honra de liderar a entrada da MTX neste importante mercado que \u00e9 o nosso Brasil, em um movimento estrat\u00e9gico para o Grupo.&#8221;, disse <b>Fetter<\/b>. &#8220;Nossa miss\u00e3o \u00e9 construir parcerias de longo prazo que combinem inova\u00e7\u00e3o, tecnologia e estrat\u00e9gia para gerar resultados significativos e sustent\u00e1veis para governos, empresas e cidad\u00e3os.&#8221;<\/p>\n<p><b>Alejandro Delgado Ayala, cofundador e CEO da MTX LATAM<\/b>, acrescentou: &#8220;O Brasil ter\u00e1 um papel fundamental na estrat\u00e9gia de crescimento regional da MTX LATAM. A lideran\u00e7a de Fetter, combinada com a experi\u00eancia global da MTX, posicionar\u00e1 o Brasil como um centro importante para a transforma\u00e7\u00e3o digital e a inova\u00e7\u00e3o em toda a Am\u00e9rica Latina.&#8221;<\/p>\n<p><b>Pedro Teniente, cofundador e diretor de vendas da MTX LATAM<\/b>, tamb\u00e9m enfatizou: &#8220;Com a chegada da MTX LATAM ao Brasil e de Fetter ao Grupo, estamos expandindo nossa capacidade de fornecer solu\u00e7\u00f5es transformadoras de nuvem, dados e IA que tornam as organiza\u00e7\u00f5es p\u00fablicas e privadas mais eficientes, transparentes e conectadas.&#8221;<\/p>\n<p>Essa expans\u00e3o \u00e9 um marco importante na estrat\u00e9gia de crescimento global da americana MTX Group e reafirma sua vis\u00e3o de criar um impacto duradouro por meio de tecnologia que atenda \u00e0s comunidades e promova mudan\u00e7as positivas.<\/p>\n<p><a href=\"https:\/\/www.mtxlatam.com\/s\/\" target=\"_blank\" rel=\"nofollow\">  <b>Sobre a MTX LATAM<\/b><\/a><br \/>\n<br \/>A MTX LATAM, bra\u00e7o regional da MTX Group (EUA) para a Am\u00e9rica Latina, \u00e9 uma empresa de consultoria em tecnologia que permite que as organiza\u00e7\u00f5es se modernizem, acelerando sua transforma\u00e7\u00e3o digital. Em parceria com os principais fornecedores de SaaS e nuvem, como Salesforce, Google, AWS e Microsoft, a MTX LATAM capacita os clientes a melhorar a tomada de decis\u00f5es, acelerar a velocidade dos neg\u00f3cios e transformar a estrat\u00e9gia de longo prazo com resultados consistentes e perenes. A MTX LATAM traz ampla experi\u00eancia em servi\u00e7os governamentais, servi\u00e7os financeiros e moderniza\u00e7\u00e3o empresarial, ajudando organiza\u00e7\u00f5es em toda a Am\u00e9rica Latina a moldar um futuro mais conectado e impactante.<\/p>\n<p>Foto &#8211; <a href=\"https:\/\/mma.prnewswire.com\/media\/2812361\/MTX_LATAM_Announcements_2025__13.jpg\" target=\"_blank\" rel=\"nofollow\">https:\/\/mma.prnewswire.com\/media\/2812361\/MTX_LATAM_Announcements_2025__13.jpg<\/a><\/p>\n<div class=\"PRN_ImbeddedAssetReference\" id=\"DivAssetPlaceHolder0\"><\/div>\n<p id=\"PURL\">\n<img loading=\"lazy\" decoding=\"async\" title=\"Cision\" width=\"12\" height=\"12\" alt=\"Cision\" src=\"https:\/\/edge.prnewswire.com\/c\/img\/favicon.png?sn=PT14380&amp;sd=2025-11-04\" \/> View original content to download multimedia:<a id=\"PRNURL\" rel=\"nofollow\" href=\"https:\/\/www.prnewswire.com\/br\/comunicados-para-a-imprensa\/mtx-group-anuncia-expansao-estrategica-para-o-brasil-fortalecendo-presenca-global-em-transformacao-digital-302603139.html\" target=\"_blank\">https:\/\/www.prnewswire.com\/br\/comunicados-para-a-imprensa\/mtx-group-anuncia-expansao-estrategica-para-o-brasil-fortalecendo-presenca-global-em-transformacao-digital-302603139.html<\/a><\/p>\n<p>FONTE MTX BRASIL<\/p>\n<\/p><\/div>\n<p>  <img decoding=\"async\" alt=\"\" src=\"https:\/\/rt.prnewswire.com\/rt.gif?NewsItemId=PT14380&amp;Transmission_Id=202511040550PR_NEWS_LATAM____PT14380&amp;DateId=20251104\" style=\"border:0px;width:1px;height:1px\" \/><\/p>\n<p><strong>T\u00f3picos Relacionados:<\/strong> Software de Computador, Computador\/Eletr\u00f4nica, Tecnologia de Internet, Expans\u00e3o Corporativa<\/p>\n<p>A <b>OESP<\/b> n\u00e3o \u00e9(s\u00e3o) respons\u00e1vel(is) por erros, incorre\u00e7\u00f5es, atrasos ou quaisquer decis\u00f5es tomadas por seus clientes com base nos Conte\u00fados ora disponibilizados, bem como tais Conte\u00fados n\u00e3o representam a opini\u00e3o da <b>OESP<\/b> e s\u00e3o de inteira responsabilidade da <b>PR Newswire Ltda<\/b><\/p>\n","protected":false},"excerpt":{"rendered":"BRAS\u00cdLIA, 4 de Novembro de 2025 \/PRNewswire\/ &#8212; A MTX LATAM, bra\u00e7o regional da MTX Group, dos Estados Unidos, e parceira l\u00edder em transforma\u00e7\u00e3o digital e implementa\u00e7\u00e3o de SaaS, anunciou","protected":false},"author":1,"featured_media":118834,"comment_status":"open","ping_status":"closed","sticky":false,"template":"","format":"standard","meta":{"_acf_changed":false,"inline_featured_image":false,"_monsterinsights_skip_tracking":false,"_monsterinsights_sitenote_active":false,"_monsterinsights_sitenote_note":"","_monsterinsights_sitenote_category":0,"footnotes":""},"categories":[27],"tags":[4087,4091,4088,4089,4090],"class_list":["post-118833","post","type-post","status-publish","format-standard","has-post-thumbnail","hentry","category-prnewswire","tag-a-mtx-latam","tag-anunciou-hoje-sua-expansao-oficial-para-o-brasil","tag-braco-regional-da-mtx-group","tag-dos-estados-unidos","tag-e-parceira-lider-em-transformacao-digital-e-implementacao-de-saas"],"acf":[],"_links":{"self":[{"href":"https:\/\/bluestudio.estadao.com.br\/agencia-de-comunicacao\/wp-json\/wp\/v2\/posts\/118833","targetHints":{"allow":["GET"]}}],"collection":[{"href":"https:\/\/bluestudio.estadao.com.br\/agencia-de-comunicacao\/wp-json\/wp\/v2\/posts"}],"about":[{"href":"https:\/\/bluestudio.estadao.com.br\/agencia-de-comunicacao\/wp-json\/wp\/v2\/types\/post"}],"author":[{"embeddable":true,"href":"https:\/\/bluestudio.estadao.com.br\/agencia-de-comunicacao\/wp-json\/wp\/v2\/users\/1"}],"replies":[{"embeddable":true,"href":"https:\/\/bluestudio.estadao.com.br\/agencia-de-comunicacao\/wp-json\/wp\/v2\/comments?post=118833"}],"version-history":[{"count":0,"href":"https:\/\/bluestudio.estadao.com.br\/agencia-de-comunicacao\/wp-json\/wp\/v2\/posts\/118833\/revisions"}],"wp:featuredmedia":[{"embeddable":true,"href":"https:\/\/bluestudio.estadao.com.br\/agencia-de-comunicacao\/wp-json\/wp\/v2\/media\/118834"}],"wp:attachment":[{"href":"https:\/\/bluestudio.estadao.com.br\/agencia-de-comunicacao\/wp-json\/wp\/v2\/media?parent=118833"}],"wp:term":[{"taxonomy":"category","embeddable":true,"href":"https:\/\/bluestudio.estadao.com.br\/agencia-de-comunicacao\/wp-json\/wp\/v2\/categories?post=118833"},{"taxonomy":"post_tag","embeddable":true,"href":"https:\/\/bluestudio.estadao.com.br\/agencia-de-comunicacao\/wp-json\/wp\/v2\/tags?post=118833"}],"curies":[{"name":"wp","href":"https:\/\/api.w.org\/{rel}","templated":true}]}}