{"id":118816,"date":"2025-11-03T19:58:00","date_gmt":"2025-11-03T22:58:00","guid":{"rendered":"https:\/\/bluestudio.estadao.com.br\/agencia-de-comunicacao\/releases\/releases-geral\/o-distinto-jurista-e-defensor-da-governanca-publica-professor-spyridon-flogaitis-recebe-o-prestigioso-global-citizen-award\/"},"modified":"2025-11-03T19:58:00","modified_gmt":"2025-11-03T22:58:00","slug":"o-distinto-jurista-e-defensor-da-governanca-publica-professor-spyridon-flogaitis-recebe-o-prestigioso-global-citizen-award","status":"publish","type":"post","link":"https:\/\/bluestudio.estadao.com.br\/agencia-de-comunicacao\/releases\/releases-geral\/o-distinto-jurista-e-defensor-da-governanca-publica-professor-spyridon-flogaitis-recebe-o-prestigioso-global-citizen-award\/","title":{"rendered":"O distinto jurista e defensor da governan\u00e7a p\u00fablica, professor Spyridon Flogaitis, recebe o prestigioso Global Citizen Award"},"content":{"rendered":"<p align=\"justify\">LONDRES, Nov.  03, 2025  (GLOBE NEWSWIRE) &#8212; O <a href=\"https:\/\/www.globenewswire.com\/Tracker?data=KmoCdCl6vZrRHEMnadXIQJoRUCpDecpm3n5r6LDbW2SATYr6ri3r4638htisACxyPU6IA8_TgbpyTwSCnsmhQ_WAMngGvPXMF2WdC-Rvqk4p77ngl8u4l83655VIWCDj8cVl7xLS1-usuJB4z36HmO61kIDSRjW0AHd7hcVLzAobwjqBgefQFWW58EKJoNtbHWjlu9k4xh50arwX0pBUwPOSBnCcU4O-AqF4ej-2ZeU=\" rel=\"nofollow\" target=\"_blank\"><u>professor Spyridon Flogaitis<\/u><\/a>, um acad\u00eamico de direito, jurista e servidor p\u00fablico de renome internacional, foi anunciado como o ganhador do <a href=\"https:\/\/www.globenewswire.com\/Tracker?data=ga8f1jP4NfQwOSx4K4nx6IirN6Idqo9GAkeiDEqF8Ll2yNMs7bqerZCaVeexPsRJPDCTyMaAsQ9mMW37IgAyjf95unfLsU0GA4xscaZ879l_rL6CHdI056TcFPsxqKVtVrC5uCwIwJuV5XPBsihDUn1UZKXVYUs8TJ79cb5XUcjBMdfh5YfDrXimEDkLzXSi\" rel=\"nofollow\" target=\"_blank\"><u>Global Citizen Award<\/u><\/a> de 2025. Ele \u00e9 o diretor e presidente do Conselho da <a href=\"https:\/\/www.globenewswire.com\/Tracker?data=qQoIAjeh_qhUhnMjtJ8OdWs2LpTVq5C_xx2dLK5a8i7Y9L1S3Af9POwrJzPFW79-a7gBS_Or7aSDAVksaI4i9SF4ZoBr-9p4ajeqzYIbRfnAK5ZI-uQokHjgWbX2qwg-8fSZYOk55_HU4pltAezVNA==\" rel=\"nofollow\" target=\"_blank\"><u>Organiza\u00e7\u00e3o Europeia de Direito P\u00fablico<\/u><\/a> (European Public Law Organization, EPLO), uma institui\u00e7\u00e3o que promove a reforma jur\u00eddica e os valores c\u00edvicos em todos os continentes. Esta homenagem anual, apresentada pela empresa l\u00edder internacional de consultoria em resid\u00eancia e cidadania <a href=\"https:\/\/www.globenewswire.com\/Tracker?data=Z0_Z4k3jynuVreKhPXQI0TVen1JeHKaKZlaShy_3UFY2GlWhngWvmN4OK9MutqyeZw03Uvpzwx7Me1O2obcGFrCbB-hn9m6zwg0P6puJy1U=\" rel=\"nofollow\" target=\"_blank\"><u>Henley &amp; Partners<\/u><\/a> em parceria com a organiza\u00e7\u00e3o humanit\u00e1ria su\u00ed\u00e7a sem fins lucrativos <a href=\"https:\/\/www.globenewswire.com\/Tracker?data=UtxQOOm_nrWuplR_Q4dAyfdadCtJo59mvjUgH2A-YhgyhB7R7pfA55mtNmSTZqOzlK4Yhy0o7SzydhfXbc-x7HZ33PmnAApW-UeMwNqdTkI=\" rel=\"nofollow\" target=\"_blank\"><u>Andan Foundation<\/u><\/a>, reconhece seu compromisso vital\u00edcio com o fortalecimento das institui\u00e7\u00f5es democr\u00e1ticas, do Estado de Direito e do acesso legal para comunidades vulner\u00e1veis.<\/p>\n<p align=\"justify\">O prestigioso pr\u00eamio, que homenageia um indiv\u00edduo que demonstra coragem e compromisso excepcionais em melhorar e apoiar a comunidade global, foi apresentado em uma recep\u00e7\u00e3o de gala durante a 19\u00aa <a href=\"https:\/\/www.globenewswire.com\/Tracker?data=Z0xSPC5_9OEWGoZZ6gEmyiY0AUCBQXxcg-kduDwngB85ZqWn2BnQwMcLtfzlvO1WRFSggj_-0Z-zUDVLmsOMwYOduJybNumPCJJ25n6X7S_ZYd3_UX0NUKILwc0J6gRRGdoCyWaNkVEE8TTQSL-U1eQIMYriRwVAYD-hTAAk35hfyi0DIPT8KDgRuIDGWguE\" rel=\"nofollow\" target=\"_blank\"><u>Confer\u00eancia Global de Cidadania<\/u><\/a> anual em Londres, que reuniu primeiros-ministros, embaixadores, altos funcion\u00e1rios do governo e acad\u00eamicos importantes, bem como consultores de clientes privados de primeira linha e profissionais de gest\u00e3o de patrim\u00f4nio.<\/p>\n<p align=\"justify\">O professor Flogaitis recebeu o Pr\u00eamio Cidad\u00e3o Global por seu trabalho incans\u00e1vel no avan\u00e7o do direito p\u00fablico, educa\u00e7\u00e3o jur\u00eddica e reforma institucional, particularmente em regi\u00f5es que enfrentam fragilidade democr\u00e1tica e recupera\u00e7\u00e3o p\u00f3s-crise. Como diretor e presidente do Conselho da Organiza\u00e7\u00e3o Europeia de Direito P\u00fablico (EPLO), liderou iniciativas inovadoras para aprimorar a governan\u00e7a local, capacitar funcion\u00e1rios p\u00fablicos e ampliar o acesso \u00e0 justi\u00e7a para grupos marginalizados. Seus esfor\u00e7os tiveram um impacto duradouro no sudeste da Europa e em outros lugares, promovendo estruturas legais que defendem os direitos humanos e possibilitam a participa\u00e7\u00e3o c\u00edvica.<\/p>\n<p align=\"justify\">O presidente da Henley &amp; Partners e fundador da Andan Foundation, <a href=\"https:\/\/www.globenewswire.com\/Tracker?data=rwmvlvcaYy2LzXqiP_RzAI1TYN9tm-2J0pZ9P2qwxFT4A9eG6Tub-TGxOtmNSahpScCJkFrEBlqU9X92s6xFeYsC_IOPH7nsazuroKO_mY0=\" rel=\"nofollow\" target=\"_blank\"><u>Dr. Christian H. Kaelin<\/u><\/a>, elogiou as contribui\u00e7\u00f5es excepcionais do premiado. O professor Flogaitis demonstrou como a lei pode ser uma for\u00e7a transformadora para a paz, a dignidade e a inclus\u00e3o. Seu compromisso com a justi\u00e7a, resili\u00eancia democr\u00e1tica e colabora\u00e7\u00e3o internacional exemplifica o que significa ser um cidad\u00e3o global. Estamos honrados em reconhecer um l\u00edder cujo intelecto e integridade moldaram institui\u00e7\u00f5es e inspiraram as gera\u00e7\u00f5es futuras.<\/p>\n<p align=\"justify\">O processo de sele\u00e7\u00e3o do <a href=\"https:\/\/www.globenewswire.com\/Tracker?data=ga8f1jP4NfQwOSx4K4nx6IirN6Idqo9GAkeiDEqF8Lmq8CB-Z9tWYiuq3g9Edg5rLeW_HD7OUOmEu68SwZbRQFGgKyYeLTGEraB2QQ5dwaaHBf_CkY-hTinV5yhNE4GstkuxdPLQd86Qzn5BPazOvaL7MphzteoDFQKMlMiu0l1EsMpDkxgbeaz85Es3cRWv\" rel=\"nofollow\" target=\"_blank\"><u>Global Citizen Award<\/u><\/a> se baseia na decis\u00e3o majorit\u00e1ria do Comit\u00ea do Global Citizen Award. O pr\u00eamio em si consiste em uma <a href=\"https:\/\/www.globenewswire.com\/Tracker?data=gHY-NwlrEYbiNwPuqm4fK0JK1ILsS5Bg-KI2sMvC3VBEjuSRjR9-5LIPnMw8imT8-JmsuQwEoBYgfJYvcQpwOPsUzdA1why0TnyomJkz8AnWLSsyryYp96ona8gCg9h4EBiKLHtD8H9Kn34mWCp3RpDYsalOwI4X8kGOwxcgmraSZMl6-G2ii7iRQLZd10jRlyWdCMIa3RqC_encLqkrTA==\" rel=\"nofollow\" target=\"_blank\"><u>medalha escultural<\/u><\/a> sob medida desenhada pelo principal artista italiano Antonio Nocera, um certificado de premia\u00e7\u00e3o assinado pelo presidente do Comit\u00ea do Global Citizen Award e um pr\u00eamio monet\u00e1rio de US$ 20.000, que vai para apoiar os esfor\u00e7os humanit\u00e1rios do premiado. Al\u00e9m disso, a Henley &amp; Partners se compromete a trabalhar em estreita colabora\u00e7\u00e3o com o premiado por um per\u00edodo de pelo menos um ano, aumentando a conscientiza\u00e7\u00e3o sobre seu trabalho e apoiando-o por meio da rede de mais de 70 escrit\u00f3rios da empresa em todo o mundo.<\/p>\n<p align=\"justify\">Desde a sua cria\u00e7\u00e3o, o Global Citizen Award homenageou <a href=\"https:\/\/www.globenewswire.com\/Tracker?data=8W04IYK8qlaV_cYw4U8FBimXtwoM41mYPXX1B8EuM7kz-Nx9eoc9_qQFxVG2WOlPXhV_h4Pm-wcKXf2oCf0T-8h0BjN-TcKt3GeobqHurQjTb3npKcqCE-oZV8zRp4xNkDva8_c6zVf2N5u-mbXY7b4rhWJzu3hOfGdaAXwsGYdpLu7RoxitOJ9eKLFW74iXr060ONSmBujQhsdvqdLEcBq371vSgyvgComo-w7mAYY=\" rel=\"nofollow\" target=\"_blank\">muitos indiv\u00edduos not\u00e1veis<\/a>. O primeiro laureado foi o empres\u00e1rio alem\u00e3o Harald H\u00f6ppner, que criou o projeto de ajuda humanit\u00e1ria para refugiados <a href=\"https:\/\/www.globenewswire.com\/Tracker?data=L5bgXRtEkwOFmLeZx3R8V_QYycpzj25g_sK8U54CvOYXK2Gz0n8fE5tH87Xwik0fEKyEjj3dHukMuY172PgA-g==\" rel=\"nofollow\" target=\"_blank\">Sea-Watch<\/a>. Outros homenageados anteriores incluem o Dr. Imtiaz Sooliman, fundador da Funda\u00e7\u00e3o <a href=\"https:\/\/www.globenewswire.com\/Tracker?data=NGbTDAuc6-62DXGAzQPaOw9sLWxMUSBVnx1VovcXIi_EA-4kqkRQ5oTk1avKCyDcBBk2zBytJZl3_jIHru2QD5hRcyCkYFS4KdFlaq7H3WU=\" rel=\"nofollow\" target=\"_blank\">Gift of the Givers<\/a>, a maior organiza\u00e7\u00e3o de ajuda humanit\u00e1ria em casos de desastres na \u00c1frica; Monique Morrow, cofundadora da <a href=\"https:\/\/www.globenewswire.com\/Tracker?data=yNe0ShTQPu5KOupxC-JsJAWXccqIa0Mc_7tOuszVDt7Sh6AzPF2tFphnbig7ErqDjLoRmkJ-EKyLwoTMM8kRsnycgTN1BuZO8vEjEROp3YpZjyAHuyEj6-Ie6BZyJUKv\" rel=\"nofollow\" target=\"_blank\">The Humanized Internet<\/a>, um projeto de identidade digital que visa levar esperan\u00e7a cerca de 1,1 bilh\u00e3o de pessoas no mundo que n\u00e3o podem provar sua identidade legal; Diep Vuong, cofundadora e presidente da <a href=\"https:\/\/www.globenewswire.com\/Tracker?data=FgaHCsOwAKAGWmh_bZgF86Z0JFbPPmpf-55YgUBj2ViUB63djV9SKrzxzSsAh_LbA0XXXGVCntjRbhA6RTynX031TvjNWp89xJ-idT8QyW4=\" rel=\"nofollow\" target=\"_blank\">Pacific Links Foundation<\/a>, reconhecida por seu trabalho no Sudeste Asi\u00e1tico fazendo campanha pelos direitos das pessoas escravizadas pelo tr\u00e1fico humano; <a href=\"https:\/\/www.globenewswire.com\/Tracker?data=RoIEePV97i7jzuAaUof0UCPgQNk7zGLl4MEw0FSbkqtlbij3W6927nrYgPYsWlfajmwmii1of_t771UfF-wkqOAhcMbMipLIXLiV0KHsqv1uMNgNflPxfoWm1fsIenIV3JSPEnmxvjFtLJPAFMpmbA==\" rel=\"nofollow\" target=\"_blank\">Prof. Dr. Padraig OMalley<\/a>, por seus esfor\u00e7os na resolu\u00e7\u00e3o de conflitos e reconcilia\u00e7\u00e3o no Iraque, Irlanda do Norte e \u00c1frica do Sul; e <a href=\"https:\/\/www.globenewswire.com\/Tracker?data=7U5-EGysfOxhsoSylQpdOInb-3PW6Po37YPFp1yUKx9mfkbjLQNWs_gwMx6VGHF1Y09NrBgQT2DQtgoFuL6kob5xqYUTsZaJvutItGk9rjz5n3VA5T1EqawtkcSIMPRLg8yOlEquJGrSWW5hqmQMig==\" rel=\"nofollow\" target=\"_blank\">Zannah Bukar Mustapha<\/a>, por seu trabalho humanit\u00e1rio na Nig\u00e9ria, apoiando \u00f3rf\u00e3os e defendendo v\u00edtimas da viol\u00eancia extremista. No ano passado, o pr\u00eamio foi entregue ao <a href=\"https:\/\/www.globenewswire.com\/Tracker?data=U-rM65t5a295kUlq-OP4fJDJfoe543Uw5u-N8GcwGbXhB8ZphuOcmx0MAz_M1E87zog38UYsNeu-8F4MGtBPZp0SyFeCteeiJCTdADsLuHw=\" rel=\"nofollow\" target=\"_blank\">Excmo. Mohamed Nasheed<\/a>, pioneiro ativista dos direitos humanos, ex-presidente das Maldivas e secret\u00e1rio-geral do <a href=\"https:\/\/www.globenewswire.com\/Tracker?data=4dR0BZaGtfWUbiIO9_DHUpDZuyantkinV9TyyuoapoOB1TYcAWLIJbTjqfrgovpBfHvcd_2v89Dw1HdqpJD8KRjduUYkYZ7n09an9zLrE-791nk84aGDel0wquGta1eu\" rel=\"nofollow\" target=\"_blank\">F\u00f3rum de Vulnerabilidade Clim\u00e1tica<\/a>, em reconhecimento \u00e0 sua lideran\u00e7a na a\u00e7\u00e3o clim\u00e1tica global e sua incans\u00e1vel defesa da sustentabilidade ambiental e dos direitos das na\u00e7\u00f5es vulner\u00e1veis.<\/p>\n<p align=\"justify\">Agradecendo \u00e0 Henley &amp; Partners e \u00e0 Andan Foundation por seu reconhecimento, o professor Flogaitis disse: &#8220;Estou realmente honrado em receber este pr\u00eamio. \u00c9 um privil\u00e9gio ser reconhecido pelo trabalho guiado pelos valores de excel\u00eancia, servi\u00e7o e li\u00e7\u00f5es duradouras de minha fam\u00edlia e p\u00e1tria.&#8221;<\/p>\n<p>Para obter imagens em alta resolu\u00e7\u00e3o do Prof. Flogaitis recebendo seu pr\u00eamio ou para quaisquer outras solicita\u00e7\u00f5es de entrevista, entre em contato com: <br \/>Sarah Nicklin<br \/>E-mail: <a href=\"https:\/\/www.globenewswire.com\/Tracker?data=L1UMuGS4NVPXdcqh9lxz_zknEbGGgbQso_EMcdOIzYu1eVDDqDUEoh_6cm43sk-rdvUifqgLu_wlNdxnGJo-YTShamPsvg-e1_rs9kHqAD5ZUjx_MO_O-4piCICL_UqYiPogWmWWTblje1bqHnaTaQ==\" rel=\"nofollow\" target=\"_blank\"><u>sarah.nicklin@henleyglobal.com<\/u><\/a><br \/>Celular: +27 72 464 8965<\/p>\n<p> <img decoding=\"async\" alt=\"\" class=\"__GNW8366DE3E__IMG\" src=\"https:\/\/www.globenewswire.com\/newsroom\/ti?nf=MTAwMTEzNjc2MCM0MDIyNTgzMjcjMjI1MTEwNg==\" \/> <br \/><img decoding=\"async\" alt=\"\" src=\"https:\/\/ml-eu.globenewswire.com\/media\/ZjcwOTAxY2QtYjJkOS00MjA4LThhODctMTFkOTZmODMzNTg4LTEyNjI2NTktMjAyNS0xMS0wMy1wdA==\/tiny\/HENLEY-PARTNERS-GROUP-HOLDINGS.png\" \/><\/p>\n<p>A <b>OESP<\/b> nao e(sao) responsavel(is) por erros, incorrecoes, atrasos ou quaisquer decisoes tomadas por seus clientes com base nos Conteudos ora disponibilizados, bem como tais Conteudos nao representam a opiniao da <b>OESP<\/b> e sao de inteira responsabilidade da <b>GlobeNewswire<\/b><\/p>\n","protected":false},"excerpt":{"rendered":"LONDRES, Nov.  03, 2025  (GLOBE NEWSWIRE) &#8212; O professor Spyridon Flogaitis, um acad\u00eamico de direito, jurista e servidor p\u00fablico de renome internacional,","protected":false},"author":1,"featured_media":0,"comment_status":"open","ping_status":"closed","sticky":false,"template":"","format":"standard","meta":{"_acf_changed":false,"inline_featured_image":false,"_monsterinsights_skip_tracking":false,"_monsterinsights_sitenote_active":false,"_monsterinsights_sitenote_note":"","_monsterinsights_sitenote_category":0,"footnotes":""},"categories":[34],"tags":[],"class_list":["post-118816","post","type-post","status-publish","format-standard","hentry","category-releases-geral"],"acf":[],"_links":{"self":[{"href":"https:\/\/bluestudio.estadao.com.br\/agencia-de-comunicacao\/wp-json\/wp\/v2\/posts\/118816","targetHints":{"allow":["GET"]}}],"collection":[{"href":"https:\/\/bluestudio.estadao.com.br\/agencia-de-comunicacao\/wp-json\/wp\/v2\/posts"}],"about":[{"href":"https:\/\/bluestudio.estadao.com.br\/agencia-de-comunicacao\/wp-json\/wp\/v2\/types\/post"}],"author":[{"embeddable":true,"href":"https:\/\/bluestudio.estadao.com.br\/agencia-de-comunicacao\/wp-json\/wp\/v2\/users\/1"}],"replies":[{"embeddable":true,"href":"https:\/\/bluestudio.estadao.com.br\/agencia-de-comunicacao\/wp-json\/wp\/v2\/comments?post=118816"}],"version-history":[{"count":0,"href":"https:\/\/bluestudio.estadao.com.br\/agencia-de-comunicacao\/wp-json\/wp\/v2\/posts\/118816\/revisions"}],"wp:attachment":[{"href":"https:\/\/bluestudio.estadao.com.br\/agencia-de-comunicacao\/wp-json\/wp\/v2\/media?parent=118816"}],"wp:term":[{"taxonomy":"category","embeddable":true,"href":"https:\/\/bluestudio.estadao.com.br\/agencia-de-comunicacao\/wp-json\/wp\/v2\/categories?post=118816"},{"taxonomy":"post_tag","embeddable":true,"href":"https:\/\/bluestudio.estadao.com.br\/agencia-de-comunicacao\/wp-json\/wp\/v2\/tags?post=118816"}],"curies":[{"name":"wp","href":"https:\/\/api.w.org\/{rel}","templated":true}]}}