{"id":118802,"date":"2025-11-03T17:13:00","date_gmt":"2025-11-03T20:13:00","guid":{"rendered":"https:\/\/bluestudio.estadao.com.br\/agencia-de-comunicacao\/prnewswire\/xinhua-silk-road-conferencia-anual-do-financial-street-forum-2025-encerra-com-resultados-frutiferos\/"},"modified":"2025-11-03T17:13:00","modified_gmt":"2025-11-03T20:13:00","slug":"xinhua-silk-road-conferencia-anual-do-financial-street-forum-2025-encerra-com-resultados-frutiferos","status":"publish","type":"post","link":"https:\/\/bluestudio.estadao.com.br\/agencia-de-comunicacao\/prnewswire\/xinhua-silk-road-conferencia-anual-do-financial-street-forum-2025-encerra-com-resultados-frutiferos\/","title":{"rendered":"Xinhua Silk Road: Confer\u00eancia Anual do Financial Street Forum 2025 encerra com resultados frut\u00edferos"},"content":{"rendered":"\n<div class=\"xn-content\">\n<p><span class=\"legendSpanClass\">PEQUIM<\/span>, <span class=\"legendSpanClass\">3 de novembro de 2025<\/span> \/PRNewswire\/ &#8212; A Confer\u00eancia Anual do Financial Street Forum 2025 foi encerrada na quinta-feira com um evento tem\u00e1tico sobre coopera\u00e7\u00e3o internacional em resili\u00eancia econ\u00f4mica e comercial diante das transforma\u00e7\u00f5es globais.<\/p>\n<div id=\"prni_dvprnejpg670dleft\" dir=\"ltr\" style=\"width: 100%;text-align: left\"><img decoding=\"async\" id=\"prnejpg670dleft\" title=\" \" src=\"https:\/\/mma.prnewswire.com\/media\/2811323\/f68618413c7d403ea2b3ca86421bbd0b.jpg\" alt=\" \" align=\"middle\" \/> <\/div>\n<p>Convidados nacionais e internacionais compartilharam opini\u00f5es sobre o cen\u00e1rio global de investimentos e as tend\u00eancias de desenvolvimento, contribuindo com sabedoria financeira e injetando novo impulso \u00e0 coopera\u00e7\u00e3o e ao desenvolvimento econ\u00f4mico e comercial em n\u00edvel global e regional.<\/p>\n<p>Ajudar os pa\u00edses a construir uma economia capaz de promover crescimento e gerar empregos \u00e9 o objetivo final do Banco Mundial, afirmou Axel van Trotsenburg, Diretor-Geral S\u00eanior do Banco Mundial, acrescentando que a institui\u00e7\u00e3o tomar\u00e1 medidas como investir na constru\u00e7\u00e3o de infraestrutura, apoiar reformas pol\u00edticas e regulat\u00f3rias, reduzir barreiras n\u00e3o tarif\u00e1rias e aprofundar a integra\u00e7\u00e3o regional para impulsionar o crescimento econ\u00f4mico.<\/p>\n<p>O desenvolvimento da economia e do com\u00e9rcio internacionais n\u00e3o pode ser dissociado da interconex\u00e3o das regras financeiras e do fortalecimento por meio da inova\u00e7\u00e3o, e o poder financeiro global deve avan\u00e7ar em conjunto com a economia real, o progresso tecnol\u00f3gico e o desenvolvimento social para construir um sistema financeiro mais inclusivo e oferecer s\u00f3lido apoio e ferramentas inovadoras \u00e0s empresas em suas opera\u00e7\u00f5es comerciais globais, afirmou Miao Jianmin, presidente do China Merchants Group Limited e do China Merchants Bank Company Limited.<\/p>\n<p>Em especial, deve-se prestar aten\u00e7\u00e3o \u00e0s necessidades dos pa\u00edses em desenvolvimento, promovendo sua integra\u00e7\u00e3o \u00e0 cadeia de valor global por meio de investimentos e coopera\u00e7\u00e3o econ\u00f4mica e comercial, como observou Zhang Xiangchen, Vice-Diretor-Geral da Organiza\u00e7\u00e3o Mundial do Com\u00e9rcio.<\/p>\n<p>Zhou Xiaochuan, ex-governador do Banco Popular da China, observou que os bancos centrais devem equilibrar a estabilidade financeira, o crescimento econ\u00f4mico e o aumento do emprego ao focarem na infla\u00e7\u00e3o, enquanto os pa\u00edses em desenvolvimento e os mercados emergentes tamb\u00e9m devem atentar para o equil\u00edbrio externo.<\/p>\n<p>Durante a confer\u00eancia deste ano, 38 eventos tem\u00e1ticos de alta qualidade foram realizados com sucesso, reunindo mais de 400 participantes de mais de 30 pa\u00edses e regi\u00f5es, incluindo autoridades governamentais, representantes de organiza\u00e7\u00f5es internacionais, institui\u00e7\u00f5es financeiras, especialistas e acad\u00eamicos, destacou Yin Yong, prefeito de Pequim, em seu discurso na cerim\u00f4nia de encerramento.<\/p>\n<p>A confer\u00eancia destaca o papel da pol\u00edtica financeira como um &#8220;bar\u00f4metro&#8221; e conta com cinco sub-sedes internacionais abrangendo o Sudeste Asi\u00e1tico, o Oriente M\u00e9dio, a Europa e a Am\u00e9rica do Norte, com diversas institui\u00e7\u00f5es-chave reveladas, m\u00faltiplos acordos de coopera\u00e7\u00e3o internacional assinados, mais de 100 conquistas importantes divulgadas e mais de 300 empresas de alta qualidade realizando negocia\u00e7\u00f5es aprofundadas com mais de 100 institui\u00e7\u00f5es de investimento, segundo Yin.<\/p>\n<p>Link original: <a href=\"https:\/\/en.imsilkroad.com\/p\/348134.html\" target=\"_blank\" rel=\"nofollow\">https:\/\/en.imsilkroad.com\/p\/348134.html<\/a><\/p>\n<p>Foto &#8211; <a href=\"https:\/\/mma.prnewswire.com\/media\/2811323\/f68618413c7d403ea2b3ca86421bbd0b.jpg\" target=\"_blank\" rel=\"nofollow\">https:\/\/mma.prnewswire.com\/media\/2811323\/f68618413c7d403ea2b3ca86421bbd0b.jpg<\/a><\/p>\n<p id=\"PURL\">\n<img loading=\"lazy\" decoding=\"async\" title=\"Cision\" width=\"12\" height=\"12\" alt=\"Cision\" src=\"https:\/\/edge.prnewswire.com\/c\/img\/favicon.png?sn=PT13420&amp;sd=2025-11-03\" \/> View original content:<a id=\"PRNURL\" rel=\"nofollow\" href=\"https:\/\/www.prnewswire.com\/br\/comunicados-para-a-imprensa\/xinhua-silk-road-conferencia-anual-do-financial-street-forum-2025-encerra-com-resultados-frutiferos-302603015.html\" target=\"_blank\">https:\/\/www.prnewswire.com\/br\/comunicados-para-a-imprensa\/xinhua-silk-road-conferencia-anual-do-financial-street-forum-2025-encerra-com-resultados-frutiferos-302603015.html<\/a><\/p>\n<p>FONTE Xinhua Silk Road<\/p>\n<\/p><\/div>\n<p>  <img decoding=\"async\" alt=\"\" src=\"https:\/\/rt.prnewswire.com\/rt.gif?NewsItemId=PT13420&amp;Transmission_Id=202511031501PR_NEWS_LATAM____PT13420&amp;DateId=20251103\" style=\"border:0px;width:1px;height:1px\" \/><\/p>\n<p><strong>T\u00f3picos Relacionados:<\/strong> Pol\u00edtica Externa\/Assuntos Internacionais, Publica\u00e7\u00e3o \/ Servi\u00e7os de Informa\u00e7\u00e3o, Servi\u00e7os Banc\u00e1rios\/Financeiros<\/p>\n<p>A <b>OESP<\/b> n\u00e3o \u00e9(s\u00e3o) respons\u00e1vel(is) por erros, incorre\u00e7\u00f5es, atrasos ou quaisquer decis\u00f5es tomadas por seus clientes com base nos Conte\u00fados ora disponibilizados, bem como tais Conte\u00fados n\u00e3o representam a opini\u00e3o da <b>OESP<\/b> e s\u00e3o de inteira responsabilidade da <b>PR Newswire Ltda<\/b><\/p>\n","protected":false},"excerpt":{"rendered":"PEQUIM, 3 de novembro de 2025 \/PRNewswire\/ &#8212; A Confer\u00eancia Anual do Financial Street Forum 2025 foi encerrada na quinta-feira com um evento tem\u00e1tico sobre coopera\u00e7\u00e3o internacional em","protected":false},"author":1,"featured_media":118803,"comment_status":"open","ping_status":"closed","sticky":false,"template":"","format":"standard","meta":{"_acf_changed":false,"inline_featured_image":false,"_monsterinsights_skip_tracking":false,"_monsterinsights_sitenote_active":false,"_monsterinsights_sitenote_note":"","_monsterinsights_sitenote_category":0,"footnotes":""},"categories":[27],"tags":[4067],"class_list":["post-118802","post","type-post","status-publish","format-standard","has-post-thumbnail","hentry","category-prnewswire","tag-a-conferencia-anual-do-financial-street-forum-2025-foi-encerrada-na-quinta-feira-com-um-evento-tematico-sobre-cooperacao-internacional-em-resiliencia-economica-e-comercial-diante"],"acf":[],"_links":{"self":[{"href":"https:\/\/bluestudio.estadao.com.br\/agencia-de-comunicacao\/wp-json\/wp\/v2\/posts\/118802","targetHints":{"allow":["GET"]}}],"collection":[{"href":"https:\/\/bluestudio.estadao.com.br\/agencia-de-comunicacao\/wp-json\/wp\/v2\/posts"}],"about":[{"href":"https:\/\/bluestudio.estadao.com.br\/agencia-de-comunicacao\/wp-json\/wp\/v2\/types\/post"}],"author":[{"embeddable":true,"href":"https:\/\/bluestudio.estadao.com.br\/agencia-de-comunicacao\/wp-json\/wp\/v2\/users\/1"}],"replies":[{"embeddable":true,"href":"https:\/\/bluestudio.estadao.com.br\/agencia-de-comunicacao\/wp-json\/wp\/v2\/comments?post=118802"}],"version-history":[{"count":0,"href":"https:\/\/bluestudio.estadao.com.br\/agencia-de-comunicacao\/wp-json\/wp\/v2\/posts\/118802\/revisions"}],"wp:featuredmedia":[{"embeddable":true,"href":"https:\/\/bluestudio.estadao.com.br\/agencia-de-comunicacao\/wp-json\/wp\/v2\/media\/118803"}],"wp:attachment":[{"href":"https:\/\/bluestudio.estadao.com.br\/agencia-de-comunicacao\/wp-json\/wp\/v2\/media?parent=118802"}],"wp:term":[{"taxonomy":"category","embeddable":true,"href":"https:\/\/bluestudio.estadao.com.br\/agencia-de-comunicacao\/wp-json\/wp\/v2\/categories?post=118802"},{"taxonomy":"post_tag","embeddable":true,"href":"https:\/\/bluestudio.estadao.com.br\/agencia-de-comunicacao\/wp-json\/wp\/v2\/tags?post=118802"}],"curies":[{"name":"wp","href":"https:\/\/api.w.org\/{rel}","templated":true}]}}