{"id":118789,"date":"2025-11-03T15:00:00","date_gmt":"2025-11-03T18:00:00","guid":{"rendered":"https:\/\/bluestudio.estadao.com.br\/agencia-de-comunicacao\/agencia-memoria-da-eletricidade\/vozes-que-iluminam-o-passado-a-historia-oral-na-construcao-da-memoria-do-setor-eletrico\/"},"modified":"2025-11-03T15:00:00","modified_gmt":"2025-11-03T18:00:00","slug":"vozes-que-iluminam-o-passado-a-historia-oral-na-construcao-da-memoria-do-setor-eletrico","status":"publish","type":"post","link":"https:\/\/bluestudio.estadao.com.br\/agencia-de-comunicacao\/agencia-memoria-da-eletricidade\/vozes-que-iluminam-o-passado-a-historia-oral-na-construcao-da-memoria-do-setor-eletrico\/","title":{"rendered":"Vozes que iluminam o passado: a Hist\u00f3ria Oral na constru\u00e7\u00e3o da mem\u00f3ria do setor el\u00e9trico"},"content":{"rendered":"<p><i>Hist\u00f3ria Oral no setor el\u00e9trico: como a Mem\u00f3ria da Eletricidade preserva relatos e identidades h\u00e1 quase quatro d\u00e9cadas<\/i><\/p>\n<figure>\n  <img decoding=\"async\" src=\"https:\/\/www.estadaoconteudo.com.br\/RSS\/images\/AME20251103150010440063-historiaoralnose-1.jpg\" alt=\"Divulga\u00e7\u00e3o 1\"><figcaption>Divulga\u00e7\u00e3o 1<\/figcaption><\/figure>\n<p><i>Altino<\/i> <i>Ventura<\/i> <i>Filho,<\/i> <i>ex-presidente<\/i> <i>da<\/i> <i>Eletrobras,<\/i> <i>durante<\/i> <i>depoimento<\/i> <i>para<\/i> <i>o<\/i> <i>Programa<\/i> <i>de<\/i> <i>Hist\u00f3ria<\/i> <i>Oral<\/i> <i>da<\/i> <i>Mem\u00f3ria da Eletricidade. Foto: Arthur Baptista | Acervo Mem\u00f3ria da Eletricidade<\/i><\/p>\n<p>A tradi\u00e7\u00e3o oral \u00e9 praticada desde os prim\u00f3rdios da humanidade. Milhares de anos antes da escrita existir, povos j\u00e1 se comunicavam por meio da fala, transmitindo aprendizados, saberes, cren\u00e7as, mitos e at\u00e9 ritos de gera\u00e7\u00e3o em gera\u00e7\u00e3o. Os griots, contadores de hist\u00f3ria da \u00c1frica Antiga, por exemplo, ajudaram a preservar a cultura do continente e a mem\u00f3ria dos antepassados por meio da oralidade. J\u00e1 Her\u00f3doto, conhecido como o pai da Hist\u00f3ria, recorreu, principalmente, \u00e0 observa\u00e7\u00e3o direta e a depoimentos para elaborar a obra sobre a invas\u00e3o persa da Gr\u00e9cia. Em ambos os casos, os relatos formaram uma ponte entre as viv\u00eancias e os registros.<\/p>\n<p>A mem\u00f3ria forma identidade, tanto pessoal quanto coletiva, preserva a cultura, e, ao tra\u00e7ar os passos do passado, se consolida como legado para o presente e o futuro. A Hist\u00f3ria como disciplina come\u00e7ou a se consolidar a partir do s\u00e9culo XVI, com a preocupa\u00e7\u00e3o da Europa de considerar somente fatos e textos como aut\u00eanticos ap\u00f3s verifica\u00e7\u00f5es, e, desde ent\u00e3o, os documentos escritos s\u00e3o<\/p>\n<p>fundamentais na pr\u00e1tica do historiador. A partir disso, j\u00e1 nos anos 1950, a Hist\u00f3ria Oral surge como uma das formas de produ\u00e7\u00e3o destes registros.<\/p>\n<p>Baseado em entrevistas, o m\u00e9todo de pesquisa busca conhecer e aprofundar aspectos sobre determinada realidade, sejam padr\u00f5es culturais, estruturas sociais, processos hist\u00f3ricos e at\u00e9 la\u00e7os do cotidiano. Resgata informa\u00e7\u00f5es guardadas nas lembran\u00e7as do depoente que ajudam a compreender contextos espec\u00edficos e at\u00e9 a abrir novas perspectivas sobre determinados acontecimentos.<\/p>\n<p>Durante as d\u00e9cadas de 1980 e 1990, empresas ao redor do mundo, principalmente de ramos estrat\u00e9gicos, buscavam por reconhecimento hist\u00f3rico, maior organiza\u00e7\u00e3o institucional e fortalecimento de identidades corporativas. \u00c9 nesse contexto que a Mem\u00f3ria da Eletricidade surge, criada pela Eletrobras em 1986 com objetivo de preservar e divulgar a trajet\u00f3ria do setor el\u00e9trico brasileiro.<\/p>\n<p><b>Programa de Hist\u00f3ria Oral e a Mem\u00f3ria da Eletricidade<\/b><\/p>\n<p>O Programa de Hist\u00f3ria Oral nasceu praticamente junto com a pr\u00f3pria institui\u00e7\u00e3o. Em seus 39 anos de exist\u00eancia, a Mem\u00f3ria da Eletricidade j\u00e1 desenvolveu 19 projetos utilizando esse m\u00e9todo, reunindo quase 300 entrevistados. Em alguns casos, a metodologia foi o eixo central da pesquisa; em outros, funcionou como um complemento para outros estudos. Com o avan\u00e7o da tecnologia, as formas de registro e armazenamento tamb\u00e9m evolu\u00edram, das fitas cassete aos DVDs, chegando hoje aos v\u00eddeos em alta resolu\u00e7\u00e3o.<\/p>\n<p>O primeiro projeto da institui\u00e7\u00e3o teve como foco investigar e consolidar informa\u00e7\u00f5es sobre <a href=\"https:\/\/memoriadaeletricidade.com.br\/acervo\/20651\/a-eletrobras-e-a-historia-do-setor-de-energia-eletrica-no-brasil-modulo-1\" target=\"_blank\"><u>o<\/u> <u>per\u00edodo<\/u> <u>anterior<\/u> <u>\u00e0<\/u> <u>cria\u00e7\u00e3o<\/u> <u>da<\/u> <u>Eletrobras<\/u><\/a>, entre 1954, quando o projeto de desenvolvimento da empresa foi enviado ao Congresso Nacional, e 1962, ano de sua efetiva instala\u00e7\u00e3o. A iniciativa come\u00e7ou a ser estruturada em 1986, poucos meses antes da funda\u00e7\u00e3o da Mem\u00f3ria da Eletricidade, a partir de um conv\u00eanio com o Centro de Pesquisa e Documenta\u00e7\u00e3o de Hist\u00f3ria Contempor\u00e2nea do Brasil (CPDOC), da Funda\u00e7\u00e3o Get\u00falio Vargas (FGV), refer\u00eancia nacional no uso da metodologia da Hist\u00f3ria Oral.<\/p>\n<p>Na \u00e9poca, foram coletados 19 depoimentos, totalizando 110 horas de grava\u00e7\u00e3o, com profissionais que participaram ativamente do setor el\u00e9trico e tiveram papel<\/p>\n<p>decisivo nas discuss\u00f5es e decis\u00f5es que levaram \u00e0 cria\u00e7\u00e3o da Eletrobras, hoje Axia Energia. As entrevistas, classificadas entre hist\u00f3rias de vida e tem\u00e1ticas, foram conduzidas por pesquisadores do CPDOC. As etapas seguintes como a transcri\u00e7\u00e3o, datilografia e organiza\u00e7\u00e3o do material, ficaram sob responsabilidade da Mem\u00f3ria da Eletricidade.<\/p>\n<figure>\n  <img decoding=\"async\" src=\"https:\/\/www.estadaoconteudo.com.br\/RSS\/images\/AME20251103150010440063-historiaoralnose-2.jpg\" alt=\"Divulga\u00e7\u00e3o 2\"><figcaption>Divulga\u00e7\u00e3o 2<\/figcaption><\/figure>\n<p><i>Historiador Paulo Brandi durante depoimento de Hist\u00f3ria Oral. Foto: Leila Guimar\u00e3es | Acervo Mem\u00f3ria da <\/i> <i>Eletricidade<\/i><\/p>\n<p>Historiador e pesquisador da Mem\u00f3ria da Eletricidade, desde a sua cria\u00e7\u00e3o, Paulo Brandi refor\u00e7a a import\u00e2ncia da Hist\u00f3ria Oral e detalha a organiza\u00e7\u00e3o do programa precursor. \u201cMuitas vezes ela ilumina um assunto, traz novas informa\u00e7\u00f5es e revela\u00e7\u00f5es que podem ser de grande interesse e que n\u00e3o est\u00e3o nos documentos usuais que o historiador sempre trabalha, al\u00e9m de contar com esse lado da subjetividade, da viv\u00eancia dos agentes&#8230; \u00c9 nesse fator que eu enxergo a sua grande validade\u201d, afirma.<\/p>\n<p>\u201cNeste primeiro trabalho, foram entrevistadas figuras proeminentes da hist\u00f3ria do setor el\u00e9trico, como John Cotrim (fundador e primeiro presidente de Furnas); Lucas Lopes (primeiro presidente da Cemig); Paulo Richer (primeiro presidente da Eletrobras); e Mario Bhering (quarto presidente da Eletrobras e fundador da Mem\u00f3ria)&#8230; Eles tinham muito a contar, sobre a Chesf, sobre a Cemig, que j\u00e1 tinham uma atua\u00e7\u00e3o forte anterior \u00e0 cria\u00e7\u00e3o da Eletrobras. Foi um programa muito importante, abriu novos caminhos no setor\u201d, lembrou.<\/p>\n<p><b>Hist\u00f3ria Oral de vida X Hist\u00f3ria Oral empresarial<\/b><\/p>\n<p>Os programas geralmente se desenvolvem em duas dire\u00e7\u00f5es principais. A primeira est\u00e1 associada \u00e0s comemora\u00e7\u00f5es de anivers\u00e1rio das empresas, como os <a href=\"https:\/\/memoriadaeletricidade.com.br\/acervo\/20631\/depoimento-de-paulo-richer\" target=\"_blank\"><u>50<\/u> <u>anos<\/u> <u>da<\/u> <u>Eletrobras<\/u><\/a> (2012), os <a href=\"https:\/\/memoriadaeletricidade.com.br\/acervo\/20574\/depoimento-de-jerzy-zbigniew-leopold-lepecki\" target=\"_blank\"><u>35<\/u> <u>anos<\/u> <u>do<\/u> <u>Cepel<\/u><\/a> (2009) e o <a href=\"https:\/\/memoriadaeletricidade.com.br\/acervo\/20545\/depoimento-de-marilia-de-oliveira-sa-freire\" target=\"_blank\"><u>Centen\u00e1rio<\/u> <u>da<\/u><\/a> <a href=\"https:\/\/memoriadaeletricidade.com.br\/acervo\/20545\/depoimento-de-marilia-de-oliveira-sa-freire\" target=\"_blank\"><u>Light<\/u> <u>(2005)<\/u><\/a>, entre outros. Nesses momentos, os temas costumam ter um car\u00e1ter mais abrangente, abrindo espa\u00e7o para que diferentes colaboradores compartilhem suas experi\u00eancias. O prop\u00f3sito \u00e9 registrar as hist\u00f3rias internas e, simultaneamente, fortalecer o v\u00ednculo entre as pessoas e a pr\u00f3pria organiza\u00e7\u00e3o.<\/p>\n<p>A segunda linha de atua\u00e7\u00e3o busca reconstruir a trajet\u00f3ria de institui\u00e7\u00f5es ou de iniciativas espec\u00edficas, como os estudos voltados \u00e0 hist\u00f3ria da eletrifica\u00e7\u00e3o rural e da universaliza\u00e7\u00e3o da energia el\u00e9trica; \u00e0 cria\u00e7\u00e3o do Operador Nacional do Sistema (ONS); \u00e0 rela\u00e7\u00e3o entre o meio ambiente e o setor el\u00e9trico brasileiro; e \u00e0s conex\u00f5es internacionais que envolvem a integra\u00e7\u00e3o energ\u00e9tica na Am\u00e9rica do Sul, entre outros temas.<\/p>\n<p>Paulo Brandi recorda que, entre os diversos programas dos quais participou, um dos mais significativos foi aquele dedicado a reunir informa\u00e7\u00f5es sobre o desenvolvimento do setor el\u00e9trico brasileiro, intitulado \u201cO planejamento da expans\u00e3o do setor de energia el\u00e9trica: a atua\u00e7\u00e3o da Eletrobras e do Grupo Coordenador do Planejamento dos Sistemas El\u00e9tricos &#8211; GCPS\u201d. Na ocasi\u00e3o, as entrevistas seguiram a metodologia da Hist\u00f3ria Oral, mas o foco principal era a produ\u00e7\u00e3o de duas publica\u00e7\u00f5es: uma sobre a hist\u00f3ria do GCPS e outra reunindo os relatos dos entrevistados. Ambos os livros est\u00e3o dispon\u00edveis no acervo da <a href=\"https:\/\/bibliotecasdaenergia.com.br\/\" target=\"_blank\"><u>Rede Bibliotecas da Energia<\/u><\/a>.<\/p>\n<p>\u201cQuanto mais informa\u00e7\u00f5es o entrevistador tem sobre o tema e sobre a atua\u00e7\u00e3o do entrevistado, mais frutos ele colhe. Todas as entrevistas se baseiam em<\/p>\n<p>roteiros elaborados a partir de pesquisa, not\u00edcias, curr\u00edculo do depoente. Chegar na conversa preparado \u00e9 fundamental. No decorrer, tamb\u00e9m \u00e9 comum que novas quest\u00f5es venham a surgir, para al\u00e9m do roteiro\u201d, acrescentou o pesquisador.<\/p>\n<p><b>Mem\u00f3ria Institucional x Mem\u00f3ria Organizacional<\/b><\/p>\n<p>Ao falar em mem\u00f3ria corporativa, \u00e9 importante diferenciar dois conceitos complementares: Mem\u00f3ria Institucional e Mem\u00f3ria Organizacional.<\/p>\n<p>A Mem\u00f3ria Institucional \u00e9 o conjunto de registros, lembran\u00e7as, pr\u00e1ticas e narrativas que preservam a trajet\u00f3ria, identidade e valores de uma institui\u00e7\u00e3o. Ela se materializa em documentos, imagens, depoimentos e objetos, mas tamb\u00e9m vive na experi\u00eancia das pessoas que fizeram e fazem parte dessa hist\u00f3ria.<\/p>\n<p>No entanto, para o legado se consolidar, ele precisa ser sustentado pela Mem\u00f3ria Organizacional, que s\u00e3o os registros e dados do cotidiano da empresa que, ao longo do tempo, se tornam parte da hist\u00f3ria, como manuais, procedimentos operacionais, relat\u00f3rios de projetos, indicadores internos etc. Enquanto isso, a Mem\u00f3ria Institucional proporciona contexto hist\u00f3rico e identidade a esses fatores, o que pode orientar e at\u00e9 inspirar futuras a\u00e7\u00f5es da institui\u00e7\u00e3o. As duas dependem de organiza\u00e7\u00e3o dos documentos, registros constantes e troca de informa\u00e7\u00f5es.<\/p>\n<p>A Mem\u00f3ria Institucional pode dar origem a uma s\u00e9rie de produtos que ajudam a preservar e divulgar a hist\u00f3ria da organiza\u00e7\u00e3o. Entre eles est\u00e3o as publica\u00e7\u00f5es, como livros comemorativos, cat\u00e1logos de exposi\u00e7\u00f5es, cadernos de hist\u00f3ria oral e \u00e1lbuns fotogr\u00e1ficos. Tamb\u00e9m podem ser realizadas exposi\u00e7\u00f5es e mostras, presenciais ou virtuais, com recortes tem\u00e1ticos que abordem projetos, pessoas, obras e marcos hist\u00f3ricos.<\/p>\n<p>No ambiente digital, a mem\u00f3ria pode se transformar em v\u00eddeos documentais, podcasts, galerias virtuais e publica\u00e7\u00f5es para redes sociais. Outra possibilidade \u00e9 o desenvolvimento de material educativo, como jogos de mem\u00f3ria, cartilhas, guias tem\u00e1ticos e recursos voltados para treinamentos e integra\u00e7\u00e3o de novos colaboradores. Por fim, tamb\u00e9m \u00e9 poss\u00edvel criar produtos institucionais, como<\/p>\n<p>calend\u00e1rios, agendas, brindes e objetos personalizados com imagens e hist\u00f3rias da empresa.<\/p>\n<p><b>Conhe\u00e7a os depoimentos e projetos de Hist\u00f3ria Oral da Mem\u00f3ria<\/b><\/p>\n<p>As entrevistas de Hist\u00f3ria Oral realizadas pela Mem\u00f3ria da Eletricidade, dispon\u00edveis em formato de v\u00eddeo e \u00e1udio, constituem um importante acervo de <a href=\"https:\/\/bluestudio.estadao.com.br\/agencia-de-comunicacao\/agencia-memoria-da-eletricidade\/arquivos-pessoais-e-historias-de-vida-da-experiencia-individual-a-memoria-do-setor-eletrico-brasileiro\/\" target=\"_blank\"><u>relatos<\/u> <u>pessoais<\/u> <u>e<\/u> <u>profissionais<\/u><\/a> que ajudam a compreender a trajet\u00f3ria do setor el\u00e9trico brasileiro sob diferentes perspectivas. Esses registros, produzidos ao longo de diversas iniciativas de preserva\u00e7\u00e3o da mem\u00f3ria institucional e setorial, est\u00e3o integralmente dispon\u00edveis no site da institui\u00e7\u00e3o, juntamente com os produtos derivados dessas a\u00e7\u00f5es, como publica\u00e7\u00f5es, document\u00e1rios e exposi\u00e7\u00f5es virtuais, que ampliam o acesso e a compreens\u00e3o desse patrim\u00f4nio imaterial.<\/p>\n<p>Para conhecer mais basta acessar o <a href=\"https:\/\/memoriadaeletricidade.com.br\/acervo\" target=\"_blank\"><u>site<\/u> <u>do<\/u> <u>acervo<\/u><\/a>.<\/p>\n<p>A <b>OESP<\/b> n\u00e3o \u00e9(s\u00e3o) respons\u00e1vel(is) por erros, incorre\u00e7\u00f5es, atrasos ou quaisquer decis\u00f5es tomadas por seus clientes com base nos Conte\u00fados ora disponibilizados, bem como tais Conte\u00fados n\u00e3o representam a opini\u00e3o da <b>OESP<\/b> e s\u00e3o de inteira responsabilidade da <b>Ag\u00eancia Mem\u00f3ria da Eletricidade<\/b><\/p>\n","protected":false},"excerpt":{"rendered":"Hist\u00f3ria Oral no setor el\u00e9trico: como a Mem\u00f3ria da Eletricidade preserva relatos e identidades h\u00e1 quase quatro d\u00e9cadas Divulga\u00e7\u00e3o 1 Altino Ventura Filho, ex-presidente da Eletrobras, durante","protected":false},"author":1,"featured_media":118790,"comment_status":"open","ping_status":"closed","sticky":false,"template":"","format":"standard","meta":{"_acf_changed":false,"inline_featured_image":false,"_monsterinsights_skip_tracking":false,"_monsterinsights_sitenote_active":false,"_monsterinsights_sitenote_note":"","_monsterinsights_sitenote_category":0,"footnotes":""},"categories":[1680],"tags":[],"class_list":["post-118789","post","type-post","status-publish","format-standard","has-post-thumbnail","hentry","category-agencia-memoria-da-eletricidade"],"acf":[],"_links":{"self":[{"href":"https:\/\/bluestudio.estadao.com.br\/agencia-de-comunicacao\/wp-json\/wp\/v2\/posts\/118789","targetHints":{"allow":["GET"]}}],"collection":[{"href":"https:\/\/bluestudio.estadao.com.br\/agencia-de-comunicacao\/wp-json\/wp\/v2\/posts"}],"about":[{"href":"https:\/\/bluestudio.estadao.com.br\/agencia-de-comunicacao\/wp-json\/wp\/v2\/types\/post"}],"author":[{"embeddable":true,"href":"https:\/\/bluestudio.estadao.com.br\/agencia-de-comunicacao\/wp-json\/wp\/v2\/users\/1"}],"replies":[{"embeddable":true,"href":"https:\/\/bluestudio.estadao.com.br\/agencia-de-comunicacao\/wp-json\/wp\/v2\/comments?post=118789"}],"version-history":[{"count":0,"href":"https:\/\/bluestudio.estadao.com.br\/agencia-de-comunicacao\/wp-json\/wp\/v2\/posts\/118789\/revisions"}],"wp:featuredmedia":[{"embeddable":true,"href":"https:\/\/bluestudio.estadao.com.br\/agencia-de-comunicacao\/wp-json\/wp\/v2\/media\/118790"}],"wp:attachment":[{"href":"https:\/\/bluestudio.estadao.com.br\/agencia-de-comunicacao\/wp-json\/wp\/v2\/media?parent=118789"}],"wp:term":[{"taxonomy":"category","embeddable":true,"href":"https:\/\/bluestudio.estadao.com.br\/agencia-de-comunicacao\/wp-json\/wp\/v2\/categories?post=118789"},{"taxonomy":"post_tag","embeddable":true,"href":"https:\/\/bluestudio.estadao.com.br\/agencia-de-comunicacao\/wp-json\/wp\/v2\/tags?post=118789"}],"curies":[{"name":"wp","href":"https:\/\/api.w.org\/{rel}","templated":true}]}}