{"id":118785,"date":"2025-11-03T13:57:00","date_gmt":"2025-11-03T16:57:00","guid":{"rendered":"https:\/\/bluestudio.estadao.com.br\/agencia-de-comunicacao\/prnewswire\/a-desenvolvedora-nascida-na-arabia-saudita-atinge-patamares-globais-o-pipeline-de-projetos-da-dar-global-atinge-us-19-bilhoes-com-grande-expansao-para-a-arabia-saudita\/"},"modified":"2025-11-03T13:57:00","modified_gmt":"2025-11-03T16:57:00","slug":"a-desenvolvedora-nascida-na-arabia-saudita-atinge-patamares-globais-o-pipeline-de-projetos-da-dar-global-atinge-us-19-bilhoes-com-grande-expansao-para-a-arabia-saudita","status":"publish","type":"post","link":"https:\/\/bluestudio.estadao.com.br\/agencia-de-comunicacao\/prnewswire\/a-desenvolvedora-nascida-na-arabia-saudita-atinge-patamares-globais-o-pipeline-de-projetos-da-dar-global-atinge-us-19-bilhoes-com-grande-expansao-para-a-arabia-saudita\/","title":{"rendered":"A DESENVOLVEDORA NASCIDA NA AR\u00c1BIA SAUDITA ATINGE PATAMARES GLOBAIS &#8212; O PIPELINE DE PROJETOS DA DAR GLOBAL ATINGE US $ 19 BILH\u00d5ES COM GRANDE EXPANS\u00c3O PARA A AR\u00c1BIA SAUDITA"},"content":{"rendered":"\n<div class=\"xn-content\">\n<p><span class=\"legendSpanClass\">RIADE, Ar\u00e1bia Saudita<\/span>, <span class=\"legendSpanClass\">3 de novembro de 2025<\/span> \/PRNewswire\/ &#8212; A Dar Global, incorporadora imobili\u00e1ria internacional de luxo e primeira empresa saudita a ser listada na Bolsa de Valores de Londres, anuncia hoje que a expans\u00e3o cont\u00ednua na Ar\u00e1bia Saudita contribuiu para um aumento em seu valor bruto de desenvolvimento (&#8216;GDV&#8217;) para $ 19 bilh\u00f5es de d\u00f3lares, com um pipeline total de desenvolvimento internacional superior a $ 19 bilh\u00f5es de d\u00f3lares em v\u00e1rios mercados.<\/p>\n<div id=\"prni_dvprnejpged90left\" dir=\"ltr\" style=\"width: 100%;text-align: left\"><img decoding=\"async\" id=\"prnejpged90left\" title=\"Ziad El Chaar, CEO da Dar Global\" src=\"https:\/\/mma.prnewswire.com\/media\/2811715\/Ziad_CEO_DarGlobal.jpg\" alt=\"Ziad El Chaar, CEO da Dar Global\" align=\"middle\" data-name=\"url$https%3A%2F%2Fmma.prnewswire.com%2Fmedia%2F2811715%2FZiad_CEO_DarGlobal.jpg\" \/> <\/div>\n<p>A Dar Global continua a expandir sua presen\u00e7a e aprofundar seu foco na Ar\u00e1bia Saudita, com uma s\u00e9rie de lan\u00e7amentos recentes interessantes no GCC, contribuindo para o aumento do GDV. A empresa est\u00e1 confiante nas oportunidades que temos pela frente, tanto em termos de projetos em potencial quanto no crescimento transformador da regi\u00e3o. Atualiza\u00e7\u00f5es futuras ser\u00e3o compartilhadas no tempo certo, \u00e0 medida que cada novo projeto de desenvolvimento for revelado.<\/p>\n<p>Esse marco reflete a posi\u00e7\u00e3o da Dar Global na vanguarda da transforma\u00e7\u00e3o em curso na Ar\u00e1bia Saudita, \u00e0 medida que o pa\u00eds se prepara para abrir seu mercado imobili\u00e1rio ao investimento estrangeiro n\u00e3o residente em janeiro de 2026. Esta etapa marca um momento decisivo para o setor imobili\u00e1rio do Reino, e a Dar Global est\u00e1 entre as primeiras a capitalizar essa nova era de abertura e participa\u00e7\u00e3o internacional.<\/p>\n<p>Comentando sobre o an\u00fancio, <b> Ziad El Chaar, CEO da Dar Global<\/b>, disse: &#8220;A Dar Global foi constru\u00edda com base em uma compreens\u00e3o profunda de para onde os fluxos de riqueza globais e regionais est\u00e3o indo. \u00c0 medida que o Reino entra em uma nova fase de abertura e integra\u00e7\u00e3o global, estamos em uma posi\u00e7\u00e3o \u00fanica para liderar este pr\u00f3ximo cap\u00edtulo &#8212; conectando investidores internacionais \u00e0 hist\u00f3ria saudita. O aumento de nosso GDV para US $ 19 bilh\u00f5es reflete n\u00e3o apenas o crescimento em n\u00fameros, mas a confian\u00e7a em nossa vis\u00e3o, nossa execu\u00e7\u00e3o e no extraordin\u00e1rio potencial da Ar\u00e1bia Saudita.&#8221;<\/p>\n<p>O crescimento acelerado da Empresa \u00e9 o resultado de uma s\u00e9rie de assinaturas de projetos de alto n\u00edvel e parcerias estrat\u00e9gicas na Ar\u00e1bia Saudita, refor\u00e7ando seu compromisso de longo prazo com o mercado. Os desenvolvimentos da Dar Global est\u00e3o alinhados com as ambi\u00e7\u00f5es da Vis\u00e3o 2030, combinando a excel\u00eancia do design internacional com a autenticidade cultural dos destinos sauditas.<\/p>\n<p>Apoiada por sua listagem na Bolsa de Valores de Londres, a Dar Global continua atraindo investidores globais, incluindo compradores de mais de 115 nacionalidades, expandindo sua presen\u00e7a e oferecendo empreendimentos de classe mundial que redefinem a vida de luxo em Londres, Marbella, Dubai, Jeddah, Riade, Mascate e Doha.<\/p>\n<p>Foto: <a href=\"https:\/\/mma.prnewswire.com\/media\/2811715\/Ziad_CEO_DarGlobal.jpg\" target=\"_blank\" rel=\"nofollow\"> https:\/\/mma.prnewswire.com\/media\/2811715\/Ziad_CEO_DarGlobal.jpg<\/a><\/p>\n<p id=\"PURL\">\n<img loading=\"lazy\" decoding=\"async\" title=\"Cision\" width=\"12\" height=\"12\" alt=\"Cision\" src=\"https:\/\/edge.prnewswire.com\/c\/img\/favicon.png?sn=PT13680&amp;sd=2025-11-03\" \/> View original content:<a id=\"PRNURL\" rel=\"nofollow\" href=\"https:\/\/www.prnewswire.com\/br\/comunicados-para-a-imprensa\/a-desenvolvedora-nascida-na-arabia-saudita-atinge-patamares-globais--o-pipeline-de-projetos-da-dar-global-atinge-us--19-bilhoes-com-grande-expansao-para-a-arabia-saudita-302602782.html\" target=\"_blank\">https:\/\/www.prnewswire.com\/br\/comunicados-para-a-imprensa\/a-desenvolvedora-nascida-na-arabia-saudita-atinge-patamares-globais&#8211;o-pipeline-de-projetos-da-dar-global-atinge-us&#8211;19-bilhoes-com-grande-expansao-para-a-arabia-saudita-302602782.html<\/a><\/p>\n<p>FONTE Dar Global<\/p>\n<\/p><\/div>\n<p>  <img decoding=\"async\" alt=\"\" src=\"https:\/\/rt.prnewswire.com\/rt.gif?NewsItemId=PT13680&amp;Transmission_Id=202511031143PR_NEWS_LATAM____PT13680&amp;DateId=20251103\" style=\"border:0px;width:1px;height:1px\" \/><\/p>\n<p><strong>T\u00f3picos Relacionados:<\/strong> Novos Produtos\/Servi\u00e7os, Not\u00edcias e Quest\u00f5es Cont\u00e1beis, Constru\u00e7\u00e3o\/Edifica\u00e7\u00e3o, Expans\u00e3o Corporativa, Im\u00f3veis<\/p>\n<p>A <b>OESP<\/b> n\u00e3o \u00e9(s\u00e3o) respons\u00e1vel(is) por erros, incorre\u00e7\u00f5es, atrasos ou quaisquer decis\u00f5es tomadas por seus clientes com base nos Conte\u00fados ora disponibilizados, bem como tais Conte\u00fados n\u00e3o representam a opini\u00e3o da <b>OESP<\/b> e s\u00e3o de inteira responsabilidade da <b>PR Newswire Ltda<\/b><\/p>\n","protected":false},"excerpt":{"rendered":"RIADE, Ar\u00e1bia Saudita, 3 de novembro de 2025 \/PRNewswire\/ &#8212; A Dar Global, incorporadora imobili\u00e1ria internacional de luxo e primeira empresa saudita a ser listada na Bolsa de Valores de","protected":false},"author":1,"featured_media":118786,"comment_status":"open","ping_status":"closed","sticky":false,"template":"","format":"standard","meta":{"_acf_changed":false,"inline_featured_image":false,"_monsterinsights_skip_tracking":false,"_monsterinsights_sitenote_active":false,"_monsterinsights_sitenote_note":"","_monsterinsights_sitenote_category":0,"footnotes":""},"categories":[27],"tags":[4053,4055,4054],"class_list":["post-118785","post","type-post","status-publish","format-standard","has-post-thumbnail","hentry","category-prnewswire","tag-a-dar-global","tag-anuncia-hoje-que-a-expansao-continua-na-arab","tag-incorporadora-imobiliaria-internacional-de-luxo-e-primeira-empresa-saudita-a-ser-listada-na-bolsa-de-valores-de-londres"],"acf":[],"_links":{"self":[{"href":"https:\/\/bluestudio.estadao.com.br\/agencia-de-comunicacao\/wp-json\/wp\/v2\/posts\/118785","targetHints":{"allow":["GET"]}}],"collection":[{"href":"https:\/\/bluestudio.estadao.com.br\/agencia-de-comunicacao\/wp-json\/wp\/v2\/posts"}],"about":[{"href":"https:\/\/bluestudio.estadao.com.br\/agencia-de-comunicacao\/wp-json\/wp\/v2\/types\/post"}],"author":[{"embeddable":true,"href":"https:\/\/bluestudio.estadao.com.br\/agencia-de-comunicacao\/wp-json\/wp\/v2\/users\/1"}],"replies":[{"embeddable":true,"href":"https:\/\/bluestudio.estadao.com.br\/agencia-de-comunicacao\/wp-json\/wp\/v2\/comments?post=118785"}],"version-history":[{"count":0,"href":"https:\/\/bluestudio.estadao.com.br\/agencia-de-comunicacao\/wp-json\/wp\/v2\/posts\/118785\/revisions"}],"wp:featuredmedia":[{"embeddable":true,"href":"https:\/\/bluestudio.estadao.com.br\/agencia-de-comunicacao\/wp-json\/wp\/v2\/media\/118786"}],"wp:attachment":[{"href":"https:\/\/bluestudio.estadao.com.br\/agencia-de-comunicacao\/wp-json\/wp\/v2\/media?parent=118785"}],"wp:term":[{"taxonomy":"category","embeddable":true,"href":"https:\/\/bluestudio.estadao.com.br\/agencia-de-comunicacao\/wp-json\/wp\/v2\/categories?post=118785"},{"taxonomy":"post_tag","embeddable":true,"href":"https:\/\/bluestudio.estadao.com.br\/agencia-de-comunicacao\/wp-json\/wp\/v2\/tags?post=118785"}],"curies":[{"name":"wp","href":"https:\/\/api.w.org\/{rel}","templated":true}]}}