{"id":118752,"date":"2025-11-03T09:27:00","date_gmt":"2025-11-03T12:27:00","guid":{"rendered":"https:\/\/bluestudio.estadao.com.br\/agencia-de-comunicacao\/prnewswire\/mais-de-600-participantes-da-comunidade-de-licenciados-essencial-costa-rica-se-reuniram-no-forum-b2b-2025\/"},"modified":"2025-11-03T09:27:00","modified_gmt":"2025-11-03T12:27:00","slug":"mais-de-600-participantes-da-comunidade-de-licenciados-essencial-costa-rica-se-reuniram-no-forum-b2b-2025","status":"publish","type":"post","link":"https:\/\/bluestudio.estadao.com.br\/agencia-de-comunicacao\/prnewswire\/mais-de-600-participantes-da-comunidade-de-licenciados-essencial-costa-rica-se-reuniram-no-forum-b2b-2025\/","title":{"rendered":"Mais de 600 participantes da comunidade de licenciados Essencial COSTA RICA se reuniram no F\u00f3rum B2B 2025"},"content":{"rendered":"\n<div class=\"xn-content\">\n<p><span class=\"legendSpanClass\">SAN JOS\u00c9, Costa Rica<\/span>, <span class=\"legendSpanClass\">3 de novembro de 2025<\/span> \/PRNewswire\/ &#8212; <span>Sob o conceito <\/span><i>&#8220;Inova\u00e7\u00e3o em seu estado natural&#8221;<\/i><span>, a <\/span><i>essencial<\/i><span> Country Brand COSTA RICA realizou a nona edi\u00e7\u00e3o do F\u00f3rum B2B, uma reuni\u00e3o que reuniu mais de 600 representantes de empresas licenciadas para compartilhar experi\u00eancias, aprendizados e ferramentas que fortalecem sua gest\u00e3o em sustentabilidade e inova\u00e7\u00e3o.<\/span> <\/p>\n<div id=\"prni_dvprnejpge142left\" dir=\"ltr\" style=\"width: 100%;text-align: left\"><img decoding=\"async\" id=\"prnejpge142left\" style=\"width: 400px;height: 267px\" title=\"\" src=\"https:\/\/mma.prnewswire.com\/media\/2810601\/Image__90.jpg\" alt=\"\" align=\"middle\" \/> <\/div>\n<p>Durante o dia, a <b><i>Essential<\/i> COSTA RICA<\/b> apresentou a atualiza\u00e7\u00e3o de seu protocolo de licenciamento de neg\u00f3cios, um processo mais \u00e1gil e digital que simplifica a avalia\u00e7\u00e3o para empresas que buscam obter ou renovar sua licen\u00e7a. Este modelo incorpora aprova\u00e7\u00f5es com mais de 40 certifica\u00e7\u00f5es internacionais, reconhece pr\u00e1ticas previamente verificadas e oferece uma experi\u00eancia mais eficiente para empresas interessadas em representar a Costa Rica no exterior sob os valores da Marca Pa\u00eds.<\/p>\n<p>&#8220;A evolu\u00e7\u00e3o do protocolo responde ao compromisso de continuar acompanhando as empresas &#8211; novas e consolidadas &#8211; em seu processo de licenciamento. Mais do que um procedimento, buscamos torn\u00e1-lo uma ferramenta pr\u00e1tica que promova a melhoria cont\u00ednua e a competitividade, sob os valores que distinguem a Marca Pa\u00eds&#8221;, afirma Adriana Acosta, Diretora da <i>Essencial<\/i> COSTA RICA.<\/p>\n<p>O f\u00f3rum contou com a presen\u00e7a de especialistas internacionais que compartilharam perspectivas sobre os desafios e oportunidades enfrentados pelas empresas em um ambiente global cada vez mais competitivo. As palestras abordaram temas como transforma\u00e7\u00e3o tecnol\u00f3gica, sustentabilidade, turismo respons\u00e1vel e atra\u00e7\u00e3o de talentos, com a participa\u00e7\u00e3o de John Knohr (DHL Global Forwarding), Bernardo Mes\u00e9n (HPE), In\u00e9s Cano (aba Global Marketing) e Mar\u00eda Fernanda S\u00e1nchez (Doris Peters). Suas apresenta\u00e7\u00f5es forneceram uma perspectiva diversificada sobre como a inova\u00e7\u00e3o e a colabora\u00e7\u00e3o entre setores podem acelerar a transi\u00e7\u00e3o para modelos de neg\u00f3cios mais sustent\u00e1veis.<\/p>\n<p>O componente cultural do evento integrou arte e m\u00fasica como express\u00f5es da identidade costarriquenha. O artista Deeikel, expoente da m\u00fasica urbana nacional, apresentou sua m\u00fasica <i>&#8220;Esencial&#8221;<\/i> junto com a Orquestra Sinf\u00f4nica Intermedi\u00e1ria, como parte da campanha nacional <i>&#8220;Si se bota, se nota&#8221;<\/i>, em colabora\u00e7\u00e3o com a Country Brand para promover uma cultura de limpeza e responsabilidade ambiental em espa\u00e7os p\u00fablicos. A iniciativa convida os cidad\u00e3os a adotarem o h\u00e1bito de n\u00e3o despejar lixo como reflexo da identidade e do orgulho costarriquenhos. <i>Essencial <\/i>Os artistas embaixadores da COSTA RICA, Ale R\u00e1mbar e Man Yu, tamb\u00e9m apresentaram uma galeria de arte durante o evento, inspirada na criatividade e no talento da Costa Rica como motores de inova\u00e7\u00e3o.<\/p>\n<p>O F\u00f3rum B2B 2025 demonstrou como a inova\u00e7\u00e3o e a sustentabilidade est\u00e3o interligadas na forma de fazer neg\u00f3cios na Costa Rica. &#8220;A inova\u00e7\u00e3o n\u00e3o acontece isoladamente. Acontece quando compartilhamos conhecimento, quando colaboramos e quando entendemos que toda melhoria, por menor que seja, contribui para o progresso do pa\u00eds. Na Costa Rica, essa forma de inovar com base na sustentabilidade faz parte da nossa ess\u00eancia e de como projetamos o futuro. Espa\u00e7os como o F\u00f3rum B2B nos permitem materializ\u00e1-lo, reunindo aqueles que possibilitam que essa vis\u00e3o se torne a\u00e7\u00e3o&#8221;, concluiu Acosta.<\/p>\n<p>Foto &#8211; <a href=\"https:\/\/mma.prnewswire.com\/media\/2810601\/Image__90.jpg\" target=\"_blank\" rel=\"nofollow\">https:\/\/mma.prnewswire.com\/media\/2810601\/Image__90.jpg<\/a><\/p>\n<p id=\"PURL\">\n<img loading=\"lazy\" decoding=\"async\" title=\"Cision\" width=\"12\" height=\"12\" alt=\"Cision\" src=\"https:\/\/edge.prnewswire.com\/c\/img\/favicon.png?sn=PT12522&amp;sd=2025-11-03\" \/> View original content:<a id=\"PRNURL\" rel=\"nofollow\" href=\"https:\/\/www.prnewswire.com\/br\/comunicados-para-a-imprensa\/mais-de-600-participantes-da-comunidade-de-licenciados-essencial-costa-rica-se-reuniram-no-forum-b2b-2025-302602479.html\" target=\"_blank\">https:\/\/www.prnewswire.com\/br\/comunicados-para-a-imprensa\/mais-de-600-participantes-da-comunidade-de-licenciados-essencial-costa-rica-se-reuniram-no-forum-b2b-2025-302602479.html<\/a><\/p>\n<p>FONTE Essential COSTA RICA<\/p>\n<\/p><\/div>\n<p>  <img decoding=\"async\" alt=\"\" src=\"https:\/\/rt.prnewswire.com\/rt.gif?NewsItemId=PT12522&amp;Transmission_Id=202511030721PR_NEWS_LATAM____PT12522&amp;DateId=20251103\" style=\"border:0px;width:1px;height:1px\" \/><\/p>\n<p>A <b>OESP<\/b> n\u00e3o \u00e9(s\u00e3o) respons\u00e1vel(is) por erros, incorre\u00e7\u00f5es, atrasos ou quaisquer decis\u00f5es tomadas por seus clientes com base nos Conte\u00fados ora disponibilizados, bem como tais Conte\u00fados n\u00e3o representam a opini\u00e3o da <b>OESP<\/b> e s\u00e3o de inteira responsabilidade da <b>PR Newswire Ltda<\/b><\/p>\n","protected":false},"excerpt":{"rendered":"SAN JOS\u00c9, Costa Rica, 3 de novembro de 2025 \/PRNewswire\/ &#8212; Sob o conceito &#8220;Inova\u00e7\u00e3o em seu estado natural&#8221;, a essencial Country Brand COSTA RICA realizou a nona edi\u00e7\u00e3o do F\u00f3rum","protected":false},"author":1,"featured_media":118753,"comment_status":"open","ping_status":"closed","sticky":false,"template":"","format":"standard","meta":{"_acf_changed":false,"inline_featured_image":false,"_monsterinsights_skip_tracking":false,"_monsterinsights_sitenote_active":false,"_monsterinsights_sitenote_note":"","_monsterinsights_sitenote_category":0,"footnotes":""},"categories":[27],"tags":[4020,4019,4021],"class_list":["post-118752","post","type-post","status-publish","format-standard","has-post-thumbnail","hentry","category-prnewswire","tag-a-essencial-country-brand-costa-rica-realizou-a-nona-edicao-do-forum-b2b","tag-sob-o-conceito-inovacao-em-seu-estado-natural","tag-uma-reuniao-que-reuniu-mais-de-600-represe"],"acf":[],"_links":{"self":[{"href":"https:\/\/bluestudio.estadao.com.br\/agencia-de-comunicacao\/wp-json\/wp\/v2\/posts\/118752","targetHints":{"allow":["GET"]}}],"collection":[{"href":"https:\/\/bluestudio.estadao.com.br\/agencia-de-comunicacao\/wp-json\/wp\/v2\/posts"}],"about":[{"href":"https:\/\/bluestudio.estadao.com.br\/agencia-de-comunicacao\/wp-json\/wp\/v2\/types\/post"}],"author":[{"embeddable":true,"href":"https:\/\/bluestudio.estadao.com.br\/agencia-de-comunicacao\/wp-json\/wp\/v2\/users\/1"}],"replies":[{"embeddable":true,"href":"https:\/\/bluestudio.estadao.com.br\/agencia-de-comunicacao\/wp-json\/wp\/v2\/comments?post=118752"}],"version-history":[{"count":0,"href":"https:\/\/bluestudio.estadao.com.br\/agencia-de-comunicacao\/wp-json\/wp\/v2\/posts\/118752\/revisions"}],"wp:featuredmedia":[{"embeddable":true,"href":"https:\/\/bluestudio.estadao.com.br\/agencia-de-comunicacao\/wp-json\/wp\/v2\/media\/118753"}],"wp:attachment":[{"href":"https:\/\/bluestudio.estadao.com.br\/agencia-de-comunicacao\/wp-json\/wp\/v2\/media?parent=118752"}],"wp:term":[{"taxonomy":"category","embeddable":true,"href":"https:\/\/bluestudio.estadao.com.br\/agencia-de-comunicacao\/wp-json\/wp\/v2\/categories?post=118752"},{"taxonomy":"post_tag","embeddable":true,"href":"https:\/\/bluestudio.estadao.com.br\/agencia-de-comunicacao\/wp-json\/wp\/v2\/tags?post=118752"}],"curies":[{"name":"wp","href":"https:\/\/api.w.org\/{rel}","templated":true}]}}