{"id":118508,"date":"2025-10-29T15:12:00","date_gmt":"2025-10-29T18:12:00","guid":{"rendered":"https:\/\/bluestudio.estadao.com.br\/agencia-de-comunicacao\/prnewswire\/a-noite-em-que-a-musica-tocou-o-universo\/"},"modified":"2025-10-29T15:12:00","modified_gmt":"2025-10-29T18:12:00","slug":"a-noite-em-que-a-musica-tocou-o-universo","status":"publish","type":"post","link":"https:\/\/bluestudio.estadao.com.br\/agencia-de-comunicacao\/prnewswire\/a-noite-em-que-a-musica-tocou-o-universo\/","title":{"rendered":"A Noite em que a m\u00fasica tocou o Universo"},"content":{"rendered":"\n<div class=\"xn-content\">\n<i>Associa\u00e7\u00e3o Dakila Pesquisas lan\u00e7a as cantoras MariMel e inicia uma turn\u00ea que vai levar ao mundo can\u00e7\u00f5es capazes de despertar a consci\u00eancia e inspirar uma nova vibra\u00e7\u00e3o de amor e equil\u00edbrio<\/i>\n <\/p>\n<p><span class=\"legendSpanClass\">CORGUINHO, Brasil<\/span>, <span class=\"legendSpanClass\">29 de outubro de 2025<\/span> \/PRNewswire\/ &#8212; No in\u00edcio de outubro, a Associa\u00e7\u00e3o Dakila apresentou oficialmente as g\u00eameas Mariana e Melina Azevedo Prado, conhecidas como MariMel, duas jovens cantoras de apenas 14 anos que surpreenderam o p\u00fablico com talento, sensibilidade e presen\u00e7a de palco. O evento, realizado no Recanto de Havalon, marcou o lan\u00e7amento art\u00edstico das irm\u00e3s e o in\u00edcio de uma nova fase nos projetos culturais da institui\u00e7\u00e3o.<\/p>\n<div class=\"PRN_ImbeddedAssetReference\" id=\"DivAssetPlaceHolder1\">\n  <a href=\"https:\/\/mma.prnewswire.com\/media\/2808409\/Meninas_recorte.html\" target=\"_blank\" rel=\"nofollow\"> <img decoding=\"async\" src=\"https:\/\/mma.prnewswire.com\/media\/2808409\/Meninas_recorte.jpg\" title=\"\" alt=\"\" \/>  <\/a>\n<\/p>\n<\/p><\/div>\n<p>Mari e Mel cresceram envolvidas pelo conhecimento de Dakila. Desde pequenas ouviram sobre energia, consci\u00eancia e amor. Agora, tornam-se as int\u00e9rpretes de um trabalho que une ci\u00eancia, arte, emo\u00e7\u00e3o e prop\u00f3sito, levando ao p\u00fablico uma forma de express\u00e3o que valoriza o sentimento, a harmonia e o poder da m\u00fasica.<\/p>\n<p>A apresenta\u00e7\u00e3o emocionou os presentes, que acompanharam atentos cada can\u00e7\u00e3o. No palco, Mari e Mel encantaram com interpreta\u00e7\u00f5es que uniram t\u00e9cnica e emo\u00e7\u00e3o em m\u00fasicas que falam sobre coragem, amor e esperan\u00e7a. Cada performance revelou o cuidado e a dedica\u00e7\u00e3o das jovens, que transmitiram ao p\u00fablico uma sensa\u00e7\u00e3o de leveza, inspira\u00e7\u00e3o e harmonia.<\/p>\n<p>O presidente da Associa\u00e7\u00e3o Dakila Pesquisas, Urandir Fernandes de Oliveira, abriu o evento ressaltando a import\u00e2ncia da arte como meio de renova\u00e7\u00e3o e express\u00e3o da alma. Segundo ele, MariMel representam a for\u00e7a da juventude e o poder da m\u00fasica em despertar sentimentos positivos. &#8220;Elas t\u00eam um dom raro e uma pureza art\u00edstica que tocam o cora\u00e7\u00e3o de quem as ouve. Queremos que sigam livres, criando com autenticidade&#8221;, afirmou.<\/p>\n<p>As g\u00eameas foram preparadas pelo Est\u00fadio Vozes, que trabalhou a afina\u00e7\u00e3o e harmonia das meninas, destacando o timbre diferenciado que as torna \u00fanicas. As m\u00fasicas interpretadas pelas irm\u00e3s combinam intensidade e do\u00e7ura, demonstrando maturidade art\u00edstica e um profundo senso de conex\u00e3o com o p\u00fablico. A forma como conduzem cada melodia mostra que o canto delas vai al\u00e9m da t\u00e9cnica, sendo uma express\u00e3o natural de sentimento e sensibilidade. Suas vozes possuem uma vibra\u00e7\u00e3o especial, capaz de elevar a energia, renovar o \u00e2nimo e inspirar quem escuta.<\/p>\n<p>Para Dakila, o lan\u00e7amento de MariMel \u00e9 parte de um projeto que busca promover a arte como instrumento de consci\u00eancia e eleva\u00e7\u00e3o. A institui\u00e7\u00e3o acredita que a m\u00fasica tem o poder de influenciar positivamente a energia do ambiente e das pessoas, despertando emo\u00e7\u00f5es construtivas e fortalecendo la\u00e7os humanos. Quando vivida com verdade e inten\u00e7\u00e3o, a arte \u00e9 capaz de transformar a vibra\u00e7\u00e3o coletiva, unindo cora\u00e7\u00f5es e espalhando harmonia pelo mundo.<\/p>\n<p>Com uma turn\u00ea nacional prevista at\u00e9 mar\u00e7o do pr\u00f3ximo ano, MariMel levar\u00e3o suas can\u00e7\u00f5es a diferentes regi\u00f5es do pa\u00eds. A noite de estreia em Havalon ficar\u00e1 marcada pela emo\u00e7\u00e3o e pela certeza de que MariMel representam uma nova gera\u00e7\u00e3o da m\u00fasica brasileira, uma gera\u00e7\u00e3o que canta com verdade, sentimento e prop\u00f3sito.<\/p>\n<p>Foto &#8211; <a href=\"https:\/\/mma.prnewswire.com\/media\/2808409\/Meninas_recorte.jpg\" target=\"_blank\" rel=\"nofollow\">https:\/\/mma.prnewswire.com\/media\/2808409\/Meninas_recorte.jpg<\/a><\/p>\n<\/p>\n<p id=\"PURL\">\n<img loading=\"lazy\" decoding=\"async\" title=\"Cision\" width=\"12\" height=\"12\" alt=\"Cision\" src=\"https:\/\/edge.prnewswire.com\/c\/img\/favicon.png?sn=PT10297&amp;sd=2025-10-29\" \/> View original content to download multimedia:<a id=\"PRNURL\" rel=\"nofollow\" href=\"https:\/\/www.prnewswire.com\/br\/comunicados-para-a-imprensa\/a-noite-em-que-a-musica-tocou-o-universo-302598620.html\" target=\"_blank\">https:\/\/www.prnewswire.com\/br\/comunicados-para-a-imprensa\/a-noite-em-que-a-musica-tocou-o-universo-302598620.html<\/a><\/p>\n<p>FONTE Associa\u00e7\u00e3o Dakila Pesquisas<\/p>\n<\/p><\/div>\n<p>  <img decoding=\"async\" alt=\"\" src=\"https:\/\/rt.prnewswire.com\/rt.gif?NewsItemId=PT10297&amp;Transmission_Id=202510291400PR_NEWS_LATAM____PT10297&amp;DateId=20251029\" style=\"border:0px;width:1px;height:1px\" \/><\/p>\n<p><strong>T\u00f3picos Relacionados:<\/strong> Novos Produtos\/Servi\u00e7os, M\u00fasica, Entretenimento<\/p>\n<p>A <b>OESP<\/b> n\u00e3o \u00e9(s\u00e3o) respons\u00e1vel(is) por erros, incorre\u00e7\u00f5es, atrasos ou quaisquer decis\u00f5es tomadas por seus clientes com base nos Conte\u00fados ora disponibilizados, bem como tais Conte\u00fados n\u00e3o representam a opini\u00e3o da <b>OESP<\/b> e s\u00e3o de inteira responsabilidade da <b>PR Newswire Ltda<\/b><\/p>\n","protected":false},"excerpt":{"rendered":"Associa\u00e7\u00e3o Dakila Pesquisas lan\u00e7a as cantoras MariMel e inicia uma turn\u00ea que vai levar ao mundo can\u00e7\u00f5es capazes de despertar a consci\u00eancia e inspirar uma nova vibra\u00e7\u00e3o de amor e equil\u00edbrio","protected":false},"author":1,"featured_media":118509,"comment_status":"open","ping_status":"closed","sticky":false,"template":"","format":"standard","meta":{"_acf_changed":false,"inline_featured_image":false,"_monsterinsights_skip_tracking":false,"_monsterinsights_sitenote_active":false,"_monsterinsights_sitenote_note":"","_monsterinsights_sitenote_category":0,"footnotes":""},"categories":[27],"tags":[3836,3837,3838,3835],"class_list":["post-118508","post","type-post","status-publish","format-standard","has-post-thumbnail","hentry","category-prnewswire","tag-a-associacao-dakila-apresentou-oficialmente-as-gemeas-mariana-e-melina-azevedo-prado","tag-conhecidas-como-marimel","tag-duas-jovens-cantoras-de-apenas-14-anos-que-sur","tag-no-inicio-de-outubro"],"acf":[],"_links":{"self":[{"href":"https:\/\/bluestudio.estadao.com.br\/agencia-de-comunicacao\/wp-json\/wp\/v2\/posts\/118508","targetHints":{"allow":["GET"]}}],"collection":[{"href":"https:\/\/bluestudio.estadao.com.br\/agencia-de-comunicacao\/wp-json\/wp\/v2\/posts"}],"about":[{"href":"https:\/\/bluestudio.estadao.com.br\/agencia-de-comunicacao\/wp-json\/wp\/v2\/types\/post"}],"author":[{"embeddable":true,"href":"https:\/\/bluestudio.estadao.com.br\/agencia-de-comunicacao\/wp-json\/wp\/v2\/users\/1"}],"replies":[{"embeddable":true,"href":"https:\/\/bluestudio.estadao.com.br\/agencia-de-comunicacao\/wp-json\/wp\/v2\/comments?post=118508"}],"version-history":[{"count":0,"href":"https:\/\/bluestudio.estadao.com.br\/agencia-de-comunicacao\/wp-json\/wp\/v2\/posts\/118508\/revisions"}],"wp:featuredmedia":[{"embeddable":true,"href":"https:\/\/bluestudio.estadao.com.br\/agencia-de-comunicacao\/wp-json\/wp\/v2\/media\/118509"}],"wp:attachment":[{"href":"https:\/\/bluestudio.estadao.com.br\/agencia-de-comunicacao\/wp-json\/wp\/v2\/media?parent=118508"}],"wp:term":[{"taxonomy":"category","embeddable":true,"href":"https:\/\/bluestudio.estadao.com.br\/agencia-de-comunicacao\/wp-json\/wp\/v2\/categories?post=118508"},{"taxonomy":"post_tag","embeddable":true,"href":"https:\/\/bluestudio.estadao.com.br\/agencia-de-comunicacao\/wp-json\/wp\/v2\/tags?post=118508"}],"curies":[{"name":"wp","href":"https:\/\/api.w.org\/{rel}","templated":true}]}}