{"id":118363,"date":"2025-10-28T12:31:08","date_gmt":"2025-10-28T15:31:08","guid":{"rendered":"https:\/\/bluestudio.estadao.com.br\/agencia-de-comunicacao\/?p=118363"},"modified":"2025-10-28T12:31:10","modified_gmt":"2025-10-28T15:31:10","slug":"henrique-carballal-cbpm-mineracao-bahia-valor-agregado","status":"publish","type":"post","link":"https:\/\/bluestudio.estadao.com.br\/agencia-de-comunicacao\/agencia-minera-brasil\/henrique-carballal-cbpm-mineracao-bahia-valor-agregado\/","title":{"rendered":"Henrique Carballal: \u201cA Bahia quer ser protagonista de uma minera\u00e7\u00e3o moderna, sustent\u00e1vel e de valor agregado\u201d"},"content":{"rendered":"\n<p><em>Presidente da CBPM afirma, em entrevista ao Minera Brasil, que o estado vive um momento \u00fanico para atrair investimentos e transformar conhecimento geol\u00f3gico em desenvolvimento socioecon\u00f4mico.<\/em><\/p>\n\n\n\n<p><strong>ESPECIAL EXPOSIBRAM<\/strong><\/p>\n\n\n\n<p><strong>Por Warley Pereira<\/strong><\/p>\n\n\n\n<p>Durante a <strong>Exposibram Nordeste 2025<\/strong>, realizada pela primeira vez em Salvador, o presidente da <strong>Companhia Baiana de Pesquisa Mineral (CBPM)<\/strong>, <strong>Henrique Carballal<\/strong>, destacou o papel estrat\u00e9gico da Bahia na nova agenda mineral do pa\u00eds. Em entrevista exclusiva ao <em>Minera Brasil<\/em>, Carballal afirmou que a <strong>minera\u00e7\u00e3o \u00e9 base da transi\u00e7\u00e3o energ\u00e9tica<\/strong> e defendeu uma atua\u00e7\u00e3o p\u00fablica e privada mais integrada, moderna e sustent\u00e1vel.<\/p>\n\n\n\n<p><em>\u201cA minera\u00e7\u00e3o est\u00e1 presente em tudo ao nosso redor. E quando pensamos em um futuro de baixo carbono, \u00e9 imposs\u00edvel imaginar uma transi\u00e7\u00e3o energ\u00e9tica sem os minerais \u2014 especialmente os cr\u00edticos e estrat\u00e9gicos\u201d<\/em>, afirmou.<\/p>\n\n\n\n<figure class=\"wp-block-embed is-type-video is-provider-youtube wp-block-embed-youtube wp-embed-aspect-16-9 wp-has-aspect-ratio\"><div class=\"wp-block-embed__wrapper\">\n<iframe loading=\"lazy\" title=\"Henrique Carballal: \u201cA Bahia quer ser protagonista de uma minera\u00e7\u00e3o moderna, sustent\u00e1vel\" width=\"500\" height=\"281\" src=\"https:\/\/www.youtube.com\/embed\/aHtnSdZ-fbM?feature=oembed\" frameborder=\"0\" allow=\"accelerometer; autoplay; clipboard-write; encrypted-media; gyroscope; picture-in-picture; web-share\" referrerpolicy=\"strict-origin-when-cross-origin\" allowfullscreen><\/iframe>\n<\/div><\/figure>\n\n\n\n<p>Para o presidente da CBPM, o setor vive um processo de transforma\u00e7\u00e3o, no qual o di\u00e1logo com a sociedade e o uso de novas tecnologias s\u00e3o essenciais para garantir uma minera\u00e7\u00e3o sustent\u00e1vel, includente e inovadora.<\/p>\n\n\n\n<p><em>\u201cA minera\u00e7\u00e3o acordou para a necessidade de escutar mais as comunidades, compreender suas voca\u00e7\u00f5es e modernizar processos. \u00c9 um setor centen\u00e1rio que precisa se reinventar para permanecer relevante e respons\u00e1vel\u201d<\/em>, completou.<\/p>\n\n\n\n<p>Carballal celebrou a decis\u00e3o do Instituto Brasileiro de Minera\u00e7\u00e3o (Ibram) de realizar uma edi\u00e7\u00e3o da Exposibram na Bahia, destacando o papel do estado como <strong>terceiro <\/strong>maior produtor mineral do Brasil e refer\u00eancia em energias renov\u00e1veis.<\/p>\n\n\n\n<p><em>\u201cA Bahia merecia sediar esse evento. Temos uma matriz energ\u00e9tica diversificada e potencial geol\u00f3gico imenso. Nosso dever \u00e9 garantir seguran\u00e7a jur\u00eddica aos investidores e construir uma governan\u00e7a que una desenvolvimento econ\u00f4mico e responsabilidade ambiental\u201d<\/em>, disse.<\/p>\n\n\n\n<h2 class=\"wp-block-heading\"><strong>Nova fase da CBPM<\/strong><\/h2>\n\n\n\n<p>O dirigente destacou ainda a mudan\u00e7a de posicionamento institucional da CBPM, que deixa de atuar apenas como empresa de pesquisa mineral para se consolidar como companhia de produ\u00e7\u00e3o, fomento e atra\u00e7\u00e3o de investimentos.<\/p>\n\n\n\n<p><em>\u201cEstamos vivendo um novo tempo. A CBPM passa a ser uma empresa de produ\u00e7\u00e3o, parceira do setor privado e do governo. Produzir tamb\u00e9m \u00e9 pesquisar. Nosso papel \u00e9 encurtar o tempo entre a prospec\u00e7\u00e3o e o in\u00edcio da produ\u00e7\u00e3o, gerar valor agregado e fortalecer a verticaliza\u00e7\u00e3o na Bahia\u201d,<\/em> afirmou.<\/p>\n\n\n\n<p><strong>Carballal<\/strong> defendeu o modelo de parceria entre o setor p\u00fablico e a iniciativa privada, ressaltando que essa integra\u00e7\u00e3o \u00e9 o que define a minera\u00e7\u00e3o moderna:<\/p>\n\n\n\n<p><em>\u201cN\u00e3o se trata de estatiza\u00e7\u00e3o, mas de parceria. A CBPM pode auxiliar em licenciamento, financiamento e di\u00e1logo com comunidades. \u00c9 isso que torna o ecossistema mais eficiente e competitivo\u201d<\/em>, explicou.<\/p>\n\n\n\n<h2 class=\"wp-block-heading\"><strong>Desafios nacionais<\/strong><\/h2>\n\n\n\n<p><em>\u201cA transi\u00e7\u00e3o energ\u00e9tica \u00e9 urgente, mas n\u00e3o podemos perder de vista a estrutura regulat\u00f3ria. Uma ag\u00eancia forte e funcional \u00e9 essencial para o pa\u00eds n\u00e3o deixar riqueza parada. Sem isso, a corrida tecnol\u00f3gica e o desenvolvimento mineral ficam comprometidos\u201d<\/em>, alertou.<\/p>\n\n\n\n<p>Para <strong>Carballal<\/strong>, o Brasil vive um momento de oportunidade global, impulsionado pela geologia \u201caben\u00e7oada\u201d do pa\u00eds, mas precisa transformar potencial em projetos concretos.<\/p>\n\n\n\n<p><em>\u201cUma minera\u00e7\u00e3o moderna, sustent\u00e1vel e bem regulada \u00e9 o caminho para garantir desenvolvimento econ\u00f4mico e social duradouro\u201d<\/em>, concluiu.<\/p>\n\n\n\n<p>A<strong>\u00a0OESP\u00a0<\/strong>n\u00e3o \u00e9 respons\u00e1vel por erros, incorre\u00e7\u00f5es, atrasos ou quaisquer decis\u00f5es tomadas por seus clientes com base nos Conte\u00fados ora disponibilizados, bem como tais Conte\u00fados n\u00e3o representam a opini\u00e3o da\u00a0<strong>OESP<\/strong>\u00a0e s\u00e3o de inteira responsabilidade da\u00a0<strong>Ag\u00eancia Minera Brasil<\/strong>.<\/p>\n","protected":false},"excerpt":{"rendered":"&#8220;A Bahia quer ser protagonista de uma minera\u00e7\u00e3o moderna e sustent\u00e1vel&#8221;, diz Henrique Carballal (CBPM) na Exposibram Nordeste. Oportunidade para investimentos.","protected":false},"author":17,"featured_media":118367,"comment_status":"open","ping_status":"closed","sticky":false,"template":"","format":"standard","meta":{"_acf_changed":false,"inline_featured_image":false,"_monsterinsights_skip_tracking":false,"_monsterinsights_sitenote_active":false,"_monsterinsights_sitenote_note":"","_monsterinsights_sitenote_category":0,"footnotes":""},"categories":[351],"tags":[],"class_list":["post-118363","post","type-post","status-publish","format-standard","has-post-thumbnail","hentry","category-agencia-minera-brasil"],"acf":[],"_links":{"self":[{"href":"https:\/\/bluestudio.estadao.com.br\/agencia-de-comunicacao\/wp-json\/wp\/v2\/posts\/118363","targetHints":{"allow":["GET"]}}],"collection":[{"href":"https:\/\/bluestudio.estadao.com.br\/agencia-de-comunicacao\/wp-json\/wp\/v2\/posts"}],"about":[{"href":"https:\/\/bluestudio.estadao.com.br\/agencia-de-comunicacao\/wp-json\/wp\/v2\/types\/post"}],"author":[{"embeddable":true,"href":"https:\/\/bluestudio.estadao.com.br\/agencia-de-comunicacao\/wp-json\/wp\/v2\/users\/17"}],"replies":[{"embeddable":true,"href":"https:\/\/bluestudio.estadao.com.br\/agencia-de-comunicacao\/wp-json\/wp\/v2\/comments?post=118363"}],"version-history":[{"count":1,"href":"https:\/\/bluestudio.estadao.com.br\/agencia-de-comunicacao\/wp-json\/wp\/v2\/posts\/118363\/revisions"}],"predecessor-version":[{"id":118373,"href":"https:\/\/bluestudio.estadao.com.br\/agencia-de-comunicacao\/wp-json\/wp\/v2\/posts\/118363\/revisions\/118373"}],"wp:featuredmedia":[{"embeddable":true,"href":"https:\/\/bluestudio.estadao.com.br\/agencia-de-comunicacao\/wp-json\/wp\/v2\/media\/118367"}],"wp:attachment":[{"href":"https:\/\/bluestudio.estadao.com.br\/agencia-de-comunicacao\/wp-json\/wp\/v2\/media?parent=118363"}],"wp:term":[{"taxonomy":"category","embeddable":true,"href":"https:\/\/bluestudio.estadao.com.br\/agencia-de-comunicacao\/wp-json\/wp\/v2\/categories?post=118363"},{"taxonomy":"post_tag","embeddable":true,"href":"https:\/\/bluestudio.estadao.com.br\/agencia-de-comunicacao\/wp-json\/wp\/v2\/tags?post=118363"}],"curies":[{"name":"wp","href":"https:\/\/api.w.org\/{rel}","templated":true}]}}