{"id":117923,"date":"2025-10-23T01:57:00","date_gmt":"2025-10-23T04:57:00","guid":{"rendered":"https:\/\/bluestudio.estadao.com.br\/agencia-de-comunicacao\/prnewswire\/cerimonia-de-entrega-do-premio-shaw-2025-celebrando-22-anos-de-legado-em-ciencia-e-inovacao\/"},"modified":"2025-10-23T01:57:00","modified_gmt":"2025-10-23T04:57:00","slug":"cerimonia-de-entrega-do-premio-shaw-2025-celebrando-22-anos-de-legado-em-ciencia-e-inovacao","status":"publish","type":"post","link":"https:\/\/bluestudio.estadao.com.br\/agencia-de-comunicacao\/prnewswire\/cerimonia-de-entrega-do-premio-shaw-2025-celebrando-22-anos-de-legado-em-ciencia-e-inovacao\/","title":{"rendered":"Cerim\u00f4nia de entrega do Pr\u00eamio Shaw 2025: Celebrando 22 anos de legado em ci\u00eancia e inova\u00e7\u00e3o"},"content":{"rendered":"\n<div class=\"xn-content\">\n<p><span class=\"legendSpanClass\">HONG KONG<\/span>, <span class=\"legendSpanClass\">23 de outubro de 2025<\/span> \/PRNewswire\/ &#8212; O Pr\u00eamio Shaw entregou hoje seus trof\u00e9us aos quatro laureados de 2025 durante a Cerim\u00f4nia de Entrega do Pr\u00eamio Shaw 2025, realizada no Grand Hall do Hong Kong Convention and Exhibition Centre. Aproximadamente 600 convidados de v\u00e1rios setores participaram do evento.<\/p>\n<div class=\"PRN_ImbeddedAssetReference\" id=\"DivAssetPlaceHolder3592\">\n  <a href=\"https:\/\/mma.prnewswire.com\/media\/2801844\/1S5A2124.html\" target=\"_blank\" rel=\"nofollow\"> <img decoding=\"async\" src=\"https:\/\/mma.prnewswire.com\/media\/2801844\/1S5A2124.jpg\" title=\"(Da esquerda para a direita) os professores Kenji Fukaya, Wolfgang Baumeister, Reinhard Genzel, George Efstathiou e John Richard Bond na cerim\u00f4nia de entrega do Pr\u00eamio Shaw 2025. (PRNewsfoto\/Shaw Prize)\" alt=\"(Da esquerda para a direita) os professores Kenji Fukaya, Wolfgang Baumeister, Reinhard Genzel, George Efstathiou e John Richard Bond na cerim\u00f4nia de entrega do Pr\u00eamio Shaw 2025. (PRNewsfoto\/Shaw Prize)\" \/>  <\/a>\n<\/p>\n<\/p><\/div>\n<p>Em seu discurso de abertura, o professor Kenneth Young, presidente do Conselho do Pr\u00eamio Shaw, expressou profundo pesar pelo falecimento do professor Chen-ning Yang, membro fundador do Pr\u00eamio Shaw. O professor Young destacou o papel fundamental do professor Yang na cria\u00e7\u00e3o do pr\u00eamio e sua profunda influ\u00eancia em seu desenvolvimento e proje\u00e7\u00e3o internacional. Em nome da Funda\u00e7\u00e3o Pr\u00eamio Shaw, o professor Young apresentou sinceras condol\u00eancias \u00e0 fam\u00edlia, aos amigos e \u00e0 comunidade cient\u00edfica global do professor Yang.<\/p>\n<p>Os laureados de 2025 &#8212; professores John Richard Bond, George Efstathiou, Wolfgang Baumeister e Kenji Fukaya &#8212; receberam seus pr\u00eamios das m\u00e3os do professor Reinhard Genzel, presidente do Conselho de Avaliadores. Cada Pr\u00eamio Shaw tamb\u00e9m traz um pr\u00eamio monet\u00e1rio de US$ 1,2 milh\u00e3o.<\/p>\n<p>Os professores Bond e Efstathiou, reconhecidos por seus estudos sobre flutua\u00e7\u00f5es na radia\u00e7\u00e3o c\u00f3smica de fundo em micro-ondas, relembraram sua amizade e colabora\u00e7\u00e3o de d\u00e9cadas. Eles celebraram suas conex\u00f5es pessoais e intelectuais e a rede global de colaboradores que moldou seu trabalho.<\/p>\n<p>Em seu discurso de agradecimento, o professor Baumeister &#8212; reconhecido por seu trabalho pioneiro em tomografia eletr\u00f4nica criog\u00eanica &#8212; revisitou sua trajet\u00f3ria na visualiza\u00e7\u00e3o de estruturas celulares em seu ambiente nativo, enfatizou o car\u00e1ter colaborativo das descobertas cient\u00edficas e defendeu uma ci\u00eancia sem fronteiras.<\/p>\n<p>O professor Fukaya, cujo trabalho abrange geometria Riemanniana, geometria simpl\u00e9tica e teoria de gauge, refletiu sobre o car\u00e1ter solit\u00e1rio da pesquisa matem\u00e1tica e o reconhecimento raro, por\u00e9m significativo, que ela proporciona. Ele expressou profunda gratid\u00e3o a seus colaboradores e \u00e0 sua fam\u00edlia pelo apoio incondicional ao longo de sua trajet\u00f3ria matem\u00e1tica.<\/p>\n<p>Foto &#8211; <a href=\"https:\/\/mma.prnewswire.com\/media\/2801844\/1S5A2124.jpg\" target=\"_blank\" rel=\"nofollow\">https:\/\/mma.prnewswire.com\/media\/2801844\/1S5A2124.jpg<\/a><\/p>\n<div class=\"PRN_ImbeddedAssetReference\" id=\"DivAssetPlaceHolder0\"><\/div>\n<p id=\"PURL\">\n<img loading=\"lazy\" decoding=\"async\" title=\"Cision\" width=\"12\" height=\"12\" alt=\"Cision\" src=\"https:\/\/edge.prnewswire.com\/c\/img\/favicon.png?sn=PT03276&amp;sd=2025-10-23\" \/> View original content to download multimedia:<a id=\"PRNURL\" rel=\"nofollow\" href=\"https:\/\/www.prnewswire.com\/br\/comunicados-para-a-imprensa\/cerimonia-de-entrega-do-premio-shaw-2025-celebrando-22-anos-de-legado-em-ciencia-e-inovacao-302592369.html\" target=\"_blank\">https:\/\/www.prnewswire.com\/br\/comunicados-para-a-imprensa\/cerimonia-de-entrega-do-premio-shaw-2025-celebrando-22-anos-de-legado-em-ciencia-e-inovacao-302592369.html<\/a><\/p>\n<p>FONTE Shaw Prize<\/p>\n<\/p><\/div>\n<p>  <img decoding=\"async\" alt=\"\" src=\"https:\/\/rt.prnewswire.com\/rt.gif?NewsItemId=PT03276&amp;Transmission_Id=202510230050PR_NEWS_LATAM____PT03276&amp;DateId=20251023\" style=\"border:0px;width:1px;height:1px\" \/><\/p>\n<p><strong>T\u00f3picos Relacionados:<\/strong> Educa\u00e7\u00e3o, Pr\u00eamios, Sa\u00fade\/Hospitais, STEM (Ci\u00eancia, Tecnologia, Engenharia, Matem\u00e1tica), Servi\u00e7os Banc\u00e1rios\/Financeiros, Computador\/Eletr\u00f4nica<\/p>\n<p>A <b>OESP<\/b> n\u00e3o \u00e9(s\u00e3o) respons\u00e1vel(is) por erros, incorre\u00e7\u00f5es, atrasos ou quaisquer decis\u00f5es tomadas por seus clientes com base nos Conte\u00fados ora disponibilizados, bem como tais Conte\u00fados n\u00e3o representam a opini\u00e3o da <b>OESP<\/b> e s\u00e3o de inteira responsabilidade da <b>PR Newswire Ltda<\/b><\/p>\n","protected":false},"excerpt":{"rendered":"HONG KONG, 23 de outubro de 2025 \/PRNewswire\/ &#8212; O Pr\u00eamio Shaw entregou hoje seus trof\u00e9us aos quatro laureados de 2025 durante a Cerim\u00f4nia de Entrega do Pr\u00eamio Shaw 2025, realizada no Grand","protected":false},"author":1,"featured_media":117924,"comment_status":"open","ping_status":"closed","sticky":false,"template":"","format":"standard","meta":{"_acf_changed":false,"inline_featured_image":false,"_monsterinsights_skip_tracking":false,"_monsterinsights_sitenote_active":false,"_monsterinsights_sitenote_note":"","_monsterinsights_sitenote_category":0,"footnotes":""},"categories":[27],"tags":[3588,3589],"class_list":["post-117923","post","type-post","status-publish","format-standard","has-post-thumbnail","hentry","category-prnewswire","tag-o-premio-shaw-entregou-hoje-seus-trofeus-aos-quatro-laureados-de-2025-durante-a-cerimonia-de-entrega-do-premio-shaw-2025","tag-realizada-no-grand-hall-do-hong-kong-convention-and-exhib"],"acf":[],"_links":{"self":[{"href":"https:\/\/bluestudio.estadao.com.br\/agencia-de-comunicacao\/wp-json\/wp\/v2\/posts\/117923","targetHints":{"allow":["GET"]}}],"collection":[{"href":"https:\/\/bluestudio.estadao.com.br\/agencia-de-comunicacao\/wp-json\/wp\/v2\/posts"}],"about":[{"href":"https:\/\/bluestudio.estadao.com.br\/agencia-de-comunicacao\/wp-json\/wp\/v2\/types\/post"}],"author":[{"embeddable":true,"href":"https:\/\/bluestudio.estadao.com.br\/agencia-de-comunicacao\/wp-json\/wp\/v2\/users\/1"}],"replies":[{"embeddable":true,"href":"https:\/\/bluestudio.estadao.com.br\/agencia-de-comunicacao\/wp-json\/wp\/v2\/comments?post=117923"}],"version-history":[{"count":0,"href":"https:\/\/bluestudio.estadao.com.br\/agencia-de-comunicacao\/wp-json\/wp\/v2\/posts\/117923\/revisions"}],"wp:featuredmedia":[{"embeddable":true,"href":"https:\/\/bluestudio.estadao.com.br\/agencia-de-comunicacao\/wp-json\/wp\/v2\/media\/117924"}],"wp:attachment":[{"href":"https:\/\/bluestudio.estadao.com.br\/agencia-de-comunicacao\/wp-json\/wp\/v2\/media?parent=117923"}],"wp:term":[{"taxonomy":"category","embeddable":true,"href":"https:\/\/bluestudio.estadao.com.br\/agencia-de-comunicacao\/wp-json\/wp\/v2\/categories?post=117923"},{"taxonomy":"post_tag","embeddable":true,"href":"https:\/\/bluestudio.estadao.com.br\/agencia-de-comunicacao\/wp-json\/wp\/v2\/tags?post=117923"}],"curies":[{"name":"wp","href":"https:\/\/api.w.org\/{rel}","templated":true}]}}